{"id":262125,"date":"2026-08-26T06:06:35","date_gmt":"2026-08-26T06:06:35","guid":{"rendered":"https:\/\/www.europesays.com\/lt\/262125\/"},"modified":"2026-08-26T06:06:35","modified_gmt":"2026-08-26T06:06:35","slug":"litgrid-didmenine-elektros-kaina-lietuvoje-ir-latvijoje-per-savaite-soktelejo-84-proc","status":"publish","type":"post","link":"https:\/\/www.europesays.com\/lt\/262125\/","title":{"rendered":"\u201eLitgrid\u201c: didmenin\u0117 elektros kaina Lietuvoje ir Latvijoje per savait\u0119 \u0161oktel\u0117jo 84 proc."},"content":{"rendered":"<p>Ma\u017eesn\u0117 atsinaujinan\u010di\u0173 i\u0161tekli\u0173 gamyba ir brangusi elektra kaimynin\u0117se rinkose pra\u0117jusi\u0105 savait\u0119 84 proc. i\u0161augino didmenin\u0119 elektros kain\u0105 Lietuvoje \u2013 ji siek\u0117 124 eurus u\u017e megavatvaland\u0119 (MWh), pirmadien\u012f prane\u0161\u0117 \u201eLitgrid\u201c.<\/p>\n<p>Latvijoje elektros kaina buvo tokia pati kaip Lietuvoje, o Estijoje siek\u0117 93 Eur\/MWh.<\/p>\n<p>Pasak \u201eLitgrid\u201c Rinkos pl\u0117tros skyriaus vadovo Deivido \u0160ik\u0161nio, kain\u0173 \u0161uol\u012f Baltijos \u0161alyse daugiausia l\u0117m\u0117 savait\u0117s prad\u017eioje sumenkusi v\u0117jo ir saul\u0117s elektrini\u0173 generacija, taip pat auk\u0161tos kainos kaimynin\u0117se rinkose.<\/p>\n<p>\u201eD\u0117l ma\u017eos v\u0117jo ir saul\u0117s elektrini\u0173 gamybos elektros kainos kilo visoje Europoje, o antradien\u012f Lietuvoje ir Latvijoje buvo vienos auk\u0161\u010diausi\u0173 \u017eemyne. Nors v\u0117jo elektrini\u0173 gamyba Lietuvoje i\u0161liko stabili ir siek\u0117 105 GWh, saul\u0117s elektrini\u0173 generacija suma\u017e\u0117jo tre\u010ddaliu iki 62 GWh. D\u0117l to bendra vietin\u0117 elektros gamyba per savait\u0119 sumenko 15 proc. iki 203 GWh, o importo poreikis i\u0161augo 27 proc. iki 84 GWh\u201c, \u2013 prane\u0161ime cituojamas D. \u0160ik\u0161nys.<\/p>\n<p>Tiesa, savaitgal\u012f audringi orai padidino v\u0117jo generacij\u0105, taip prisid\u0117dami prie ma\u017eesni\u0173 kain\u0173, ta\u010diau to, pasak D. \u0160ik\u0161nio, nepakako kompensuoti savait\u0117s prad\u017eioje susidariusio kain\u0173 \u0161uolio, tod\u0117l vidutin\u0117 savait\u0117s elektros kaina Lietuvoje pakilo 84 proc.<\/p>\n<p>Elektros poreikis Lietuvoje pra\u0117jusi\u0105 savait\u0119 padid\u0117jo 3 proc. iki 242 gigavatvaland\u017ei\u0173 (GWh), o vietos elektrin\u0117s \u0161alyje u\u017etikrino 84 proc. \u0161alies poreikio.<\/p>\n<p>Daugiausia elektros energijos per savait\u0119 gamino v\u0117jo j\u0117gain\u0117s, u\u017etikrinusios 52 proc. vietin\u0117s gamybos. Saul\u0117s elektrin\u0117s sugeneravo 30 proc. elektros energijos, hidroelektrin\u0117s \u2013 5 proc., \u0161ilumin\u0117s j\u0117gain\u0117s \u2013 7 proc., o kitos elektrin\u0117s \u2013 6 proc.<\/p>\n<p>Bendras importo kiekis padid\u0117jo 27 proc. iki 84 GWh. \u201eLitgrid\u201c duomenimis, 50 proc. buvo importuota i\u0161 \u0160vedijos, 40 proc. \u2013 i\u0161 Latvijos, dar 10 proc. \u2013 i\u0161 Lenkijos.<\/p>\n<p>Eksporto srautai i\u0161 Lietuvos suma\u017e\u0117jo 21 proc. iki 53 GWh. 43 proc. eksporto i\u0161 Lietuvos buvo nukreipti \u012f \u0160vedij\u0105, 38 proc. \u2013 \u012f Lenkij\u0105, o lik\u0119 19 proc. \u2013 \u012f Latvij\u0105.<\/p>\n<p>\u201eLitPol Link\u201c jungties pralaidumas Lenkijos kryptimi siek\u0117 60 proc. Lietuvos \u2013 30 proc. \u201eNordBalt\u201c pralaidumo i\u0161naudojimas buvo 19 proc. \u0160vedijos kryptimi ir 36 proc. Lietuvos kryptimi.<\/p>\n<p>\t\t\t\t\t\t\t\t\t\t\t\t <img decoding=\"async\" src=\"https:\/\/www.europesays.com\/lt\/wp-content\/uploads\/2026\/08\/1787724395_935_elta.png\"\/><\/p>\n","protected":false},"excerpt":{"rendered":"Ma\u017eesn\u0117 atsinaujinan\u010di\u0173 i\u0161tekli\u0173 gamyba ir brangusi elektra kaimynin\u0117se rinkose pra\u0117jusi\u0105 savait\u0119 84 proc. i\u0161augino didmenin\u0119 elektros kain\u0105 Lietuvoje&hellip;\n","protected":false},"author":2,"featured_media":262126,"comment_status":"","ping_status":"","sticky":false,"template":"","format":"standard","meta":{"footnotes":"","_share_on_mastodon":"0"},"categories":[17],"tags":[81,543,37,39,36,38,40,46],"class_list":["post-262125","post","type-post","status-publish","format-standard","has-post-thumbnail","category-verslas","tag-business","tag-elektra","tag-lietuva","tag-lietuviu","tag-lithuania","tag-lithuanian","tag-lt","tag-verslas"],"share_on_mastodon":{"url":"https:\/\/pubeurope.com\/@lt\/117160312486910227","error":""},"_links":{"self":[{"href":"https:\/\/www.europesays.com\/lt\/wp-json\/wp\/v2\/posts\/262125","targetHints":{"allow":["GET"]}}],"collection":[{"href":"https:\/\/www.europesays.com\/lt\/wp-json\/wp\/v2\/posts"}],"about":[{"href":"https:\/\/www.europesays.com\/lt\/wp-json\/wp\/v2\/types\/post"}],"author":[{"embeddable":true,"href":"https:\/\/www.europesays.com\/lt\/wp-json\/wp\/v2\/users\/2"}],"replies":[{"embeddable":true,"href":"https:\/\/www.europesays.com\/lt\/wp-json\/wp\/v2\/comments?post=262125"}],"version-history":[{"count":0,"href":"https:\/\/www.europesays.com\/lt\/wp-json\/wp\/v2\/posts\/262125\/revisions"}],"wp:featuredmedia":[{"embeddable":true,"href":"https:\/\/www.europesays.com\/lt\/wp-json\/wp\/v2\/media\/262126"}],"wp:attachment":[{"href":"https:\/\/www.europesays.com\/lt\/wp-json\/wp\/v2\/media?parent=262125"}],"wp:term":[{"taxonomy":"category","embeddable":true,"href":"https:\/\/www.europesays.com\/lt\/wp-json\/wp\/v2\/categories?post=262125"},{"taxonomy":"post_tag","embeddable":true,"href":"https:\/\/www.europesays.com\/lt\/wp-json\/wp\/v2\/tags?post=262125"}],"curies":[{"name":"wp","href":"https:\/\/api.w.org\/{rel}","templated":true}]}}