{"id":26218,"date":"2025-10-27T06:14:10","date_gmt":"2025-10-27T06:14:10","guid":{"rendered":"https:\/\/www.europesays.com\/lt\/26218\/"},"modified":"2025-10-27T06:14:10","modified_gmt":"2025-10-27T06:14:10","slug":"karas-ukrainoje-the-economist-putinas-keicia-taktika-kare-delfi","status":"publish","type":"post","link":"https:\/\/www.europesays.com\/lt\/26218\/","title":{"rendered":"Karas Ukrainoje. \u201eThe Economist\u201c: Putinas kei\u010dia taktik\u0105 kare &#8211; Delfi"},"content":{"rendered":"<ol>\n<li><a href=\"https:\/\/news.google.com\/rss\/articles\/CBMiqAFBVV95cUxQVzBTbEFGeXN4TmpoUHhhZFVZMVFhTW1XdmpqSWRZWmFzWWJCbGpzMW5zYjBNUmtJdHhuRXE5MDY3NDBmekFKdG53Rl9MWDJSRExWdWRlNkhWVHVzWTRUdXBOQUh2aFV5UENsSkJZcldPZU1RMFRVMVlyMUFzdkZPWFp3YUVMWkRuZ05UZHE0LUZzRWRiRG44YkxiTklpR2Z3dmswMlhRQnQ?oc=5\" target=\"_blank\" rel=\"nofollow noopener\">Karas Ukrainoje. \u201eThe Economist\u201c: Putinas kei\u010dia taktik\u0105 kare<\/a>&nbsp;&nbsp;Delfi<\/li>\n<li><a href=\"https:\/\/news.google.com\/rss\/articles\/CBMiugFBVV95cUxOM2MwdzVzRjFuVUhuMy10eXAzVHd1ZE5xZm91UkZCMnRCcksza29UVmdqVHdiTm9ZTEZBMldkbE4xMDJQRjg2VENFUTZQbVJ5MzhTc0tDeW5GYkFYcmpoOFN2VFdKdUxWTzJZYjFETjhtU1hDMjN3RE0wc2tHbDZWak1wWVlwSF9ONlc5bVMyUnppMTRfM0ktZjdNb1Fvbmw1SlZ6a0Z4WXBCUkJIMTVzVU9jcmJJTjlIUkE?oc=5\" target=\"_blank\" rel=\"nofollow noopener\">Per Rusijos dron\u0173 atak\u0105 Kyjive \u017euvo 3 \u017emon\u0117s, su\u017eeisti vaikai<\/a>&nbsp;&nbsp;15min.lt<\/li>\n<li><a href=\"https:\/\/news.google.com\/rss\/articles\/CBMi6gFBVV95cUxQM21UNFBfcHdpVWNsM3U4NXR6S2dqblNnNGVHRmFnS1NjNFVKWHMwWEc3Ymp0bzIxNjI1c3ptcktaQThtSWtMUVdVaXAzWmxGMjdHR2t1MFY4TlNjTXZVZHBESmhvMjF0X1lINzhsbmdyU1VmTVNZMXhLN2Q3T0Vmd3ZRdWR1Q3k1N3hQLW9RaExMaC1JNFlBc2txQXlKTHJtWGs3Q2NiUFpQMWVRdVRhSDJhbHBCWlRxWG83bTVfdVpOb2FZZGZNWGw0ekJiUDVvM2V2MzdQR3ExQ3hxcHV6eUJBQUxSTWFkUmc?oc=5\" target=\"_blank\" rel=\"nofollow noopener\">Rusai toliau \u0161altakrauji\u0161kai atakuoja Ukrain\u0105: Kyjive kelios de\u0161imtys su\u017eeist\u0173, 6 i\u0161 j\u0173 \u2013 vaikai<\/a>&nbsp;&nbsp;Lrytas<\/li>\n<li><a href=\"https:\/\/news.google.com\/rss\/articles\/CBMi8gFBVV95cUxQWWZkeEtLSUxyYk9YbEV3RlBSR29ZTzVVV0w2VXlzTk9MUm9qVFpOZlhpUGZjMGRzU1daNnJvQ29yVV9nS3NuUXBfeVlaOUQycC1SV3o5NmtNWW42VUpFSGZHb1FuVmtyRExSTGZ6aXRZVkQ1VUpXeUlfXy1EdmZVVXk5LV9VRlg0NGxKLXIycG9CUHVuaGFsd2VnMDh3cXVtUy1Zc2V6MXc4bXA5MWllWmdFcFZ2UVEwMGgwUXphNVBPWmZpSzAxeExLRm1Tb0szM1hPd2t1SUxUb0FPUWVCamFndlp6SDZScXI3M085eFk1dw?oc=5\" target=\"_blank\" rel=\"nofollow noopener\">Sm\u016bgis Kyjivui: trys \u017emon\u0117s \u017euvo, su\u017eeist\u0173j\u0173 skai\u010dius i\u0161augo iki 31, tarp j\u0173 \u2013 septyni vaikai<\/a>&nbsp;&nbsp;Kauno diena<\/li>\n<li><a href=\"https:\/\/news.google.com\/rss\/articles\/CBMi0wFBVV95cUxOaFJDd1hBbkNmTHMwTXlOYTRmSHl0cF9sNFY0Q2FYaU1BN2xtclliMjNzWmJJM0xZQlo3WEpXT1VrNFllVUV3aUJub1QxMHB6WHJfVzdXZjVJRTVVYmYyUmNiSkRmZ1NVOW5FY2R2Y0J6OHRNQWVtMnh1U2ljZDE1QWYtcXVXRGo0ODA0bTg3ZWxXX1JVanNzVEhPWnZGSkRLTFVKMXF0RjRISFZ2S2piUDlIMjdST3EtVFJYOXJjUlVnRFVseE5GSk8tTmlMckI0YUhB?oc=5\" target=\"_blank\" rel=\"nofollow noopener\">Kyjive besilankan\u010diai Vokietijos ekonomikos ministrei per antskryd\u012f teko sl\u0117ptis bunkeryje<\/a>&nbsp;&nbsp;Etaplius<\/li>\n<\/ol>\n","protected":false},"excerpt":{"rendered":"Karas Ukrainoje. \u201eThe Economist\u201c: Putinas kei\u010dia taktik\u0105 kare&nbsp;&nbsp;Delfi Per Rusijos dron\u0173 atak\u0105 Kyjive \u017euvo 3 \u017emon\u0117s, su\u017eeisti vaikai&nbsp;&nbsp;15min.lt&hellip;\n","protected":false},"author":2,"featured_media":26219,"comment_status":"","ping_status":"","sticky":false,"template":"","format":"standard","meta":{"footnotes":""},"categories":[15],"tags":[25,30,31,34,35,24,121,32,33,37,39,36,38,40,23,22,44,28,29,1450,26,27,74,75,76],"class_list":{"0":"post-26218","1":"post","2":"type-post","3":"status-publish","4":"format-standard","5":"has-post-thumbnail","7":"category-pasaulis","8":"tag-antrastes","9":"tag-breaking-news","10":"tag-breakingnews","11":"tag-featured-news","12":"tag-featurednews","13":"tag-headlines","14":"tag-karas-ukrainoje","15":"tag-latest-news","16":"tag-latestnews","17":"tag-lietuva","18":"tag-lietuviu","19":"tag-lithuania","20":"tag-lithuanian","21":"tag-lt","22":"tag-naujienos","23":"tag-news","24":"tag-pasaulis","25":"tag-populiariausios-naujienos","26":"tag-populiariausiosnaujienos","27":"tag-rusijos-karas-ukrainoje","28":"tag-top-stories","29":"tag-topstories","30":"tag-world","31":"tag-world-news","32":"tag-worldnews"},"share_on_mastodon":{"url":"https:\/\/pubeurope.com\/@lt\/115444663294446010","error":""},"_links":{"self":[{"href":"https:\/\/www.europesays.com\/lt\/wp-json\/wp\/v2\/posts\/26218","targetHints":{"allow":["GET"]}}],"collection":[{"href":"https:\/\/www.europesays.com\/lt\/wp-json\/wp\/v2\/posts"}],"about":[{"href":"https:\/\/www.europesays.com\/lt\/wp-json\/wp\/v2\/types\/post"}],"author":[{"embeddable":true,"href":"https:\/\/www.europesays.com\/lt\/wp-json\/wp\/v2\/users\/2"}],"replies":[{"embeddable":true,"href":"https:\/\/www.europesays.com\/lt\/wp-json\/wp\/v2\/comments?post=26218"}],"version-history":[{"count":0,"href":"https:\/\/www.europesays.com\/lt\/wp-json\/wp\/v2\/posts\/26218\/revisions"}],"wp:featuredmedia":[{"embeddable":true,"href":"https:\/\/www.europesays.com\/lt\/wp-json\/wp\/v2\/media\/26219"}],"wp:attachment":[{"href":"https:\/\/www.europesays.com\/lt\/wp-json\/wp\/v2\/media?parent=26218"}],"wp:term":[{"taxonomy":"category","embeddable":true,"href":"https:\/\/www.europesays.com\/lt\/wp-json\/wp\/v2\/categories?post=26218"},{"taxonomy":"post_tag","embeddable":true,"href":"https:\/\/www.europesays.com\/lt\/wp-json\/wp\/v2\/tags?post=26218"}],"curies":[{"name":"wp","href":"https:\/\/api.w.org\/{rel}","templated":true}]}}