{"id":262285,"date":"2026-08-26T10:28:23","date_gmt":"2026-08-26T10:28:23","guid":{"rendered":"https:\/\/www.europesays.com\/lt\/262285\/"},"modified":"2026-08-26T10:28:23","modified_gmt":"2026-08-26T10:28:23","slug":"baigtas-svarbus-santakos-tilto-statybu-etapas-plienine-perdanga-sujunge-upes-krantus","status":"publish","type":"post","link":"https:\/\/www.europesays.com\/lt\/262285\/","title":{"rendered":"Baigtas svarbus Santakos tilto statyb\u0173 etapas: plienin\u0117 perdanga sujung\u0117 up\u0117s krantus"},"content":{"rendered":"<p>Tarp U\u017enemun\u0117s ir Brastos gatvi\u0173 statomas <a href=\"https:\/\/kaunas.kasvyksta.lt\/santakos-tiltas\" title=\"Santakos tiltas\" rel=\"nofollow noopener\" target=\"_blank\">Santakos tiltas<\/a> sulauk\u0117 dar vieno svarbaus etapo fini\u0161o \u2013 6,5 t\u016bkst. ton\u0173 sverianti plienin\u0117 perdanga pasiek\u0117 abu Nemuno krantus. Ji sujungs tunel\u012f su viaduku ir kitapus \u012frengt\u0105 jungiam\u0105j\u012f keli\u0105 \u017eiedin\u0117s sankry\u017eos link. Rangovai atverti eism\u0105 naujuoju tiltu planuoja iki met\u0173 pabaigos, prane\u0161a Kauno savivaldyb\u0117.<\/p>\n<p>Santakos tilto statyba tarp U\u017enemun\u0117s ir Brastos gatvi\u0173 vyksta pagal plan\u0105. 6,5 t\u016bkst. tonas sverianti plienin\u0117 perdanga sujung\u0117 Nemuno krantus.<\/p>\n<p>Jos suvirinimas ir \u201eu\u017etraukimas\u201c ant atram\u0173 u\u017etruko dvejus metus. Prie proceso prisid\u0117jo 100 darbuotoj\u0173. Darb\u0173 atlikimo precizi\u0161kumu r\u016bpinosi de\u0161imties in\u017einieri\u0173 komanda.<\/p>\n<p><img decoding=\"async\" width=\"720\" height=\"405\" loading=\"lazy\" src=\"https:\/\/www.europesays.com\/lt\/wp-content\/uploads\/2026\/08\/perdanga-6a8d936c8f2c7.jpg@webp.webp\" class=\"w-auto h-auto\" alt=\"Perdanga\"\/><\/p>\n<p>Perdanga \/ Kauno sav. nuotr.<\/p>\n<p>Statybviet\u0117je liko u\u017ebaigti tilto prieig\u0173 atramini\u0173 sien\u0173 betonavimo, saugumo priemoni\u0173 instaliavimo ir architekt\u016brini\u0173 element\u0173 pritvirtinimo darbus.<\/p>\n<p>Statomas 417 metr\u0173 ilgio Santakos tiltas i\u0161 viso tur\u0117s keturias eismo juostas, taip pat p\u0117s\u010di\u0173j\u0173 ir dvira\u010di\u0173 takus. Nuo jo atsivers vaizdinga miesto panorama.<\/p>\n<p>Abipus Nemuno krant\u0173 tilt\u0105 sujungs dvi sankry\u017eos: Brastos g. pus\u0117je \u2013 \u017eiedin\u0117 dviej\u0173 eismo juost\u0173, o U\u017enemun\u0117s g. nepertraukiam\u0105 eism\u0105 u\u017etikrins tunelis ir viadukas.<\/p>\n<p>Rangovai u\u017ebaigti pagrindinius darbus ir atverti eism\u0105 planuoja iki met\u0173 pabaigos.<\/p>\n","protected":false},"excerpt":{"rendered":"Tarp U\u017enemun\u0117s ir Brastos gatvi\u0173 statomas Santakos tiltas sulauk\u0117 dar vieno svarbaus etapo fini\u0161o \u2013 6,5 t\u016bkst. ton\u0173&hellip;\n","protected":false},"author":2,"featured_media":262286,"comment_status":"","ping_status":"","sticky":false,"template":"","format":"standard","meta":{"footnotes":"","_share_on_mastodon":"0"},"categories":[13],"tags":[25,30,31,34,35,24,1061,25357,32,33,37,39,36,38,40,23,22,28,29,37585,2822,26,27],"class_list":["post-262285","post","type-post","status-publish","format-standard","has-post-thumbnail","category-lietuva","tag-antrastes","tag-breaking-news","tag-breakingnews","tag-featured-news","tag-featurednews","tag-headlines","tag-kaunas","tag-kedainiu-tiltas","tag-latest-news","tag-latestnews","tag-lietuva","tag-lietuviu","tag-lithuania","tag-lithuanian","tag-lt","tag-naujienos","tag-news","tag-populiariausios-naujienos","tag-populiariausiosnaujienos","tag-santakos-tiltas","tag-statybos","tag-top-stories","tag-topstories"],"share_on_mastodon":{"url":"https:\/\/pubeurope.com\/@lt\/117161342665456635","error":""},"_links":{"self":[{"href":"https:\/\/www.europesays.com\/lt\/wp-json\/wp\/v2\/posts\/262285","targetHints":{"allow":["GET"]}}],"collection":[{"href":"https:\/\/www.europesays.com\/lt\/wp-json\/wp\/v2\/posts"}],"about":[{"href":"https:\/\/www.europesays.com\/lt\/wp-json\/wp\/v2\/types\/post"}],"author":[{"embeddable":true,"href":"https:\/\/www.europesays.com\/lt\/wp-json\/wp\/v2\/users\/2"}],"replies":[{"embeddable":true,"href":"https:\/\/www.europesays.com\/lt\/wp-json\/wp\/v2\/comments?post=262285"}],"version-history":[{"count":0,"href":"https:\/\/www.europesays.com\/lt\/wp-json\/wp\/v2\/posts\/262285\/revisions"}],"wp:featuredmedia":[{"embeddable":true,"href":"https:\/\/www.europesays.com\/lt\/wp-json\/wp\/v2\/media\/262286"}],"wp:attachment":[{"href":"https:\/\/www.europesays.com\/lt\/wp-json\/wp\/v2\/media?parent=262285"}],"wp:term":[{"taxonomy":"category","embeddable":true,"href":"https:\/\/www.europesays.com\/lt\/wp-json\/wp\/v2\/categories?post=262285"},{"taxonomy":"post_tag","embeddable":true,"href":"https:\/\/www.europesays.com\/lt\/wp-json\/wp\/v2\/tags?post=262285"}],"curies":[{"name":"wp","href":"https:\/\/api.w.org\/{rel}","templated":true}]}}