{"id":26272,"date":"2025-10-27T07:51:26","date_gmt":"2025-10-27T07:51:26","guid":{"rendered":"https:\/\/www.europesays.com\/lt\/26272\/"},"modified":"2025-10-27T07:51:26","modified_gmt":"2025-10-27T07:51:26","slug":"cia-nera-geras-signalas-ivertino-kaip-du-pokyciai-paveiks-busto-rinka-verslas","status":"publish","type":"post","link":"https:\/\/www.europesays.com\/lt\/26272\/","title":{"rendered":"\u201e\u010cia n\u0117ra geras signalas\u201c: \u012fvertino, kaip du poky\u010diai paveiks b\u016bsto rink\u0105 | Verslas"},"content":{"rendered":"<p>\u201eYpa\u010d tai svarbu pirmo b\u016bsto pirk\u0117jams \u2013 da\u017eniausiai jauniems \u017emon\u0117ms, kuriems did\u017eiausias i\u0161\u0161\u016bkis yra sukaupti pradin\u012f \u012fna\u0161\u0105, tod\u0117l ma\u017einame jiems taikom\u0105 pradinio \u012fna\u0161o reikalavim\u0105\u201c, \u2013 sako Lietuvos banko valdybos pirmininkas Gediminas \u0160imkus.<\/p>\n<p><a href=\"https:\/\/s1.15min.lt\/images\/photos\/2025\/06\/06\/original\/tarptautinio-valiutos-fondo-misijos-lietuvioje-isvadu-pristatymas-6842b461e811c.jpg\" rel=\"content-image nofollow noopener\" title=\"Gediminas \u0160imkus\" target=\"_blank\"><img decoding=\"async\" alt=\"Gediminas \u0160imkus\" rel=\"content-image\" src=\"https:\/\/www.europesays.com\/lt\/wp-content\/uploads\/2025\/10\/tarptautinio-valiutos-fondo-misijos-lietuvioje-isvadu-pristatymas-6842b461e811c.jpg\" style=\"width: auto; height: auto;\"\/><\/a><\/p>\n<p>Gediminas \u0160imkus<\/p>\n<p>Antrojo ir paskesnio NT pirk\u0117jams, negr\u0105\u017einus pirmosios paskolos, reik\u0117s sukaupti 30 proc. pradin\u0117s turto kainos.<\/p>\n<p>\u0160ias Atsakingo skolinimosi nuostat\u0173 korekcijas Lietuvos bankas pristat\u0117 spalio 24 d. Pakeitimai \u012fsigalios nuo 2026 m. rugpj\u016b\u010dio 1 d.<\/p>\n<p>Kit\u0105met lauks ir dar vienas svarbus pokytis \u2013 pavyzd\u017eiui, galimyb\u0117 i\u0161siimti II pensij\u0173 pakopoje sukauptus pinigus.<\/p>\n<p>Kaip visa tai paveiks NT rink\u0105?<\/p>\n<p>Kiti metai i\u0161siskirs Lietuvos b\u016bsto rinkos istorijoje        <\/p>\n","protected":false},"excerpt":{"rendered":"\u201eYpa\u010d tai svarbu pirmo b\u016bsto pirk\u0117jams \u2013 da\u017eniausiai jauniems \u017emon\u0117ms, kuriems did\u017eiausias i\u0161\u0161\u016bkis yra sukaupti pradin\u012f \u012fna\u0161\u0105, tod\u0117l&hellip;\n","protected":false},"author":2,"featured_media":26273,"comment_status":"","ping_status":"","sticky":false,"template":"","format":"standard","meta":{"footnotes":""},"categories":[13],"tags":[25,30,31,34,35,24,32,33,37,39,36,38,40,23,22,28,29,26,27],"class_list":{"0":"post-26272","1":"post","2":"type-post","3":"status-publish","4":"format-standard","5":"has-post-thumbnail","7":"category-lietuva","8":"tag-antrastes","9":"tag-breaking-news","10":"tag-breakingnews","11":"tag-featured-news","12":"tag-featurednews","13":"tag-headlines","14":"tag-latest-news","15":"tag-latestnews","16":"tag-lietuva","17":"tag-lietuviu","18":"tag-lithuania","19":"tag-lithuanian","20":"tag-lt","21":"tag-naujienos","22":"tag-news","23":"tag-populiariausios-naujienos","24":"tag-populiariausiosnaujienos","25":"tag-top-stories","26":"tag-topstories"},"share_on_mastodon":{"url":"https:\/\/pubeurope.com\/@lt\/115445044814191889","error":""},"_links":{"self":[{"href":"https:\/\/www.europesays.com\/lt\/wp-json\/wp\/v2\/posts\/26272","targetHints":{"allow":["GET"]}}],"collection":[{"href":"https:\/\/www.europesays.com\/lt\/wp-json\/wp\/v2\/posts"}],"about":[{"href":"https:\/\/www.europesays.com\/lt\/wp-json\/wp\/v2\/types\/post"}],"author":[{"embeddable":true,"href":"https:\/\/www.europesays.com\/lt\/wp-json\/wp\/v2\/users\/2"}],"replies":[{"embeddable":true,"href":"https:\/\/www.europesays.com\/lt\/wp-json\/wp\/v2\/comments?post=26272"}],"version-history":[{"count":0,"href":"https:\/\/www.europesays.com\/lt\/wp-json\/wp\/v2\/posts\/26272\/revisions"}],"wp:featuredmedia":[{"embeddable":true,"href":"https:\/\/www.europesays.com\/lt\/wp-json\/wp\/v2\/media\/26273"}],"wp:attachment":[{"href":"https:\/\/www.europesays.com\/lt\/wp-json\/wp\/v2\/media?parent=26272"}],"wp:term":[{"taxonomy":"category","embeddable":true,"href":"https:\/\/www.europesays.com\/lt\/wp-json\/wp\/v2\/categories?post=26272"},{"taxonomy":"post_tag","embeddable":true,"href":"https:\/\/www.europesays.com\/lt\/wp-json\/wp\/v2\/tags?post=26272"}],"curies":[{"name":"wp","href":"https:\/\/api.w.org\/{rel}","templated":true}]}}