{"id":262877,"date":"2026-08-27T06:36:35","date_gmt":"2026-08-27T06:36:35","guid":{"rendered":"https:\/\/www.europesays.com\/lt\/262877\/"},"modified":"2026-08-27T06:36:35","modified_gmt":"2026-08-27T06:36:35","slug":"planuojantiems-skrydzius-is-kauno-pokyciai-nebeliks-dvieju-marsrutu","status":"publish","type":"post","link":"https:\/\/www.europesays.com\/lt\/262877\/","title":{"rendered":"Planuojantiems skryd\u017eius i\u0161 Kauno \u2013 poky\u010diai: nebeliks dviej\u0173 mar\u0161rut\u0173"},"content":{"rendered":"<p>Pigi\u0173 skryd\u017ei\u0173 bendrov\u0117 \u201eRyanair\u201c planuoja nauj\u0105 \u017eiemos sezono skryd\u017ei\u0173 tvarkara\u0161t\u012f, kuriame nebeliks dviej\u0173 reguliari\u0173 kryp\u010di\u0173 i\u0161 Kauno oro uosto.<\/p>\n<p>Nuo spalio pabaigos keleiviai nebegal\u0117s tiesiogiai skristi \u012f Ispanijos sostin\u0119 Madrid\u0105 ir Italijos Adrijos j\u016bros pakrant\u0117je esant\u012f Peskaros miest\u0105.<\/p>\n<p>Kartu su \u017eiemos sezono prad\u017eia, kaip \u012fprasta, laikinai stabdomi ir <a href=\"https:\/\/kaunas.kasvyksta.lt\/skrydziai\" title=\"Skryd\u017eiai\" rel=\"nofollow noopener\" target=\"_blank\">skryd\u017eiai<\/a> \u012f dal\u012f vasaros atostog\u0173 kryp\u010di\u0173 \u2013 populiarius Europos kurortus, kuri\u0173 paklausa \u0161altuoju met\u0173 laiku tradici\u0161kai suma\u017e\u0117ja.<\/p>\n<p>Kaip naujien\u0173 portalui Lrytas komentavo Lietuvos oro uost\u0173 Skryd\u017ei\u0173 vystymo skyriaus vadov\u0117 R\u016bta Sinkevi\u010di\u016bt\u0117, \u0161iuo metu planuojamame \u201eRyanair\u201c \u017eiemos sezono tvarkara\u0161tyje skryd\u017eiai i\u0161 Kauno \u012f Madrid\u0105 ir Peskar\u0105 n\u0117ra numatyti.<\/p>\n<p>Vis d\u0117lto, anot jos, tai yra konkretaus sezono tvarkara\u0161\u010dio pokytis, tod\u0117l \u0161iuo metu neb\u016bt\u0173 pagrindo teigti, kad \u0161i\u0173 kryp\u010di\u0173 atsisakoma visam laikui.<\/p>\n<p>Be to, pasak R. Sinkevien\u0117s, oro bendrov\u0117s savo mar\u0161rut\u0173 tinkl\u0105 ir skryd\u017ei\u0173 da\u017enius per\u017ei\u016bri kiekvien\u0105 sezon\u0105.<\/p>\n<p>\u201eSprendimus d\u0117l konkre\u010di\u0173 mar\u0161rut\u0173 ir j\u0173 da\u017eni\u0173 priima pa\u010dios oro bendrov\u0117s. Vertinant vis\u0105 \u0161iuo metu planuojam\u0105 \u201eRyanair\u201c \u017eiemos sezono skryd\u017ei\u0173 tvarkara\u0161t\u012f Kaune, bendrov\u0117s skryd\u017ei\u0173 pasi\u016bla i\u0161lieka didel\u0117 \u2013 ma\u017eesn\u012f skryd\u017ei\u0173 skai\u010di\u0173 ar j\u0173 vienomis kryptimis kompensuoja didesni da\u017eniai kitomis kryptimis.<\/p>\n<p>Tad bendras \u0161iuo metu planuojamo \u017eiemos sezono vaizdas nerodo \u201eRyanair\u201c veiklos ma\u017e\u0117jimo Kauno oro uoste, atvirk\u0161\u010diai \u201eRyanair\u201c skryd\u017ei\u0173 \u0161i\u0105 \u017eiem\u0105 i\u0161 Kauno bus vykdoma 6 proc. daugiau nei pra\u0117jusi\u0173 met\u0173\u201c, \u2013 d\u0117st\u0117 ji.<\/p>\n<p>Stabdomi ir sezoniniai skryd\u017eiai <\/p>\n<p>Art\u0117jant \u017eiemos sezonui, \u201eRyanair\u201c, kaip ir kasmet, koreguoja mar\u0161rut\u0173 tinkl\u0105 ir laikinai atsisako dalies skryd\u017ei\u0173 \u012f vasar\u0105 populiarius kurortinius miestus.<\/p>\n<p>I\u0161 Kauno ir Vilniaus oro uost\u0173, kaip galima matyti skryd\u017ei\u0173 bendrov\u0117s kalendoriuje, paskutiniai skryd\u017eiai \u012fvairiomis kryptimis planuojami rugs\u0117jo arba spalio pabaigoje:<\/p>\n<p>I\u0161 Kauno \u012f Bar\u012f paskutinis \u0161iais metais numatomas skrydis planuojamas spalio 28 d.<\/p>\n<p>\u012e Madrid\u0105 \u2013 spalio 21 d.<\/p>\n<p>\u012e Palma de Maljorka \u2013 spalio 29 d.<\/p>\n<p>\u012e Neapol\u012f \u2013 spalio 22 d.<\/p>\n<p>\u012e Peskar\u0105 \u2013 spalio 28 d.<\/p>\n<p>\u012e Piz\u0105 \u2013 spalio 24 d.<\/p>\n<p>\u012e Rimin\u012f \u2013 spalio 24 d.<\/p>\n<p>\u012e Rod\u0105 \u2013 spalio 28 d.<\/p>\n<p>\u012e Burgas\u0105 \u2013 spalio 24 d.<\/p>\n<p>\u012e Zadar\u0105 \u2013 rugs\u0117jo 29 d.<\/p>\n<p>I\u0161 Vilniaus \u012f At\u0117nus paskutinis \u0161iais metais skrydis numatytas \u2013 spalio 24 d.<\/p>\n<p>\u012e Korfu \u2013 spalio 28 d.<\/p>\n<p>Oficialus \u017eiemos skryd\u017ei\u0173 tvarkara\u0161tis, kaip naujien\u0173 portal\u0105 Lrytas informavo \u201eRyanair\u201c, bus skelbiamas rugs\u0117jo m\u0117nes\u012f.<\/p>\n","protected":false},"excerpt":{"rendered":"Pigi\u0173 skryd\u017ei\u0173 bendrov\u0117 \u201eRyanair\u201c planuoja nauj\u0105 \u017eiemos sezono skryd\u017ei\u0173 tvarkara\u0161t\u012f, kuriame nebeliks dviej\u0173 reguliari\u0173 kryp\u010di\u0173 i\u0161 Kauno oro&hellip;\n","protected":false},"author":2,"featured_media":262878,"comment_status":"","ping_status":"","sticky":false,"template":"","format":"standard","meta":{"footnotes":"","_share_on_mastodon":"0"},"categories":[6],"tags":[25,30,31,563,34,35,24,1061,5802,32,33,37,39,36,38,40,23,22,28,29,1329,983,26,27],"class_list":["post-262877","post","type-post","status-publish","format-standard","has-post-thumbnail","category-antrastes","tag-antrastes","tag-breaking-news","tag-breakingnews","tag-eismas","tag-featured-news","tag-featurednews","tag-headlines","tag-kaunas","tag-kauno-oro-uostas","tag-latest-news","tag-latestnews","tag-lietuva","tag-lietuviu","tag-lithuania","tag-lithuanian","tag-lt","tag-naujienos","tag-news","tag-populiariausios-naujienos","tag-populiariausiosnaujienos","tag-ryanair","tag-skrydziai","tag-top-stories","tag-topstories"],"share_on_mastodon":{"url":"https:\/\/pubeurope.com\/@lt\/117166092029068490","error":""},"_links":{"self":[{"href":"https:\/\/www.europesays.com\/lt\/wp-json\/wp\/v2\/posts\/262877","targetHints":{"allow":["GET"]}}],"collection":[{"href":"https:\/\/www.europesays.com\/lt\/wp-json\/wp\/v2\/posts"}],"about":[{"href":"https:\/\/www.europesays.com\/lt\/wp-json\/wp\/v2\/types\/post"}],"author":[{"embeddable":true,"href":"https:\/\/www.europesays.com\/lt\/wp-json\/wp\/v2\/users\/2"}],"replies":[{"embeddable":true,"href":"https:\/\/www.europesays.com\/lt\/wp-json\/wp\/v2\/comments?post=262877"}],"version-history":[{"count":0,"href":"https:\/\/www.europesays.com\/lt\/wp-json\/wp\/v2\/posts\/262877\/revisions"}],"wp:featuredmedia":[{"embeddable":true,"href":"https:\/\/www.europesays.com\/lt\/wp-json\/wp\/v2\/media\/262878"}],"wp:attachment":[{"href":"https:\/\/www.europesays.com\/lt\/wp-json\/wp\/v2\/media?parent=262877"}],"wp:term":[{"taxonomy":"category","embeddable":true,"href":"https:\/\/www.europesays.com\/lt\/wp-json\/wp\/v2\/categories?post=262877"},{"taxonomy":"post_tag","embeddable":true,"href":"https:\/\/www.europesays.com\/lt\/wp-json\/wp\/v2\/tags?post=262877"}],"curies":[{"name":"wp","href":"https:\/\/api.w.org\/{rel}","templated":true}]}}