{"id":26297,"date":"2025-10-27T08:12:27","date_gmt":"2025-10-27T08:12:27","guid":{"rendered":"https:\/\/www.europesays.com\/lt\/26297\/"},"modified":"2025-10-27T08:12:27","modified_gmt":"2025-10-27T08:12:27","slug":"gineitis-sulauke-savo-minuciu-o-torino-svente-pergale","status":"publish","type":"post","link":"https:\/\/www.europesays.com\/lt\/26297\/","title":{"rendered":"Gineitis sulauk\u0117 savo minu\u010di\u0173, o \u201eTorino\u201c \u0161vent\u0117 pergal\u0119"},"content":{"rendered":"<p>21-eri\u0173 lietuvis \u012f stadion\u0105 \u017eeng\u0117 73-i\u0105j\u0105 minut\u0119. G.Gineitis rungtyniavo ir pra\u0117jusi\u0105 savait\u0119 prie\u0161 \u201eNapoli\u201c, o iki tol keturis ma\u010dus steb\u0117jo nuo suolo. <\/p>\n<p>Dvikova Turine prasid\u0117jo galingu sve\u010di\u0173 sm\u016bgiu, kai 7-\u0105j\u0105 minut\u0119 pasi\u017eym\u0117jo Mortenas Thorsby. <\/p>\n<p>Vis tik \u201eTorino\u201c klubas i\u0161sigelb\u0117jo 63-i\u0105j\u0105 minut\u0119, kai Stefano Sabelli \u012fsimu\u0161\u0117 \u012f savus vartus 1:1.<\/p>\n<p>\u0160eimininkus \u012f priek\u012f 90-\u0105j\u0105 minut\u0119 i\u0161ved\u0117 Guillermo Maripano \u012fvartis. <\/p>\n<p>Per teis\u0117jo prid\u0117t\u0105 laik\u0105 \u201eTorino\u201c vartininkas Alberto Paleari i\u0161gelb\u0117jo komand\u0105, kuris atr\u0117m\u0117 pavojingus \u201eGenoa\u201c futbolinink\u0173 sm\u016bgius. <\/p>\n<p>Galiausiai \u201eTorino\u201c klubas 2:1 \u0161vent\u0117 pergal\u0119.   <\/p>\n","protected":false},"excerpt":{"rendered":"21-eri\u0173 lietuvis \u012f stadion\u0105 \u017eeng\u0117 73-i\u0105j\u0105 minut\u0119. G.Gineitis rungtyniavo ir pra\u0117jusi\u0105 savait\u0119 prie\u0161 \u201eNapoli\u201c, o iki tol keturis&hellip;\n","protected":false},"author":2,"featured_media":26298,"comment_status":"","ping_status":"","sticky":false,"template":"","format":"standard","meta":{"footnotes":""},"categories":[19],"tags":[3069,37,39,36,38,40,47,104],"class_list":{"0":"post-26297","1":"post","2":"type-post","3":"status-publish","4":"format-standard","5":"has-post-thumbnail","7":"category-sportas","8":"tag-gvidas-gineitis","9":"tag-lietuva","10":"tag-lietuviu","11":"tag-lithuania","12":"tag-lithuanian","13":"tag-lt","14":"tag-sportas","15":"tag-sports"},"share_on_mastodon":{"url":"https:\/\/pubeurope.com\/@lt\/115445127160741130","error":""},"_links":{"self":[{"href":"https:\/\/www.europesays.com\/lt\/wp-json\/wp\/v2\/posts\/26297","targetHints":{"allow":["GET"]}}],"collection":[{"href":"https:\/\/www.europesays.com\/lt\/wp-json\/wp\/v2\/posts"}],"about":[{"href":"https:\/\/www.europesays.com\/lt\/wp-json\/wp\/v2\/types\/post"}],"author":[{"embeddable":true,"href":"https:\/\/www.europesays.com\/lt\/wp-json\/wp\/v2\/users\/2"}],"replies":[{"embeddable":true,"href":"https:\/\/www.europesays.com\/lt\/wp-json\/wp\/v2\/comments?post=26297"}],"version-history":[{"count":0,"href":"https:\/\/www.europesays.com\/lt\/wp-json\/wp\/v2\/posts\/26297\/revisions"}],"wp:featuredmedia":[{"embeddable":true,"href":"https:\/\/www.europesays.com\/lt\/wp-json\/wp\/v2\/media\/26298"}],"wp:attachment":[{"href":"https:\/\/www.europesays.com\/lt\/wp-json\/wp\/v2\/media?parent=26297"}],"wp:term":[{"taxonomy":"category","embeddable":true,"href":"https:\/\/www.europesays.com\/lt\/wp-json\/wp\/v2\/categories?post=26297"},{"taxonomy":"post_tag","embeddable":true,"href":"https:\/\/www.europesays.com\/lt\/wp-json\/wp\/v2\/tags?post=26297"}],"curies":[{"name":"wp","href":"https:\/\/api.w.org\/{rel}","templated":true}]}}