{"id":263183,"date":"2026-08-27T13:48:47","date_gmt":"2026-08-27T13:48:47","guid":{"rendered":"https:\/\/www.europesays.com\/lt\/263183\/"},"modified":"2026-08-27T13:48:47","modified_gmt":"2026-08-27T13:48:47","slug":"irane-netyla-gandai-apie-galima-naujojo-auksciausiojo-lyderio-mirti-respublika-lt","status":"publish","type":"post","link":"https:\/\/www.europesays.com\/lt\/263183\/","title":{"rendered":"Irane netyla gandai apie galim\u0105 naujojo auk\u0161\u010diausiojo lyderio mirt\u012f &#8211; Respublika.lt"},"content":{"rendered":"<p><img loading=\"lazy\" decoding=\"async\" src=\"https:\/\/www.respublika.lt\/lt\/naujienos\/pasaulis\/kitos_pasaulio_naujienos\/irane-netyla-gandai-apie-galima-naujojo-auksciausiojo-lyderio-mirti\/images\/ico_camera_white.gif\" class=\"camera\" width=\"22\" height=\"15\" alt=\"nuotr.\" style=\"position:relative; top:-2px; right:2px;\"\/> 1 nuotr.<\/p>\n<p>Teheranas. EPA-Eltos nuotr.<\/p>\n<p style=\"text-align: justify;\" class=\"desktop_banner\">\u00a0<\/p>\n<p style=\"text-align: left;\">\u00a0<\/p>\n<p style=\"text-align: left;\">Beveik prie\u0161 \u0161e\u0161is m\u0117nesius po savo t\u0117vo ajatolos Ali Khamenei mirties auk\u0161\u010diausias politines ir religines pareigas Irane per\u0117m\u0119s M. Khamenei pra\u0117jusi\u0105 savait\u0119 nepasirod\u0117 Teherane vykusiose \u0161ermen\u0173 apeigose, nors oficialiai buvo numatyta, kad jis joms vadovaus.<\/p>\n<p style=\"text-align: left;\">Iranui i\u0161gyvenant itin sud\u0117ting\u0105 laikotarp\u012f, M. Khamenei nepasirodymas dar labiau pakurst\u0117 klausimus d\u0117l auk\u0161\u010diausiojo lyderio buvimo vietos ir sveikatos.<\/p>\n<p style=\"text-align: left;\">Pasak \u201eThe Atlantic\u201c, nuo tada, kai M. Khamenei tapo auk\u0161\u010diausiuoju lyderiu, vie\u0161ai nepaskelbta n\u0117 vienos tuo laikotarpiu darytos jo nuotraukos, vaizdo ar garso \u012fra\u0161o. Jo nemat\u0119 pripa\u017eino net auk\u0161to rango Irano pareig\u016bnai, tarp j\u0173 ir u\u017esienio reikal\u0173 ministras, Irano Nacionalinio saugumo tarybos narys Abbasas Araghchi.<\/p>\n<p style=\"text-align: left;\">Gandai Irane ir u\u017e jo rib\u0173\u00a0<\/p>\n<p style=\"text-align: left;\">M. Khamenei nesirodant vie\u0161umoje, Irane ir u\u017e jo rib\u0173 netyla gandai, kad jis gal\u0117jo b\u016bti sunkiai su\u017eeistas per vasar\u012f JAV ir Izraelio surengtus sm\u016bgius, per kuriuos \u017euvo jo t\u0117vas ir keli auk\u0161to rango Irano pareig\u016bnai. \u0160ios sp\u0117lion\u0117s niekada nebuvo nepriklausomai patvirtintos.<\/p>\n<p style=\"text-align: left;\">\u201eIranWire\u201c, remdamasis M. Pezeshkiano administracijai artimais \u0161altiniais, \u0161\u012f m\u0117nes\u012f prane\u0161\u0117, kad auk\u0161to rango pareig\u016bnai nerimauja d\u0117l jo sveikatos, o auk\u0161\u010diausiuose vald\u017eios sluoksniuose sklando gandai apie galim\u0105 art\u0117jan\u010di\u0105 jo mirt\u012f.<\/p>\n<p style=\"text-align: left;\">Irano pareig\u016bnai ne kart\u0105 tvirtino, kad auk\u0161\u010diausiasis lyderis \u2013 gyvas ir sveikas. Prezidentas Masoudas Pezeshkianas anks\u010diau atmet\u0117 nuog\u0105stavimus d\u0117l M. Khamenei b\u016bkl\u0117s ir parei\u0161k\u0117 sureng\u0119s su juo ilg\u0105 bei produktyv\u0173 susitikim\u0105, o auk\u0161\u010diausi\u0105j\u012f lyder\u012f apib\u016bdino kaip \u201evisi\u0161kai sveik\u0105\u201c.<\/p>\n<p style=\"text-align: left;\">Su Irano valstybe siejama \u017einiasklaida taip pat m\u0117gino i\u0161sklaidyti sp\u0117liones skelbdama vaizdo \u012fra\u0161us, kuriuose es\u0105 matyti M. Khamenei. \u201eFars News\u201c antradien\u012f paskelb\u0117 archyvin\u012f \u012fra\u0161\u0105, kuris, kaip prane\u0161ama, buvo nufilmuotas dar iki jam tampant auk\u0161\u010diausiuoju lyderiu. Pasak \u201eThe Atlantic\u201c, tai jau antras toks \u0161\u012f m\u0117nes\u012f paskelbtas vaizdo \u012fra\u0161as.<\/p>\n<p style=\"text-align: left;\">Anks\u010diau pusiau oficiali Irano naujien\u0173 agent\u016bra \u201eMehr News\u201c paskelb\u0117 vaizdo \u012fra\u0161\u0105 be datos, kuriame M. Khamenei atrodo esantis geros sveikatos.<\/p>\n<p style=\"text-align: left;\">Ta\u010diau, pasak JAV \u017eurnalo, n\u0117 vienas \u012fra\u0161as neatsak\u0117 \u012f pagrindinius klausimus: kod\u0117l Irano lyderis vis dar nesirodo vie\u0161umoje ir kod\u0117l n\u0117ra jokio ai\u0161kiai po jo paskyrimo daryto \u012fra\u0161o, kuriame jis kreipt\u0173si \u012f Irano \u017emones?<\/p>\n<p style=\"text-align: left;\">Vald\u017eios vakuumas<\/p>\n<p style=\"text-align: left;\">M. Khamenei i\u0161 vie\u0161umos dingo Iranui, kurio auk\u0161\u010diausiuoju lyderiu jis tapo po t\u0117vo \u017e\u016bties, patiriant didel\u012f politin\u012f ir karin\u012f spaudim\u0105 po kelis m\u0117nesius trunkan\u010dio konflikto su JAV ir Izraeliu.<\/p>\n<p style=\"text-align: left;\">Pasak \u201eThe Atlantic\u201c, d\u0117l susidariusio vald\u017eios vakuumo Teheranui tapo sunkiau spr\u0119sti svarbius nesutarimus, be kita ko, klausimus d\u0117l deryb\u0173 su Va\u0161ingtonu ir \u012ftampos tarp konkuruojan\u010di\u0173 re\u017eimo grupuo\u010di\u0173.<\/p>\n<p style=\"text-align: left;\">JAV \u017eurnalo duomenimis, tvyrant neai\u0161kumui Irano Nacionalinio saugumo taryba tampa vis svarbesne kolektyvini\u0173 sprendim\u0173 pri\u0117mimo institucija. D\u0117l to kyla klausim\u0173, kiek vald\u017eios M. Khamenei i\u0161 ties\u0173 i\u0161laiko likdamas u\u017ekulisiuose.<\/p>\n<p style=\"text-align: left;\">\u0160is klausimas ypa\u010d jautrus, nes auk\u0161\u010diausiojo lyderio institucija yra galutinis vald\u017eios centras Irane. Ilgalaikis jo nepaj\u0117gumas eiti pareig\u0173 ar mirtis gal\u0117t\u0173 sukelti dar vien\u0105 kov\u0105 d\u0117l \u012fp\u0117dinyst\u0117s tuo metu, kai re\u017eimas jau susiduria su kariniais nuostoliais, ekonominiu spaudimu ir vidiniais politiniais nesutarimais.<\/p>\n<p style=\"text-align: left;\">M. Khamenei \u0161alininkai teiginius apie jo sunki\u0105 b\u016bkl\u0119 atmeta, o Irano pareig\u016bnai m\u0117gina parodyti, kad jis teb\u0117ra paj\u0117gus valdyti \u0161al\u012f.<\/p>\n<p style=\"text-align: left;\">Buv\u0119s pareig\u016bnas ir M. Khamenei giminaitis Mohammadas Hosseinas Khoshvaghtas teig\u0117, kad nuo tada, kai auk\u0161\u010diausiasis lyderis at\u0117jo \u012f vald\u017ei\u0105, su juo susitiko ma\u017eiau nei penki \u017emon\u0117s \u2013 bet tai es\u0105 buvo b\u016btina saugumo priemon\u0117.<\/p>\n<p style=\"text-align: left;\">Pasak \u201eThe Atlantic\u201c, M. Khamenei b\u016bt\u0173 tik\u0117tinas Izraelio ar JAV oro sm\u016bgio taikinys, kaip ir jo t\u0117vas, o bet kokia tiesiogin\u0117 komunikacija gal\u0117t\u0173 suteikti Irano prie\u0161ams u\u017euomin\u0173 apie jo buvimo viet\u0105. Prane\u0161ama, kad siekdamas suma\u017einti pasik\u0117sinim\u0173 ar atak\u0173 rizik\u0105 jis ry\u0161\u012f su auk\u0161to rango pareig\u016bnais palaiko per l\u0117tai veikian\u010di\u0105 tarpinink\u0173 grandin\u0119.<\/p>\n","protected":false},"excerpt":{"rendered":"1 nuotr. Teheranas. EPA-Eltos nuotr. \u00a0 \u00a0 Beveik prie\u0161 \u0161e\u0161is m\u0117nesius po savo t\u0117vo ajatolos Ali Khamenei mirties&hellip;\n","protected":false},"author":2,"featured_media":263184,"comment_status":"","ping_status":"","sticky":false,"template":"","format":"standard","meta":{"footnotes":"","_share_on_mastodon":"0"},"categories":[15],"tags":[25,30,31,25135,34,35,7617,24,79,22100,32,33,37,39,36,38,40,396,22099,23,22,44,28,29,38293,26,27,74,75,76],"class_list":["post-263183","post","type-post","status-publish","format-standard","has-post-thumbnail","category-pasaulis","tag-antrastes","tag-breaking-news","tag-breakingnews","tag-bukle","tag-featured-news","tag-featurednews","tag-gandai","tag-headlines","tag-iranas","tag-khamenei","tag-latest-news","tag-latestnews","tag-lietuva","tag-lietuviu","tag-lithuania","tag-lithuanian","tag-lt","tag-mirtis","tag-mojtaba","tag-naujienos","tag-news","tag-pasaulis","tag-populiariausios-naujienos","tag-populiariausiosnaujienos","tag-sunki","tag-top-stories","tag-topstories","tag-world","tag-world-news","tag-worldnews"],"share_on_mastodon":{"url":"https:\/\/pubeurope.com\/@lt\/117167791327796246","error":""},"_links":{"self":[{"href":"https:\/\/www.europesays.com\/lt\/wp-json\/wp\/v2\/posts\/263183","targetHints":{"allow":["GET"]}}],"collection":[{"href":"https:\/\/www.europesays.com\/lt\/wp-json\/wp\/v2\/posts"}],"about":[{"href":"https:\/\/www.europesays.com\/lt\/wp-json\/wp\/v2\/types\/post"}],"author":[{"embeddable":true,"href":"https:\/\/www.europesays.com\/lt\/wp-json\/wp\/v2\/users\/2"}],"replies":[{"embeddable":true,"href":"https:\/\/www.europesays.com\/lt\/wp-json\/wp\/v2\/comments?post=263183"}],"version-history":[{"count":0,"href":"https:\/\/www.europesays.com\/lt\/wp-json\/wp\/v2\/posts\/263183\/revisions"}],"wp:featuredmedia":[{"embeddable":true,"href":"https:\/\/www.europesays.com\/lt\/wp-json\/wp\/v2\/media\/263184"}],"wp:attachment":[{"href":"https:\/\/www.europesays.com\/lt\/wp-json\/wp\/v2\/media?parent=263183"}],"wp:term":[{"taxonomy":"category","embeddable":true,"href":"https:\/\/www.europesays.com\/lt\/wp-json\/wp\/v2\/categories?post=263183"},{"taxonomy":"post_tag","embeddable":true,"href":"https:\/\/www.europesays.com\/lt\/wp-json\/wp\/v2\/tags?post=263183"}],"curies":[{"name":"wp","href":"https:\/\/api.w.org\/{rel}","templated":true}]}}