{"id":263337,"date":"2026-08-27T17:26:17","date_gmt":"2026-08-27T17:26:17","guid":{"rendered":"https:\/\/www.europesays.com\/lt\/263337\/"},"modified":"2026-08-27T17:26:17","modified_gmt":"2026-08-27T17:26:17","slug":"vilniuje-pradejo-kursuoti-neiprastas-autobusas-keliones-juo-nemokamos","status":"publish","type":"post","link":"https:\/\/www.europesays.com\/lt\/263337\/","title":{"rendered":"Vilniuje prad\u0117jo kursuoti ne\u012fprastas autobusas: kelion\u0117s juo \u2013 nemokamos"},"content":{"rendered":"<p class=\"wp-block-paragraph\">Ar \u017einojote, kad Gedimino pilis turi savo skaitmenin\u012f dvyn\u012f? Kokie sud\u0117tingi in\u017eineriniai sprendimai laiko Valakampi\u0173 tilt\u0105 ir saugo Gedimino kaln\u0105? \u0160iuos ir daugyb\u0119 kit\u0173 ma\u017eai \u017einom\u0173 fakt\u0173 vilnie\u010diai bei miesto sve\u010diai gal\u0117s su\u017einoti va\u017eiuodami per miest\u0105 \u201eLaikobusu\u201c ir dalyvaudami nemokamose ekskursijose, skirtose universiteto 70-me\u010diui.<\/p>\n<p class=\"wp-block-paragraph\">Nuo rugpj\u016b\u010dio 27 iki rugs\u0117jo 23 dienos po sostin\u0119 kursuos specialus ekskursij\u0173 autobusas, kvie\u010diantis Vilni\u0173 pa\u017einti ne istorijos ar architekt\u016bros gid\u0173, o technologij\u0173 ir inovacij\u0173 k\u016br\u0117j\u0173 akimis.<\/p>\n<p class=\"wp-block-paragraph\">\u201eM\u016bs\u0173 mokslinink\u0173, alumn\u0173 ir student\u0173 darbai kasdien kei\u010dia arba saugo Vilni\u0173 ir vis\u0105 Lietuv\u0105. Jubiliejaus proga nor\u0117jome papasakoti, kaip.<\/p>\n<p>Skaitykite taip pat<a class=\"miv-ax-rel-link\" href=\"https:\/\/madeinvilnius.lt\/naujienos\/miestas\/gentvilas-sukritikavo-vilniaus-valdzios-sprendima-tai-yra-bebrizmas\/\" rel=\"nofollow noopener\" target=\"_blank\">Gentvilas sukritikavo Vilniaus vald\u017eios sprendim\u0105: \u201eTai yra bebrizmas\u201c<\/a><a class=\"miv-ax-rel-link\" href=\"https:\/\/madeinvilnius.lt\/naujienos\/lietuvos-naujienos\/policija-perspeja-apie-pavojinga-sukciu-schema-zmones-lieka-ne-tik-be-pinigu-bet-ir-be-busto\/\" rel=\"nofollow noopener\" target=\"_blank\">Policija persp\u0117ja apie pavojing\u0105 suk\u010di\u0173 schem\u0105: \u017emon\u0117s lieka ne tik be pinig\u0173, bet ir be b\u016bsto<\/a><\/p>\n<p class=\"wp-block-paragraph\">Va\u017eiuodami \u201eLaikobusu\u201c \u017emon\u0117s gal\u0117s pamatyti svarbiausias su VILNIUS TECH susijusias vietas ir i\u0161girsti \u012fdomiausius pasakojimus apie tai, kas su m\u016bs\u0173 universitetu ir su m\u016bs\u0173 \u0161alimi vyko per 70 met\u0173. Tod\u0117l taip j\u012f ir pavadinome \u2013 nes tai kelion\u0117 ne tik per vietas, bet ir per laik\u0105\u201c, \u2013 sako VILNIUS TECH rektorius prof. Romualdas Kliukas.<\/p>\n<p>Miestas, kokio jo nematome<\/p>\n<p class=\"wp-block-paragraph\">Pasak universiteto atstov\u0173, \u0161i ekskursija gim\u0117 ie\u0161kant b\u016bdo, kaip 70 met\u0173 jubiliej\u0173 paversti dovana ne tik universiteto bendruomenei, bet ir pla\u010diajai visuomenei.<\/p>\n<p class=\"wp-block-paragraph\">Tod\u0117l buvo sukurtas ne tradicinis muziejus, o keliaujantis pasakojimas apie \u017emones, kurie septynis de\u0161imtme\u010dius k\u016br\u0117 \u0161iuolaikin\u0119, inovatyvi\u0105 ir pa\u017eangi\u0105 Lietuv\u0105.<\/p>\n<p class=\"wp-block-paragraph\">\u201eKartu su bendrakursiais \u0161iais metais at\u0161vent\u0117me\u00a050-\u0105j\u012f architekt\u016bros moksl\u0173 baigimo jubiliej\u0173. Mes baig\u0117me VISI \u2013 Vilniaus in\u017einerin\u012f statybos institut\u0105. O dabar VILNIUS TECH apima daug daugiau. J\u016bs nustebsite, kiek daug VILNIUS TECH yra Vilniuje. Nekalbu apie universiteto pastatus \u2013 yra daugyb\u0117 viet\u0173, kurias \u0161ios \u012fstaigos \u017emon\u0117s stat\u0117 ir k\u016br\u0117. VILNIUS TECH padeda ne tik Vilniui, bet ir Lietuvai eiti inovacij\u0173 ir pa\u017eangos keliu\u201c, \u2013 sak\u0117 Architekt\u016bros fakulteto alumnas Algirdas Kau\u0161p\u0117das, \u0161iandien kartu su rektoriumi simboli\u0161kai ved\u0119s pirm\u0105j\u0105 ekskursij\u0105.<\/p>\n<p class=\"wp-block-paragraph\">Ekskursijoje \u012fprasti sostin\u0117s objektai atsiskleid\u017eia i\u0161 visi\u0161kai kitos pus\u0117s. Gedimino pilis \u2013 kaip vienas moderniausi\u0173 skaitmeninio kult\u016bros paveldo objekt\u0173 Lietuvoje. Valakampi\u0173 tiltas \u2013 kaip sud\u0117ting\u0173 in\u017einerini\u0173 tyrim\u0173 ir i\u0161spr\u0119st\u0173 technini\u0173 galvos\u016bki\u0173 istorija. Valdov\u0173 r\u016bmai \u2013 kaip vieta, kurioje norint i\u0161laikyti senov\u0119 ir pastatyti nauj\u0105 dal\u012f buvo sukurtas netik\u0117tas in\u017einerinis sprendimas.<\/p>\n<p class=\"wp-block-paragraph\">Keliaujant \u201eLaikobusu\u201c ir ma\u017eiau lankomos vietos atsiskleid\u017eia naujomis spalvomis. Buvusio centrinio pa\u0161to siena \u2013 per pasakojim\u0105 apie tai, kaip sovietme\u010diu universiteto studentai \u012f Ner\u012f \u012fmet\u0117 Lenino bareljef\u0105 ir kaip Lietuvos urbanistai pad\u0117jo apsaugoti \u0161alies miest\u0173 tinkl\u0105 nuo soviet\u0173 i\u0161 kit\u0173 \u0161ali\u0173 perkeliam\u0173 gyventoj\u0173. Va\u017eiuojant pro Naujamiest\u012f ir jame buvusius universiteto pastatus pasakojama, kaip \u0160altojo karo metais universiteto mokslininkai sugeb\u0117jo savo i\u0161radimui gauti patent\u0105 <a style=\"font-weight:bold;\" href=\"https:\/\/madeinvilnius.lt\/tema\/jav\/\" target=\"_blank\" rel=\"nofollow noopener\">JAV<\/a> ar kaip universiteto jachta prisid\u0117jo prie istorinio Gotlando komunikato.<\/p>\n<p>Technologijos, kurios slepiasi kasdienyb\u0117je<\/p>\n<p class=\"wp-block-paragraph\">Didel\u0117 ekskursijos dalis skirta tam, ko miestie\u010diai paprastai nepastebi.<\/p>\n<p class=\"wp-block-paragraph\">Kod\u0117l vieni eismo \u017eiedai saugum\u0105 didina labiau geriau u\u017e kitus? Kaip stebimi \u0160v. Onos ba\u017eny\u010dios mikro\u012ftr\u016bkimai? Kaip skaitmeniniai modeliai padeda restauruoti istorinius pastatus? Kuo meninink\u0173 ir festivali\u0173 pasaulyje i\u0161skirtinis LinkMen\u0173 fabrikas? K\u0105 VILNIUS TECH alumnai dirba \u201eApple\u201c, \u201eGoogle\u201c ir kitose pasaulio technologij\u0173 bendrov\u0117se?<\/p>\n<p class=\"wp-block-paragraph\">\u201eNorime parodyti, kad miestas n\u0117ra vien pastatai. Jis pilnas sprendim\u0173, kuri\u0173 da\u017eniausiai nematome. U\u017e j\u0173 stovi t\u016bkstan\u010diai \u017emoni\u0173 \u2013 in\u017einieri\u0173, architekt\u0173, mokslinink\u0173. Jie jau 70 met\u0173 kuria rytoj\u0173\u201c, \u2013 sako prof. R. Kliukas.<\/p>\n<p>Ekskursijos nesibaigs rugs\u0117j\u012f<\/p>\n<p class=\"wp-block-paragraph\">Iki rugs\u0117jo 23 dienos \u012f ekskursijas \u201eLaikobusu\u201c galima registruotis VILNIUS TECH interneto svetain\u0117je\u00a0vilniustech.lt\/laikobusas. \u010cia galima pasirinkti du ekskursij\u0173 formatus: trumpesn\u012f \u2013 iki 1,5 val., keliaujant\u012f po miesto centr\u0105, ir i\u0161samesn\u012f \u2013 apie 2,5 val., apimant\u012f ir LinkMen\u0173 fabrik\u0105 bei Saul\u0117tek\u012f.<\/p>\n<p class=\"wp-block-paragraph\">Ta\u010diau po rugs\u0117jo pabaigos kartu su informaciniu partneriu LRT sukurtas projektas nesibaigs, tad nesp\u0117jusieji u\u017esiregistruoti \u012f ekskursijas netur\u0117t\u0173 nusiminti. Universiteto interneto svetain\u0117je jau paskelbta \u0161ios ekskursijos audio versija su vietos nustatymo funkcija. \u017dmon\u0117s gal\u0117s savaranki\u0161kai keliauti tuo pa\u010diu mar\u0161rutu, klausydamiesi pasakojim\u0173 telefone.<\/p>\n<p class=\"wp-block-paragraph\">Taip, pasak universiteto, \u201eLaikobusas\u201c taps nuolat veikian\u010diu skaitmeniniu muziejumi po atviru dangumi.<\/p>\n<p><a href=\"https:\/\/madeinvilnius.lt\/wp-content\/uploads\/2026\/08\/miv-20260827-ekzqggqa.jpg\" rel=\"nofollow noopener\" target=\"_blank\"><img loading=\"lazy\" decoding=\"async\" width=\"1024\" height=\"682\" data-id=\"378720\" src=\"https:\/\/www.europesays.com\/lt\/wp-content\/uploads\/2026\/08\/miv-20260827-de7cyfdo.jpg\" alt=\"\" class=\"wp-image-378720\"\/><\/a>NUOTR.: EVALDO \u010cINGOS<a href=\"https:\/\/madeinvilnius.lt\/wp-content\/uploads\/2026\/08\/miv-20260827-8nujowgr.jpg\" rel=\"nofollow noopener\" target=\"_blank\"><img loading=\"lazy\" decoding=\"async\" width=\"1024\" height=\"682\" data-id=\"378722\" src=\"https:\/\/www.europesays.com\/lt\/wp-content\/uploads\/2026\/08\/miv-20260827-d7xwiil9.jpg\" alt=\"\" class=\"wp-image-378722\"\/><\/a>NUOTR.: EVALDO \u010cINGOS<a href=\"https:\/\/madeinvilnius.lt\/wp-content\/uploads\/2026\/08\/miv-20260827-9r7lchkf.jpg\" rel=\"nofollow noopener\" target=\"_blank\"><img loading=\"lazy\" decoding=\"async\" width=\"1024\" height=\"682\" data-id=\"378718\" src=\"https:\/\/www.europesays.com\/lt\/wp-content\/uploads\/2026\/08\/miv-20260827-b8rfqkra.jpg\" alt=\"\" class=\"wp-image-378718\"\/><\/a>NUOTR.: EVALDO \u010cINGOS<a href=\"https:\/\/madeinvilnius.lt\/wp-content\/uploads\/2026\/08\/miv-20260827-tqe6qkaq.jpg\" rel=\"nofollow noopener\" target=\"_blank\"><img loading=\"lazy\" decoding=\"async\" width=\"1024\" height=\"682\" data-id=\"378716\" src=\"https:\/\/www.europesays.com\/lt\/wp-content\/uploads\/2026\/08\/miv-20260827-kvixcfu6.jpg\" alt=\"\" class=\"wp-image-378716\"\/><\/a>NUOTR.: EVALDO \u010cINGOS<a href=\"https:\/\/madeinvilnius.lt\/wp-content\/uploads\/2026\/08\/miv-20260827-wzb96w9t.jpg\" rel=\"nofollow noopener\" target=\"_blank\"><img loading=\"lazy\" decoding=\"async\" width=\"1024\" height=\"682\" data-id=\"378724\" src=\"https:\/\/www.europesays.com\/lt\/wp-content\/uploads\/2026\/08\/miv-20260827-3ihq3tiq.jpg\" alt=\"\" class=\"wp-image-378724\"\/><\/a>NUOTR.: EVALDO \u010cINGOS<a href=\"https:\/\/madeinvilnius.lt\/wp-content\/uploads\/2026\/08\/miv-20260827-jm23eyxl.jpg\" rel=\"nofollow noopener\" target=\"_blank\"><img loading=\"lazy\" decoding=\"async\" width=\"1024\" height=\"682\" data-id=\"378726\" src=\"https:\/\/www.europesays.com\/lt\/wp-content\/uploads\/2026\/08\/miv-20260827-wjyadp7g.jpg\" alt=\"\" class=\"wp-image-378726\"\/><\/a>NUOTR.: EVALDO \u010cINGOS<a href=\"https:\/\/madeinvilnius.lt\/wp-content\/uploads\/2026\/08\/miv-20260827-cyazjokn.jpg\" rel=\"nofollow noopener\" target=\"_blank\"><img loading=\"lazy\" decoding=\"async\" width=\"1024\" height=\"682\" data-id=\"378728\" src=\"https:\/\/www.europesays.com\/lt\/wp-content\/uploads\/2026\/08\/miv-20260827-gwoqeu0z.jpg\" alt=\"\" class=\"wp-image-378728\"\/><\/a>NUOTR.: EVALDO \u010cINGOS<a href=\"https:\/\/madeinvilnius.lt\/wp-content\/uploads\/2026\/08\/miv-20260827-u94dxg63.jpg\" rel=\"nofollow noopener\" target=\"_blank\"><img loading=\"lazy\" decoding=\"async\" width=\"1024\" height=\"682\" data-id=\"378732\" src=\"https:\/\/www.europesays.com\/lt\/wp-content\/uploads\/2026\/08\/miv-20260827-fqxr0z1e.jpg\" alt=\"\" class=\"wp-image-378732\"\/><\/a>NUOTR.: EVALDO \u010cINGOS<a href=\"https:\/\/madeinvilnius.lt\/wp-content\/uploads\/2026\/08\/miv-20260827-nrdhfw5d.jpg\" rel=\"nofollow noopener\" target=\"_blank\"><img loading=\"lazy\" decoding=\"async\" width=\"1024\" height=\"682\" data-id=\"378734\" src=\"https:\/\/www.europesays.com\/lt\/wp-content\/uploads\/2026\/08\/miv-20260827-cl25rn1a.jpg\" alt=\"\" class=\"wp-image-378734\"\/><\/a>NUOTR.: EVALDO \u010cINGOS<a href=\"https:\/\/madeinvilnius.lt\/wp-content\/uploads\/2026\/08\/miv-20260827-uhan2x1p.jpg\" rel=\"nofollow noopener\" target=\"_blank\"><img loading=\"lazy\" decoding=\"async\" width=\"1024\" height=\"682\" data-id=\"378730\" src=\"https:\/\/www.europesays.com\/lt\/wp-content\/uploads\/2026\/08\/miv-20260827-xkqm4rie.jpg\" alt=\"\" class=\"wp-image-378730\"\/><\/a>NUOTR.: EVALDO \u010cINGOS<a href=\"https:\/\/madeinvilnius.lt\/wp-content\/uploads\/2026\/08\/miv-20260827-ggrgasyr.jpg\" rel=\"nofollow noopener\" target=\"_blank\"><img loading=\"lazy\" decoding=\"async\" width=\"1024\" height=\"682\" data-id=\"378736\" src=\"https:\/\/www.europesays.com\/lt\/wp-content\/uploads\/2026\/08\/miv-20260827-xstu10vi.jpg\" alt=\"\" class=\"wp-image-378736\"\/><\/a>NUOTR.: EVALDO \u010cINGOS<a href=\"https:\/\/madeinvilnius.lt\/wp-content\/uploads\/2026\/08\/miv-20260827-bo9r6du3.jpg\" rel=\"nofollow noopener\" target=\"_blank\"><img loading=\"lazy\" decoding=\"async\" width=\"1024\" height=\"682\" data-id=\"378738\" src=\"https:\/\/www.europesays.com\/lt\/wp-content\/uploads\/2026\/08\/miv-20260827-2ouvdkea.jpg\" alt=\"\" class=\"wp-image-378738\"\/><\/a>NUOTR.: EVALDO \u010cINGOS<a href=\"https:\/\/madeinvilnius.lt\/wp-content\/uploads\/2026\/08\/miv-20260827-ipe8ldjo.jpg\" rel=\"nofollow noopener\" target=\"_blank\"><img loading=\"lazy\" decoding=\"async\" width=\"1024\" height=\"682\" data-id=\"378740\" src=\"https:\/\/www.europesays.com\/lt\/wp-content\/uploads\/2026\/08\/miv-20260827-doci1a9f.jpg\" alt=\"\" class=\"wp-image-378740\"\/><\/a>NUOTR.: EVALDO \u010cINGOS<a href=\"https:\/\/madeinvilnius.lt\/wp-content\/uploads\/2026\/08\/miv-20260827-9rrevzcn.jpg\" rel=\"nofollow noopener\" target=\"_blank\"><img loading=\"lazy\" decoding=\"async\" width=\"1024\" height=\"682\" data-id=\"378744\" src=\"https:\/\/www.europesays.com\/lt\/wp-content\/uploads\/2026\/08\/miv-20260827-9esdbx94.jpg\" alt=\"\" class=\"wp-image-378744\"\/><\/a>NUOTR.: EVALDO \u010cINGOS<a href=\"https:\/\/madeinvilnius.lt\/wp-content\/uploads\/2026\/08\/miv-20260827-9yuaqgs3.jpg\" rel=\"nofollow noopener\" target=\"_blank\"><img loading=\"lazy\" decoding=\"async\" width=\"1024\" height=\"682\" data-id=\"378742\" src=\"https:\/\/www.europesays.com\/lt\/wp-content\/uploads\/2026\/08\/miv-20260827-8bb5z455.jpg\" alt=\"\" class=\"wp-image-378742\"\/><\/a>NUOTR.: EVALDO \u010cINGOS<\/p>\n","protected":false},"excerpt":{"rendered":"Ar \u017einojote, kad Gedimino pilis turi savo skaitmenin\u012f dvyn\u012f? Kokie sud\u0117tingi in\u017eineriniai sprendimai laiko Valakampi\u0173 tilt\u0105 ir saugo&hellip;\n","protected":false},"author":2,"featured_media":263338,"comment_status":"","ping_status":"","sticky":false,"template":"","format":"standard","meta":{"footnotes":"","_share_on_mastodon":"0"},"categories":[13],"tags":[25,5626,30,31,34,35,24,32,33,37,39,36,38,40,65,23,22,28,29,26,27,13505],"class_list":["post-263337","post","type-post","status-publish","format-standard","has-post-thumbnail","category-lietuva","tag-antrastes","tag-autobusai","tag-breaking-news","tag-breakingnews","tag-featured-news","tag-featurednews","tag-headlines","tag-latest-news","tag-latestnews","tag-lietuva","tag-lietuviu","tag-lithuania","tag-lithuanian","tag-lt","tag-naujiena","tag-naujienos","tag-news","tag-populiariausios-naujienos","tag-populiariausiosnaujienos","tag-top-stories","tag-topstories","tag-vilnius-tech"],"share_on_mastodon":{"url":"https:\/\/pubeurope.com\/@lt\/117168648887254601","error":""},"_links":{"self":[{"href":"https:\/\/www.europesays.com\/lt\/wp-json\/wp\/v2\/posts\/263337","targetHints":{"allow":["GET"]}}],"collection":[{"href":"https:\/\/www.europesays.com\/lt\/wp-json\/wp\/v2\/posts"}],"about":[{"href":"https:\/\/www.europesays.com\/lt\/wp-json\/wp\/v2\/types\/post"}],"author":[{"embeddable":true,"href":"https:\/\/www.europesays.com\/lt\/wp-json\/wp\/v2\/users\/2"}],"replies":[{"embeddable":true,"href":"https:\/\/www.europesays.com\/lt\/wp-json\/wp\/v2\/comments?post=263337"}],"version-history":[{"count":0,"href":"https:\/\/www.europesays.com\/lt\/wp-json\/wp\/v2\/posts\/263337\/revisions"}],"wp:featuredmedia":[{"embeddable":true,"href":"https:\/\/www.europesays.com\/lt\/wp-json\/wp\/v2\/media\/263338"}],"wp:attachment":[{"href":"https:\/\/www.europesays.com\/lt\/wp-json\/wp\/v2\/media?parent=263337"}],"wp:term":[{"taxonomy":"category","embeddable":true,"href":"https:\/\/www.europesays.com\/lt\/wp-json\/wp\/v2\/categories?post=263337"},{"taxonomy":"post_tag","embeddable":true,"href":"https:\/\/www.europesays.com\/lt\/wp-json\/wp\/v2\/tags?post=263337"}],"curies":[{"name":"wp","href":"https:\/\/api.w.org\/{rel}","templated":true}]}}