{"id":263381,"date":"2026-08-27T18:39:52","date_gmt":"2026-08-27T18:39:52","guid":{"rendered":"https:\/\/www.europesays.com\/lt\/263381\/"},"modified":"2026-08-27T18:39:52","modified_gmt":"2026-08-27T18:39:52","slug":"politico-analize-jav-40-trilijonu-doleriu-skolos-nasta-kerta-europai-skolinimosi-kaina-auga","status":"publish","type":"post","link":"https:\/\/www.europesays.com\/lt\/263381\/","title":{"rendered":"\u201ePolitico\u201c analiz\u0117: JAV 40 trilijon\u0173 doleri\u0173 skolos na\u0161ta kerta Europai \u2013 skolinimosi kaina auga"},"content":{"rendered":"<p class=\"caps\"><a href=\"https:\/\/www.europesays.com\/lt\/wp-content\/uploads\/2026\/08\/euras.jpg\" rel=\"lightbox[143413]\" title=\"\u201ePolitico\u201c analiz\u0117: JAV 40 trilijon\u0173 doleri\u0173 skolos na\u0161ta kerta Europai - skolinimosi  kaina auga\"><img loading=\"lazy\" decoding=\"async\" class=\"alignnone size-full wp-image-23712\" src=\"https:\/\/www.europesays.com\/lt\/wp-content\/uploads\/2026\/08\/euras.jpg\" alt=\"\" width=\"660\" height=\"370\"  \/><\/a><\/p>\n<p>Jungtini\u0173 Valstij\u0173 valstyb\u0117s skola vir\u0161ijo 40 trilijon\u0173 doleri\u0173, ir \u0161i mil\u017eini\u0161ka finansin\u0117 na\u0161ta spar\u010diai tampa viso pasaulio galvos skausmu.<\/p>\n<p>Paskol\u0173 kriz\u0117 Va\u0161ingtone tiesiogiai persimeta \u012f Europos finans\u0173 rinkas, kurioms tenka konkuruoti su JAV d\u0117l pasaulinio santaup\u0173 baseino, o \u0161i\u0105 konkurencij\u0105 dar labiau a\u0161trina \u0161imtus milijard\u0173 doleri\u0173 \u012f dirbtinio intelekto pl\u0117tr\u0105 investuojantys JAV technologij\u0173 mil\u017einai, ra\u0161oma \u201e<a href=\"https:\/\/www.politico.eu\/article\/why-europe-cant-escape-the-fallout-from-us-debt-woes\/\" target=\"_blank\" rel=\"noopener nofollow\">Politico<\/a>\u201c leidinio analiz\u0117je.<\/p>\n<p>Rekordin\u0117s pal\u016bkanos ir spaudimas Vokietijai bei Pranc\u016bzijai<\/p>\n<p>JAV biud\u017eeto deficito baim\u0117s ir infliacijos gr\u0117sm\u0117 nusmukd\u0117 30 met\u0173 JAV i\u017edo obligacij\u0173 vert\u0119 iki \u017eemiausio lygio per pastaruosius 19 met\u0173. D\u0117l to Vokietijos de\u0161imties met\u0173 skolinimosi kaina, diktuojanti ton\u0105 visai Europos zonai, \u0161i\u0105 savait\u0119 pasiek\u0117 auk\u0161\u010diausi\u0105 ta\u0161k\u0105 nuo 2011 met\u0173.<\/p>\n<p>Tokia pad\u0117tis rei\u0161kia, kad ruden\u012f gr\u012f\u017eusios \u012f darb\u0105 Europos vyriausyb\u0117s bus priverstos rinktis \u2013 daryti papildom\u0105 spaudim\u0105 mokes\u010di\u0173 didinimu arba karpyti i\u0161laidas, ir tai vyksta tuo metu, kai valstyb\u0117s numa\u010diusios didinti gynybos finansavim\u0105.<\/p>\n<p>Tokiose \u0161alyse kaip Pranc\u016bzija, Ispanija ar Italija tai gali tapti sprogstamuoju u\u017etaisu prie\u0161 ateinan\u010di\u0173 met\u0173 rinkimus. Pavyzd\u017eiui, Pranc\u016bzijos de\u0161ini\u0173j\u0173 lyder\u0117 <a style=\"color: #b00b0b;\" href=\"https:\/\/infa.lt\/tag\/marine-le-pen\" rel=\"noopener noreferrer nofollow\" target=\"_blank\">Marine Le Pen<\/a> jau i\u0161naudojo situacij\u0105, vadindama pal\u016bkan\u0173 augim\u0105 nei\u0161vengiama s\u0105skaita u\u017e de\u0161imtmet\u012f trukus\u012f \u201emakronizm\u0105\u201c.<\/p>\n<p>Refinansavimo rizika ir Pranc\u016bzijos b\u0117dos<\/p>\n<p>Nors did\u017eioji dalis Europos \u0161ali\u0173 per pastaruosius dvide\u0161imt met\u0173 \u2013 padid\u0117jus pandemijos ar finans\u0173 kriz\u0117s i\u0161laidoms bei augant sveikatos apsaugos ir pensij\u0173 \u012fsipareigojimams \u2013 smarkiai prasiskolino, Pranc\u016bzija i\u0161siskiria ypatingu pa\u017eeidimu.<\/p>\n<p>Investuotoj\u0173 pasitik\u0117jim\u0105 prarad\u0119s Pary\u017eius \u0161iandien u\u017e obligacijas moka daugiau nei Italija, o \u0161alies oficialioji statistika rodo, kad pal\u016bkan\u0173 i\u0161laidos u\u017e skolas per \u0161\u012f de\u0161imtmet\u012f i\u0161augs daugiau nei keturis kartus \u2013 nuo 30 milijard\u0173 eur\u0173 2020 metais iki 124 milijard\u0173 eur\u0173 2030-aisiais.<\/p>\n<p>Kitos \u0161alys situacij\u0105 valdo kiek lengviau. Italijai nauj\u0173 obligacij\u0173 i\u0161leidimas nebekainuoja \u017eymiai daugiau nei anks\u010diau, o Ispanija, nepaisant politini\u0173 \u012ftamp\u0173, spar\u010diais demografiniais tempais didina BVP, tod\u0117l jos skola tur\u0117t\u0173 nukristi \u017eemiau 100 procent\u0173 BVP ribos.<\/p>\n<p>Ar gresia nauja kriz\u0117?<\/p>\n<p>Ekonomist\u0173 vertinimu, Europa kol kas yra toli nuo naujos suvereni\u0173 skol\u0173 kriz\u0117s, nes bendras euro zonos biud\u017eeto deficitas yra perpus ma\u017eesnis nei JAV, o Europos Centrinis Bankas (ECB) ir ES institucijos u\u017etais\u0117 did\u017ei\u0105j\u0105 dal\u012f sprag\u0173, atsiv\u0117rusi\u0173 2010-\u0173j\u0173 kriz\u0117s metu.<\/p>\n<p>D\u0117l Irano ir Ukrainos kar\u0173 sukelt\u0173 energijos i\u0161tekli\u0173 kain\u0173 \u0161uoli\u0173 ECB jau pak\u0117l\u0117 pal\u016bkan\u0173 normas, o analitikai prognozuoja dar kelis kilstel\u0117jimus iki met\u0173 pabaigos.<\/p>\n<p>Anot buvusio Tarptautinio valiutos fondo vyriausiojo ekonomisto Olivier Blanchard, nors bendroji sistema i\u0161lieka tvirtesn\u0117, Europa tikriausiai jau \u012f\u017eeng\u0117 \u012f \u201epavojing\u0105 zon\u0105\u201c, kurioje kriz\u0117s tikimyb\u0117 priklauso nuo kaprizing\u0173 investuotoj\u0173 nuotaik\u0173.<\/p>\n","protected":false},"excerpt":{"rendered":"Jungtini\u0173 Valstij\u0173 valstyb\u0117s skola vir\u0161ijo 40 trilijon\u0173 doleri\u0173, ir \u0161i mil\u017eini\u0161ka finansin\u0117 na\u0161ta spar\u010diai tampa viso pasaulio galvos&hellip;\n","protected":false},"author":2,"featured_media":263382,"comment_status":"","ping_status":"","sticky":false,"template":"","format":"standard","meta":{"footnotes":"","_share_on_mastodon":"0"},"categories":[17],"tags":[81,35793,77,223,37,39,36,38,40,29540,46],"class_list":["post-263381","post","type-post","status-publish","format-standard","has-post-thumbnail","category-verslas","tag-business","tag-es-skola","tag-europa","tag-jav","tag-lietuva","tag-lietuviu","tag-lithuania","tag-lithuanian","tag-lt","tag-valstybes-skola","tag-verslas"],"share_on_mastodon":{"url":"https:\/\/pubeurope.com\/@lt\/117168939254612674","error":""},"_links":{"self":[{"href":"https:\/\/www.europesays.com\/lt\/wp-json\/wp\/v2\/posts\/263381","targetHints":{"allow":["GET"]}}],"collection":[{"href":"https:\/\/www.europesays.com\/lt\/wp-json\/wp\/v2\/posts"}],"about":[{"href":"https:\/\/www.europesays.com\/lt\/wp-json\/wp\/v2\/types\/post"}],"author":[{"embeddable":true,"href":"https:\/\/www.europesays.com\/lt\/wp-json\/wp\/v2\/users\/2"}],"replies":[{"embeddable":true,"href":"https:\/\/www.europesays.com\/lt\/wp-json\/wp\/v2\/comments?post=263381"}],"version-history":[{"count":0,"href":"https:\/\/www.europesays.com\/lt\/wp-json\/wp\/v2\/posts\/263381\/revisions"}],"wp:featuredmedia":[{"embeddable":true,"href":"https:\/\/www.europesays.com\/lt\/wp-json\/wp\/v2\/media\/263382"}],"wp:attachment":[{"href":"https:\/\/www.europesays.com\/lt\/wp-json\/wp\/v2\/media?parent=263381"}],"wp:term":[{"taxonomy":"category","embeddable":true,"href":"https:\/\/www.europesays.com\/lt\/wp-json\/wp\/v2\/categories?post=263381"},{"taxonomy":"post_tag","embeddable":true,"href":"https:\/\/www.europesays.com\/lt\/wp-json\/wp\/v2\/tags?post=263381"}],"curies":[{"name":"wp","href":"https:\/\/api.w.org\/{rel}","templated":true}]}}