{"id":263387,"date":"2026-08-27T19:00:33","date_gmt":"2026-08-27T19:00:33","guid":{"rendered":"https:\/\/www.europesays.com\/lt\/263387\/"},"modified":"2026-08-27T19:00:33","modified_gmt":"2026-08-27T19:00:33","slug":"rusijos-atstovui-grieztas-urm-protestas-respublika-lt","status":"publish","type":"post","link":"https:\/\/www.europesays.com\/lt\/263387\/","title":{"rendered":"Rusijos atstovui &#8211; grie\u017etas URM protestas &#8211; Respublika.lt"},"content":{"rendered":"<p>    \u00d7<\/p>\n<p>    (1\/1) URM i\u0161kviet\u0117 Rusijos Federacijos ambasados Lietuvoje atstov\u0105 ir \u012fteik\u0117 grie\u017eto protesto not\u0105 d\u0117l t\u0119siam\u0173 Rusijos i\u0161puoli\u0173 prie\u0161 Ukrain\u0105. Eltos nuotr. <a href=\"https:\/\/www.respublika.lt\/uploads\/img\/catalog\/1\/photo_1_51148344.jpg\" class=\"swiper-photo-download\" download=\"\" rel=\"nofollow noopener\" target=\"_blank\">Atsisi\u0173sti<\/a><\/p>\n<p><img loading=\"lazy\" decoding=\"async\" src=\"https:\/\/www.respublika.lt\/lt\/naujienos\/lietuva\/lietuvos_politika\/rusijos-atstovui---grieztas-urm-protestas\/images\/ico_camera_white.gif\" class=\"camera\" width=\"22\" height=\"15\" alt=\"nuotr.\" style=\"position:relative; top:-2px; right:2px;\"\/> 1 nuotr.<\/p>\n<p>URM i\u0161kviet\u0117 Rusijos Federacijos ambasados Lietuvoje atstov\u0105 ir \u012fteik\u0117 grie\u017eto protesto not\u0105 d\u0117l t\u0119siam\u0173 Rusijos i\u0161puoli\u0173 prie\u0161 Ukrain\u0105. Eltos nuotr.<\/p>\n<p style=\"text-align: left;\">U\u017esienio reikal\u0173 ministerija (URM) ketvirtadien\u012f i\u0161kviet\u0117\u00a0Rusijos Federacijos ambasados Lietuvoje atstov\u0105 ir \u012fteik\u0117 grie\u017eto protesto not\u0105 d\u0117l t\u0119siam\u0173 Rusijos i\u0161puoli\u0173 prie\u0161 Ukrain\u0105, per kuriuos \u017e\u016bsta civiliai gyventojai ir naikinama civilin\u0117 infrastrukt\u016bra.<\/p>\n<p style=\"text-align: justify;\" class=\"desktop_banner\">\u00a0<\/p>\n<p style=\"text-align: left;\">\u00a0<\/p>\n<p style=\"text-align: left;\">URM teigimu, vien per pra\u0117jusi\u0105 savait\u0119 per Rusijos oro antpuolius \u017euvo de\u0161imtys civili\u0173.<\/p>\n<p style=\"text-align: left;\">Rugpj\u016b\u010dio 21 dien\u0105 per atak\u0105 prie\u0161 prekybos centr\u0105 Kryvoj Roge \u017euvo 16 \u017emoni\u0173, nakt\u012f i\u0161 rugpj\u016b\u010dio 19 \u012f 20 d. Kijeve ir jo apylink\u0117se \u2013 17 civili\u0173, o rugpj\u016b\u010dio 18 d. Rusijos raket\u0173 sm\u016bgis Charkovo srities Pe\u010denih\u0173 gyvenvietei pareikalavo 10 gyvybi\u0173.\u00a0<\/p>\n<p style=\"text-align: left;\">Per i\u0161puolius taip pat buvo apgadinti gyvenamieji namai, vaik\u0173 ligonin\u0117, \u0161vietimo \u012fstaiga, logistikos centrai, \u012fskaitant Raudonojo Kry\u017eiaus objektus, ir kita civilin\u0117 infrastrukt\u016bra.\u00a0<\/p>\n<p style=\"text-align: left;\">Notoje taip pat atkreipiamas d\u0117mesys \u012f Ukrainos pafront\u0117s regionuose Rusijos paj\u0117g\u0173 vykdom\u0105 vadinam\u0105j\u012f \u201e\u017emoni\u0173 safar\u012f\u201c, kai FPV dronais cini\u0161kai puolami civiliai gyventojai.<\/p>\n<p style=\"text-align: left;\">\u201eURM grie\u017etai smerkia nesiliaujan\u010dius ir nepateisinamus Rusijos karini\u0173 paj\u0117g\u0173 i\u0161puolius prie\u0161 civilius gyventojus ir infrastrukt\u016br\u0105 bei pabr\u0117\u017eia, kad tai yra karo nusikaltimai ir nusikaltimai \u017emoni\u0161kumui, atsakomybei u\u017e kuriuos senaties terminas netaikomas\u201c, \u2013 prane\u0161ime pabr\u0117\u017e\u0117 ministerija.<\/p>\n<p style=\"text-align: left;\">Pasak jos, Lietuva reikalauja, kad Rusijos nedelsiant nutraukt\u0173 karin\u0119 agresij\u0105 prie\u0161 Ukrain\u0105 ir i\u0161vest\u0173 okupacines paj\u0117gas i\u0161 visos tarptautiniu mastu pripa\u017eintos suverenios Ukrainos teritorijos, taip pat atlygint\u0173 Rusijos agresijos padaryt\u0105 \u017eal\u0105.<\/p>\n<p>Patiko straipsnis? Leisk mums apie tai su\u017einoti. Nepamir\u0161k pasidalinti Facebook! <\/p>\n<p><img loading=\"lazy\" decoding=\"async\" class=\"p2_social_circle_icon\" src=\"https:\/\/www.respublika.lt\/images\/thumbs_up.svg\" width=\"21\" height=\"22\" alt=\"L\"\/><\/p>\n<p><img loading=\"lazy\" decoding=\"async\" class=\"p2_social_circle_icon\" src=\"https:\/\/www.respublika.lt\/images\/facebook.svg\" alt=\"F\" width=\"22\" height=\"22\" style=\"filter: invert(37%) sepia(55%) saturate(2351%) hue-rotate(187deg) brightness(102%) contrast(106%);\"\/><\/p>\n<p>&#13;<br \/>\n\tNesutinkate &#8211; diskutuokime!<br \/>&#13;<br \/>\n\tNepykite komentatoriai, bet komentarai su keiksma\u017eod\u017eiais bus \u0161alinami automati\u0161kai, be atsipra\u0161ymo.\n    <\/p>\n<p>&#13;<br \/>\n              Respublika.lt pasilieka teis\u0119 pa\u0161alinti nekult\u016bringus, keiksma\u017eod\u017eiais pagardintus, su tema nesusijusius, kito asmens vardu pasira\u0161ytus, \u012fstatymus pa\u017eeid\u017eian\u010dius, \u0161lam\u0161t\u0105 reklamuojan\u010dius ar nusikalsti kurstan\u010dius komentarus. Jei kurstysite smurt\u0105, rasin\u0119, tautin\u0119, religin\u0119 ar kitokio pob\u016bd\u017eio neapykant\u0105, \u017evirbliu i\u0161skrid\u0119 j\u016bs\u0173 \u017eod\u017eiai gr\u012f\u017edami gali virsti ton\u0105 sverian\u010diu jau\u010diu &#8211; specialiosioms Lietuvos tarnyboms pareikalavus suteiksime j\u016bs\u0173 duomenis.\n            <\/p>\n","protected":false},"excerpt":{"rendered":"\u00d7 (1\/1) URM i\u0161kviet\u0117 Rusijos Federacijos ambasados Lietuvoje atstov\u0105 ir \u012fteik\u0117 grie\u017eto protesto not\u0105 d\u0117l t\u0119siam\u0173 Rusijos i\u0161puoli\u0173&hellip;\n","protected":false},"author":2,"featured_media":263388,"comment_status":"","ping_status":"","sticky":false,"template":"","format":"standard","meta":{"footnotes":"","_share_on_mastodon":"0"},"categories":[15],"tags":[25,30,31,34,35,24,32,33,37,39,36,38,40,23,22,13301,44,28,29,119,26,27,360,1502,74,75,76],"class_list":["post-263387","post","type-post","status-publish","format-standard","has-post-thumbnail","category-pasaulis","tag-antrastes","tag-breaking-news","tag-breakingnews","tag-featured-news","tag-featurednews","tag-headlines","tag-latest-news","tag-latestnews","tag-lietuva","tag-lietuviu","tag-lithuania","tag-lithuanian","tag-lt","tag-naujienos","tag-news","tag-nota","tag-pasaulis","tag-populiariausios-naujienos","tag-populiariausiosnaujienos","tag-rusija","tag-top-stories","tag-topstories","tag-ukraina","tag-urm","tag-world","tag-world-news","tag-worldnews"],"share_on_mastodon":{"url":"https:\/\/pubeurope.com\/@lt\/117169018250965690","error":""},"_links":{"self":[{"href":"https:\/\/www.europesays.com\/lt\/wp-json\/wp\/v2\/posts\/263387","targetHints":{"allow":["GET"]}}],"collection":[{"href":"https:\/\/www.europesays.com\/lt\/wp-json\/wp\/v2\/posts"}],"about":[{"href":"https:\/\/www.europesays.com\/lt\/wp-json\/wp\/v2\/types\/post"}],"author":[{"embeddable":true,"href":"https:\/\/www.europesays.com\/lt\/wp-json\/wp\/v2\/users\/2"}],"replies":[{"embeddable":true,"href":"https:\/\/www.europesays.com\/lt\/wp-json\/wp\/v2\/comments?post=263387"}],"version-history":[{"count":0,"href":"https:\/\/www.europesays.com\/lt\/wp-json\/wp\/v2\/posts\/263387\/revisions"}],"wp:featuredmedia":[{"embeddable":true,"href":"https:\/\/www.europesays.com\/lt\/wp-json\/wp\/v2\/media\/263388"}],"wp:attachment":[{"href":"https:\/\/www.europesays.com\/lt\/wp-json\/wp\/v2\/media?parent=263387"}],"wp:term":[{"taxonomy":"category","embeddable":true,"href":"https:\/\/www.europesays.com\/lt\/wp-json\/wp\/v2\/categories?post=263387"},{"taxonomy":"post_tag","embeddable":true,"href":"https:\/\/www.europesays.com\/lt\/wp-json\/wp\/v2\/tags?post=263387"}],"curies":[{"name":"wp","href":"https:\/\/api.w.org\/{rel}","templated":true}]}}