{"id":263445,"date":"2026-08-27T21:15:52","date_gmt":"2026-08-27T21:15:52","guid":{"rendered":"https:\/\/www.europesays.com\/lt\/263445\/"},"modified":"2026-08-27T21:15:52","modified_gmt":"2026-08-27T21:15:52","slug":"vilniaus-centre-atnaujinta-populiari-parduotuve","status":"publish","type":"post","link":"https:\/\/www.europesays.com\/lt\/263445\/","title":{"rendered":"Vilniaus centre atnaujinta populiari parduotuv\u0117"},"content":{"rendered":"<p class=\"wp-block-paragraph\">Rugpj\u016b\u010dio 27 dien\u0105 po rekonstrukcijos pirk\u0117j\u0173 v\u0117l laukia prekybos tinklo \u201eIki\u201c parduotuv\u0117 \u201eIKI Express\u201c, \u012fsik\u016brusi vienoje judriausi\u0173 Vilniaus centro viet\u0173 \u2013 Jogailos gatv\u0117je. \u012e pagal nauj\u0105 standart\u0105 atnaujint\u0105 parduotuv\u0119 tinklas investavo 443 t\u016bkst. eur\u0173. Pirk\u0117jus pasitinka atnaujintos erdv\u0117s, patogesnis preki\u0173 i\u0161d\u0117stymas, kruop\u0161\u010diai atrinktas asortimentas ir sprendimai skubantiems miesto gyventojams bei biur\u0173 darbuotojams.<\/p>\n<p class=\"wp-block-paragraph\">\u201eNuolat investuojame \u012f parduotuvi\u0173 tinklo atnaujinim\u0105, kad apsipirkimas b\u016bt\u0173 kuo patogesnis visiems pirk\u0117jams. Vilniaus centre esan\u010dios parduotuv\u0117s turi ypating\u0105 vaidmen\u012f \u2013 jos aptarnauja ne tik aplinkinius gyventojus, bet ir t\u016bkstan\u010dius \u017emoni\u0173, kasdien vykstan\u010di\u0173 \u012f darb\u0105, susitikimus ar \u012fvairius miesto renginius. Gr\u012f\u017etant \u012f intensyvesn\u012f rudens sezon\u0105 ir prasidedant rugs\u0117jo \u0161urmuliui, ypa\u010d svarbu pasi\u016blyti greitus, patogius ir kokybi\u0161kus apsipirkimo sprendimus pa\u010dioje miesto \u0161irdyje\u201c, \u2013 sako Lina Mui\u017eien\u0117, prekybos tinklo \u201eIki\u201c vykdomoji direktor\u0117.<\/p>\n<p>Did\u017eiausias d\u0117mesys \u2013 greitam ir patogiam apsipirkimui<\/p>\n<p class=\"wp-block-paragraph\">Moderni parduotuv\u0117 atnaujinta pagal naujausius \u012fmon\u0117s standartus, kad m\u0117gstamas prekes b\u016bt\u0173 galima rasti dar grei\u010diau ir patogiau. Ypatingas d\u0117mesys skirtas ai\u0161kiam preki\u0173 i\u0161d\u0117stymui, \u0161vie\u017ei\u0173 produkt\u0173 pasi\u016blai bei sprendimams, leid\u017eiantiems taupyti laik\u0105.<\/p>\n<p>Skaitykite taip pat<a class=\"miv-ax-rel-link\" href=\"https:\/\/madeinvilnius.lt\/naujienos\/lietuvos-naujienos\/pries-rugsejo-1-aja-vilniuje-darbu-finisas-atskleide-kur-eismas-turetu-pagereti\/\" rel=\"nofollow noopener\" target=\"_blank\">Prie\u0161 rugs\u0117jo 1-\u0105j\u0105 Vilniuje \u2013 darb\u0173 fini\u0161as: atskleid\u0117, kur eismas tur\u0117t\u0173 pager\u0117ti<\/a><a class=\"miv-ax-rel-link\" href=\"https:\/\/madeinvilnius.lt\/transportas\/viesasis-transportas\/i-vilniu-atkeliauja-naujos-kartos-18-metru-troleibusai\/\" rel=\"nofollow noopener\" target=\"_blank\">\u012e Vilni\u0173 atkeliauja naujos kartos 18 metr\u0173 troleibusai<\/a><\/p>\n<p class=\"wp-block-paragraph\">186 kv. m prekybinio ploto \u201eIKI EXPRESS \u2013 Jogailos\u201c parduotuv\u0117je pirk\u0117j\u0173 laukia kruop\u0161\u010diai atrinktas asortimentas, pritaikytas aktyviam miesto gyvenimo ritmui. \u010cia galima rasti \u0161vie\u017ei\u0173 vaisi\u0173 ir dar\u017eovi\u0173, pieno produkt\u0173, duonos ir kepini\u0173, u\u017ekand\u017ei\u0173, g\u0117rim\u0173, kulinarijos gamini\u0173 bei kit\u0173 kasdien reikaling\u0173 preki\u0173.<\/p>\n<p class=\"wp-block-paragraph\">\u201eMiesto centre veikian\u010dios parduotuv\u0117s turi atitikti kiek kitokius pirk\u0117j\u0173 poreikius. Daugelis u\u017esuka greitam apsipirkimui, tod\u0117l itin svarbu, kad m\u0117gstamas prekes b\u016bt\u0173 galima rasti greitai ir patogiai. Atnaujintoje parduotuv\u0117je daugiau d\u0117mesio skyr\u0117me b\u016btent tam, o papildoma paslauga \u2013 kavos aparatas \u2013 leis pirk\u0117jams pasiruo\u0161ti dienai ar trumpai atsikv\u0117pti skubant miesto centre\u201c, \u2013 sako G. Kitov\u0117.<\/p>\n<p>Atidarymo proga \u2013 special\u016bs pasi\u016blymai<\/p>\n<p class=\"wp-block-paragraph\">Atidarymo proga lojaliems pirk\u0117jams parengti special\u016bs pasi\u016blymai, galiojantys tik \u0161ioje parduotuv\u0117je: bananai tik 0.55 Eur\/kg, \u012fvairi\u0173 r\u016b\u0161i\u0173 piet\u0173 rinkiniai IKI \u0160EFAI 2.49 Eur, KINDER MAXI KING baton\u0117lis 1+1 tik 1.09 Eur, kruasanas su karameliniu \u012fdaru 1+1 tik 0.75 Eur, ledams -50%, bulvi\u0173 ir kukur\u016bz\u0173 tra\u0161ku\u010diams -40%.\u00a0<\/p>\n<p class=\"wp-block-paragraph\">Greitesniam apsipirkimui atnaujintoje parduotuv\u0117je \u012frengtos 4 \u201eIKI Bitut\u0117\u201c savitarnos kasos, taip pat veikia 1 \u201eExpress\u201c kasa. Parduotuv\u0117 pirk\u0117j\u0173 laukia kasdien nuo 8 iki 22 val.<\/p>\n<p class=\"wp-block-paragraph\">\u201eIki\u201c ir toliau nuosekliai investuoja \u012f parduotuvi\u0173 tinklo pl\u0117tr\u0105 bei jau veikian\u010di\u0173 parduotuvi\u0173 atnaujinim\u0105 visoje Lietuvoje, siekdama u\u017etikrinti kuo patogesn\u0119 apsipirkimo patirt\u012f skirtingus pirk\u0117j\u0173 poreikius atitinkan\u010diose vietose \u2013 nuo gyvenam\u0173j\u0173 rajon\u0173 iki judriausi\u0173 miest\u0173 centr\u0173.<\/p>\n<p><a href=\"https:\/\/madeinvilnius.lt\/wp-content\/uploads\/2026\/08\/miv-20260827-y0o1yf32.jpg\" rel=\"nofollow noopener\" target=\"_blank\"><img loading=\"lazy\" decoding=\"async\" width=\"1024\" height=\"768\" data-id=\"378692\" src=\"https:\/\/www.europesays.com\/lt\/wp-content\/uploads\/2026\/08\/miv-20260827-86obbzzg.jpg\" alt=\"\" class=\"wp-image-378692\"\/><\/a><a href=\"https:\/\/madeinvilnius.lt\/wp-content\/uploads\/2026\/08\/miv-20260827-afhhzoym.jpg\" rel=\"nofollow noopener\" target=\"_blank\"><img loading=\"lazy\" decoding=\"async\" width=\"1024\" height=\"768\" data-id=\"378696\" src=\"https:\/\/www.europesays.com\/lt\/wp-content\/uploads\/2026\/08\/miv-20260827-evmw1yv3.jpg\" alt=\"\" class=\"wp-image-378696\"\/><\/a><a href=\"https:\/\/madeinvilnius.lt\/wp-content\/uploads\/2026\/08\/miv-20260827-xncyrpmt.jpg\" rel=\"nofollow noopener\" target=\"_blank\"><img loading=\"lazy\" decoding=\"async\" width=\"1024\" height=\"768\" data-id=\"378702\" src=\"https:\/\/www.europesays.com\/lt\/wp-content\/uploads\/2026\/08\/miv-20260827-ltfckxnn.jpg\" alt=\"\" class=\"wp-image-378702\"\/><\/a><a href=\"https:\/\/madeinvilnius.lt\/wp-content\/uploads\/2026\/08\/miv-20260827-5vbmoj5z.jpg\" rel=\"nofollow noopener\" target=\"_blank\"><img loading=\"lazy\" decoding=\"async\" width=\"1024\" height=\"768\" data-id=\"378694\" src=\"https:\/\/www.europesays.com\/lt\/wp-content\/uploads\/2026\/08\/miv-20260827-kxzozqaw.jpg\" alt=\"\" class=\"wp-image-378694\"\/><\/a><a href=\"https:\/\/madeinvilnius.lt\/wp-content\/uploads\/2026\/08\/miv-20260827-hzpfxtda.jpg\" rel=\"nofollow noopener\" target=\"_blank\"><img loading=\"lazy\" decoding=\"async\" width=\"1024\" height=\"768\" data-id=\"378698\" src=\"https:\/\/www.europesays.com\/lt\/wp-content\/uploads\/2026\/08\/miv-20260827-quz2xu6i.jpg\" alt=\"\" class=\"wp-image-378698\"\/><\/a><a href=\"https:\/\/madeinvilnius.lt\/wp-content\/uploads\/2026\/08\/miv-20260827-zvlj0ksi.jpg\" rel=\"nofollow noopener\" target=\"_blank\"><img loading=\"lazy\" decoding=\"async\" width=\"1024\" height=\"768\" data-id=\"378706\" src=\"https:\/\/www.europesays.com\/lt\/wp-content\/uploads\/2026\/08\/miv-20260827-ahhnunxs.jpg\" alt=\"\" class=\"wp-image-378706\"\/><\/a><a href=\"https:\/\/madeinvilnius.lt\/wp-content\/uploads\/2026\/08\/miv-20260827-qbq463ov.jpg\" rel=\"nofollow noopener\" target=\"_blank\"><img loading=\"lazy\" decoding=\"async\" width=\"1024\" height=\"768\" data-id=\"378708\" src=\"https:\/\/www.europesays.com\/lt\/wp-content\/uploads\/2026\/08\/miv-20260827-cdgbpnpr.jpg\" alt=\"\" class=\"wp-image-378708\"\/><\/a><a href=\"https:\/\/madeinvilnius.lt\/wp-content\/uploads\/2026\/08\/miv-20260827-dpmb05tg.jpg\" rel=\"nofollow noopener\" target=\"_blank\"><img loading=\"lazy\" decoding=\"async\" width=\"1024\" height=\"768\" data-id=\"378704\" src=\"https:\/\/www.europesays.com\/lt\/wp-content\/uploads\/2026\/08\/miv-20260827-dueprto3.jpg\" alt=\"\" class=\"wp-image-378704\"\/><\/a><a href=\"https:\/\/madeinvilnius.lt\/wp-content\/uploads\/2026\/08\/miv-20260827-2wbt1yik.jpg\" rel=\"nofollow noopener\" target=\"_blank\"><img loading=\"lazy\" decoding=\"async\" width=\"1024\" height=\"768\" data-id=\"378700\" src=\"https:\/\/www.europesays.com\/lt\/wp-content\/uploads\/2026\/08\/miv-20260827-26u4t8nx.jpg\" alt=\"\" class=\"wp-image-378700\"\/><\/a><\/p>\n","protected":false},"excerpt":{"rendered":"Rugpj\u016b\u010dio 27 dien\u0105 po rekonstrukcijos pirk\u0117j\u0173 v\u0117l laukia prekybos tinklo \u201eIki\u201c parduotuv\u0117 \u201eIKI Express\u201c, \u012fsik\u016brusi vienoje judriausi\u0173 Vilniaus&hellip;\n","protected":false},"author":2,"featured_media":263446,"comment_status":"","ping_status":"","sticky":false,"template":"","format":"standard","meta":{"footnotes":"","_share_on_mastodon":"0"},"categories":[13],"tags":[25,30,31,34,35,24,2742,32,33,37,39,36,38,40,65,23,22,28,29,26,27],"class_list":["post-263445","post","type-post","status-publish","format-standard","has-post-thumbnail","category-lietuva","tag-antrastes","tag-breaking-news","tag-breakingnews","tag-featured-news","tag-featurednews","tag-headlines","tag-iki","tag-latest-news","tag-latestnews","tag-lietuva","tag-lietuviu","tag-lithuania","tag-lithuanian","tag-lt","tag-naujiena","tag-naujienos","tag-news","tag-populiariausios-naujienos","tag-populiariausiosnaujienos","tag-top-stories","tag-topstories"],"share_on_mastodon":{"url":"https:\/\/pubeurope.com\/@lt\/117169552932861189","error":""},"_links":{"self":[{"href":"https:\/\/www.europesays.com\/lt\/wp-json\/wp\/v2\/posts\/263445","targetHints":{"allow":["GET"]}}],"collection":[{"href":"https:\/\/www.europesays.com\/lt\/wp-json\/wp\/v2\/posts"}],"about":[{"href":"https:\/\/www.europesays.com\/lt\/wp-json\/wp\/v2\/types\/post"}],"author":[{"embeddable":true,"href":"https:\/\/www.europesays.com\/lt\/wp-json\/wp\/v2\/users\/2"}],"replies":[{"embeddable":true,"href":"https:\/\/www.europesays.com\/lt\/wp-json\/wp\/v2\/comments?post=263445"}],"version-history":[{"count":0,"href":"https:\/\/www.europesays.com\/lt\/wp-json\/wp\/v2\/posts\/263445\/revisions"}],"wp:featuredmedia":[{"embeddable":true,"href":"https:\/\/www.europesays.com\/lt\/wp-json\/wp\/v2\/media\/263446"}],"wp:attachment":[{"href":"https:\/\/www.europesays.com\/lt\/wp-json\/wp\/v2\/media?parent=263445"}],"wp:term":[{"taxonomy":"category","embeddable":true,"href":"https:\/\/www.europesays.com\/lt\/wp-json\/wp\/v2\/categories?post=263445"},{"taxonomy":"post_tag","embeddable":true,"href":"https:\/\/www.europesays.com\/lt\/wp-json\/wp\/v2\/tags?post=263445"}],"curies":[{"name":"wp","href":"https:\/\/api.w.org\/{rel}","templated":true}]}}