{"id":26350,"date":"2025-10-27T09:27:09","date_gmt":"2025-10-27T09:27:09","guid":{"rendered":"https:\/\/www.europesays.com\/lt\/26350\/"},"modified":"2025-10-27T09:27:09","modified_gmt":"2025-10-27T09:27:09","slug":"prie-vyriausybes-unikali-protesto-forma-skaite-peticija-pries-nemuno-ausra-pasirasiusiuju-vardus-kultura","status":"publish","type":"post","link":"https:\/\/www.europesays.com\/lt\/26350\/","title":{"rendered":"Prie Vyriausyb\u0117s \u2013 unikali protesto forma: skait\u0117 peticij\u0105 prie\u0161 \u201eNemuno au\u0161r\u0105\u201c pasira\u0161iusi\u0173j\u0173 vardus | Kult\u016bra"},"content":{"rendered":"<p>Anot \u0161ios protesto akcijos organizatori\u0173, peticij\u0105 pasira\u0161\u0117 de\u0161imtys t\u016bkstan\u010di\u0173 neabejing\u0173 pilie\u010di\u0173 ir daugiau nei \u0161imtas organizacij\u0173. U\u017e \u0161io jud\u0117jimo \u2013 k\u016br\u0117jai, kult\u016bros darbuotojai, mokytojai, studentai, mokiniai, \u017ei\u016brovai, skaitytojai, \u017ei\u016brintieji ir klausantieji i\u0161 visos Lietuvos.<\/p>\n<p>Kaip teigia organizatoriai, tai \u2013 \u012frodymas, kad kult\u016bros bendruomen\u0117 n\u0117ra ma\u017euma ar u\u017edara grup\u0117. Akcijos pavadinimas \u201eMes visi esame kult\u016bra\u201c, o taip akcentuojamas vis\u0173 visuomen\u0117s grupi\u0173 \u012ftraukimas \u012f protest\u0105 ir politinius vyksmus.<\/p>\n<p>\u201ePatys studentai si\u016blo \u012fvairias iniciatyvas, jie mato, kad vyksta kult\u016bros asambl\u0117jos, tod\u0117l jie nori prisid\u0117ti. (&#8230;) Nusprend\u0117me \u0161\u012f syk\u012f studentams, jaunimui \u017eengti \u012f pirmas gretas, norime, kad jie ne tik steb\u0117t\u0173, bet ir dalyvaut\u0173. Jie turi ugnies ir tro\u0161kimo\u201c, \u2013 teig\u0117 A.\u0160pilevojus.<\/p>\n<p>Anot re\u017eisieriaus, jaunimas \u2013 ateitis, kuri kurs Lietuvoje.<\/p>\n<p>\u201eNorime tik\u0117ti ir manyti, kad valdantiesiems jaun\u0173j\u0173 balsai turi did\u017eiul\u0119 reik\u0161m\u0119. Valdan\u010di\u0173j\u0173 likimas priklauso nuo jaun\u0173 \u017emoni\u0173\u201c, \u2013 LRT KLASIKAI sak\u0117 A.\u0160pilevojus.<\/p>\n<p>\u012e aik\u0161t\u0119 paimti peticijos at\u0117jo ministr\u0117s pirminink\u0117s patar\u0117jas ry\u0161i\u0173 su Seimu klausimais Tadas Vinokuras ir patar\u0117ja kult\u016bros klausimais Ingrida Kutkien\u0117. Peticija nuo kult\u016bros bendruomen\u0117s perduota su 71444 oficialiai patvirtintais para\u0161ais, tarp kuri\u0173 ir 277 kult\u016bros, meno ir pilietin\u0117s visuomen\u0117s organizacijos \u2013 valstybiniai teatrai, muziejai, bibliotekos, leidyklos, festivali\u0173 organizatoriai, meno s\u0105jungos, k\u016br\u0117j\u0173 asociacijos, \u0161vietimo \u012fstaigos, kult\u016bros iniciatyvos ir nevyriausybin\u0117s organizacijos.<\/p>\n<p>Kaip skelbta anks\u010diau, pagal valdan\u010diosios daugumos koalicin\u0117s sutarties pried\u0105 Kult\u016bros ministerija atiteko socialdemokratams. Ta\u010diau \u201eNemuno au\u0161rai\u201c nerandant tinkamo kandidato \u012f energetikos ministrus, partijos sutar\u0117 d\u0117l main\u0173 \u2013 Energetikos ministerija atiteko socialdemokratams, o kult\u016bros ministro portfelis \u201eau\u0161rie\u010diams\u201c. \u012e \u0161ias pareigas paskirtas vie\u0161os kritikos sulauk\u0119s \u201eNemuno au\u0161ros\u201c atstovas Ignotas Adomavi\u010dius, poste i\u0161buv\u0119s kiek ilgiau nei savait\u0119.<\/p>\n<p>Ministerij\u0173 mainai bei paskirtas \u201eau\u0161rietis\u201c suk\u0117l\u0117 pasipiktinim\u0105 kult\u016bros bendruomen\u0117je \u2013 organizuotas protestas prie Prezident\u016bros, \u012fsp\u0117jamasis streikas, platinta peticija.<\/p>\n<p> <a href=\"https:\/\/s1.15min.lt\/images\/photos\/2025\/10\/27\/original\/protestas-mes-esame-kultura-68ff20342cbf0.jpg\" rel=\"content-image nofollow noopener\" title=\"Aleksandras \u0160pilevojus. Roberto Riabovo \/ BNS nuotr.\/Aleksandras \u0160pilevojus\" target=\"_blank\"><img decoding=\"async\" alt=\"Aleksandras \u0160pilevojus. Roberto Riabovo \/ BNS nuotr.\/Aleksandras \u0160pilevojus\" rel=\"content-image\" src=\"https:\/\/www.europesays.com\/lt\/wp-content\/uploads\/2025\/10\/protestas-mes-esame-kultura-68ff20342cbf0.jpg\" style=\"width: auto; height: auto;\"\/><\/a> <\/p>\n<p>Aleksandras \u0160pilevojus. Roberto Riabovo \/ BNS nuotr.\/Aleksandras \u0160pilevojus<\/p>\n<p>Kult\u016bros atstovai, reikalaujantys, kad \u201eNemuno au\u0161ra\u201c b\u016bt\u0173 atitraukta nuo Kult\u016bros ministerijos, pra\u0117jus\u012f tre\u010diadien\u012f inicijavo protesto m\u0117nes\u012f \u201eMes esame kult\u016bra\u201c.<\/p>\n<p>Tiesa, anks\u010diau \u0161\u012f m\u0117nes\u012f pos\u0117d\u017eiavusi socialdemokrat\u0173 taryba nutar\u0117 i\u0161 \u201eau\u0161rie\u010di\u0173\u201c perimti savo atsakomyb\u0117n Kult\u016bros ministerij\u0105. Savo ruo\u017etu premjer\u0117 Inga Ruginien\u0117 patikino, kad kandidato \u012f \u0161i\u0105 ministerij\u0105 ie\u0161kos pati, ta\u010diau kol kas pretendentas vadovauti Kult\u016bros ministerijai n\u0117ra pateiktas.<\/p>\n<p>Laikinai Kult\u016bros ministerijai vadovauja \u0161vietimo, mokslo ir sporto ministr\u0117 Raminta Popovien\u0117.<\/p>\n","protected":false},"excerpt":{"rendered":"Anot \u0161ios protesto akcijos organizatori\u0173, peticij\u0105 pasira\u0161\u0117 de\u0161imtys t\u016bkstan\u010di\u0173 neabejing\u0173 pilie\u010di\u0173 ir daugiau nei \u0161imtas organizacij\u0173. U\u017e \u0161io&hellip;\n","protected":false},"author":2,"featured_media":26351,"comment_status":"","ping_status":"","sticky":false,"template":"","format":"standard","meta":{"footnotes":""},"categories":[13],"tags":[25,30,31,34,35,24,32,33,37,39,36,38,40,23,22,28,29,26,27],"class_list":{"0":"post-26350","1":"post","2":"type-post","3":"status-publish","4":"format-standard","5":"has-post-thumbnail","7":"category-lietuva","8":"tag-antrastes","9":"tag-breaking-news","10":"tag-breakingnews","11":"tag-featured-news","12":"tag-featurednews","13":"tag-headlines","14":"tag-latest-news","15":"tag-latestnews","16":"tag-lietuva","17":"tag-lietuviu","18":"tag-lithuania","19":"tag-lithuanian","20":"tag-lt","21":"tag-naujienos","22":"tag-news","23":"tag-populiariausios-naujienos","24":"tag-populiariausiosnaujienos","25":"tag-top-stories","26":"tag-topstories"},"share_on_mastodon":{"url":"https:\/\/pubeurope.com\/@lt\/115445422182793645","error":""},"_links":{"self":[{"href":"https:\/\/www.europesays.com\/lt\/wp-json\/wp\/v2\/posts\/26350","targetHints":{"allow":["GET"]}}],"collection":[{"href":"https:\/\/www.europesays.com\/lt\/wp-json\/wp\/v2\/posts"}],"about":[{"href":"https:\/\/www.europesays.com\/lt\/wp-json\/wp\/v2\/types\/post"}],"author":[{"embeddable":true,"href":"https:\/\/www.europesays.com\/lt\/wp-json\/wp\/v2\/users\/2"}],"replies":[{"embeddable":true,"href":"https:\/\/www.europesays.com\/lt\/wp-json\/wp\/v2\/comments?post=26350"}],"version-history":[{"count":0,"href":"https:\/\/www.europesays.com\/lt\/wp-json\/wp\/v2\/posts\/26350\/revisions"}],"wp:featuredmedia":[{"embeddable":true,"href":"https:\/\/www.europesays.com\/lt\/wp-json\/wp\/v2\/media\/26351"}],"wp:attachment":[{"href":"https:\/\/www.europesays.com\/lt\/wp-json\/wp\/v2\/media?parent=26350"}],"wp:term":[{"taxonomy":"category","embeddable":true,"href":"https:\/\/www.europesays.com\/lt\/wp-json\/wp\/v2\/categories?post=26350"},{"taxonomy":"post_tag","embeddable":true,"href":"https:\/\/www.europesays.com\/lt\/wp-json\/wp\/v2\/tags?post=26350"}],"curies":[{"name":"wp","href":"https:\/\/api.w.org\/{rel}","templated":true}]}}