{"id":26354,"date":"2025-10-27T09:30:14","date_gmt":"2025-10-27T09:30:14","guid":{"rendered":"https:\/\/www.europesays.com\/lt\/26354\/"},"modified":"2025-10-27T09:30:14","modified_gmt":"2025-10-27T09:30:14","slug":"barcelona-nugalejes-el-clasico-musyje-real-sutvirtino-la-liga-lyderio-pozicija","status":"publish","type":"post","link":"https:\/\/www.europesays.com\/lt\/26354\/","title":{"rendered":"\u201eBarcelona\u201c nugal\u0117j\u0119s \u201eEl Clasico\u201c m\u016b\u0161yje \u201eReal\u201c sutvirtino \u201eLa Liga\u201c lyderio pozicij\u0105"},"content":{"rendered":"<p>Madrido \u201eReal\u201c sekmadien\u012f Ispanijos \u201eLa Liga\u201c pirmenyb\u0117se \u012fvykusiame \u201eEl Clasico\u201c m\u016b\u0161yje 2:1 nugal\u0117jo \u201eBarcelonos\u201c futbolininkus.<\/p>\n<p>Puikaus Jude\u2018o Bellinghamo perdavimo sulauk\u0119s Kylianas Mbappe su\u017eaidus kiek daugiau nei 20 minu\u010di\u0173 tiksliai nukreip\u0117 kamuol\u012f \u012f vart\u0173 tinkl\u0105 ir i\u0161ved\u0117 \u201eReal\u201c \u012f priek\u012f 1:0. Ferminas Lopezas tiksliai u\u017edar\u0117 komandos draugo perdavim\u0105 ir atstat\u0117 \u0161ioje dvikovoje pusiausvyr\u0105 1:1. J. Bellinghamas pirmojo k\u0117linio pabaigoje pasiunt\u0117 kamuol\u012f \u012f vartus ir v\u0117l persv\u0117r\u0117 rezultat\u0105 \u201eReal\u201c naudai 2:1.<\/p>\n<p>K. Mbappe antrojo k\u0117linio prad\u017eioje nepavyko realizuoti teis\u0117jo skirto vienuolikos metr\u0173 baudinio, kamuol\u012f meistri\u0161kai atr\u0117m\u0117 katalon\u0173 ekipos vart\u0173 sargas\u00a0Wojciechas Szczesny. Pedri rungtyni\u0173 pabaigoje u\u017e grubi\u0105 pra\u017eang\u0105 buvo nubaustas antra geltona kortele, virtusia \u012f raudon\u0105 kortel\u0119, bei\u00a0\u201eBarcelona\u201c liko \u017eaisti de\u0161imtyje.<\/p>\n<p>\u201eBarcelonos\u201c vyriausiasis treneris \u0161\u012f susitikim\u0105 steb\u0117jo i\u0161 \u0161alies, nes negal\u0117jo vadovauti komandai d\u0117l rungtyn\u0117se su \u201eGirona\u201c u\u017esidirbtos raudonos kortel\u0117s.<\/p>\n<p>\u201eReal\u201c i\u0161leido jauniausi\u0105 startin\u012f vienuoliktuk\u0105 \u201eEl Clasico\u201c susitikime visuose turnyruose per paskutinius 20 sezon\u0173 (25 metai ir 15 dien\u0173).<\/p>\n<p>K. Mbappe tapo tre\u010diuoju \u017eaid\u0117ju, pasi\u017eym\u0117jusiu keturiuose \u201eEl Clasico\u201c m\u016b\u0161iuose i\u0161 eil\u0117s visuose turnyruose 21-ajame am\u017eiuje.<\/p>\n<p>J. Bellinghamas tapo jauniausiuoju \u201eReal\u201c \u017eaid\u0117ju, pelniusiu \u012fvart\u012f ir atlikusiu rezultatyv\u0173 perdavim\u0105 rungtyn\u0117se prie\u0161 \u201eBarcelon\u0105\u201c visuose turnyruose (22 metai ir 119 dien\u0173).<\/p>\n<p>\u201eReal\u201c po 10 su\u017eaist\u0173 rungtyni\u0173 turi surink\u0119s 27 ta\u0161kus ir rikiuojasi \u201eLa Liga\u201c pirmenybi\u0173 turnyrin\u0117s lentel\u0117s vir\u0161\u016bn\u0117je. Tuo tarpu \u201eBarcelona\u201c su 22 ta\u0161kais alsuoja \u012f nugar\u0105 ir \u017eengia antra.\u00a0<\/p>\n","protected":false},"excerpt":{"rendered":"Madrido \u201eReal\u201c sekmadien\u012f Ispanijos \u201eLa Liga\u201c pirmenyb\u0117se \u012fvykusiame \u201eEl Clasico\u201c m\u016b\u0161yje 2:1 nugal\u0117jo \u201eBarcelonos\u201c futbolininkus. Puikaus Jude\u2018o Bellinghamo&hellip;\n","protected":false},"author":2,"featured_media":26355,"comment_status":"","ping_status":"","sticky":false,"template":"","format":"standard","meta":{"footnotes":""},"categories":[19],"tags":[57,43,55,48,54,51,49,50,37,39,36,38,40,45,23,44,53,42,56,47,112,104,46,58,52],"class_list":{"0":"post-26354","1":"post","2":"type-post","3":"status-publish","4":"format-standard","5":"has-post-thumbnail","7":"category-sportas","8":"tag-daiktai","9":"tag-dienos-kronika","10":"tag-gatves-tekstai","11":"tag-gyvenimas","12":"tag-interneto-pievos","13":"tag-keliones","14":"tag-kultura","15":"tag-laisvalaikis","16":"tag-lietuva","17":"tag-lietuviu","18":"tag-lithuania","19":"tag-lithuanian","20":"tag-lt","21":"tag-mokslas-ir-it","22":"tag-naujienos","23":"tag-pasaulis","24":"tag-projektai","25":"tag-rinktiniai-tekstai","26":"tag-simtmecio-portalas","27":"tag-sportas","28":"tag-sportas-lt","29":"tag-sports","30":"tag-verslas","31":"tag-video","32":"tag-zaidimai"},"share_on_mastodon":{"url":"https:\/\/pubeurope.com\/@lt\/115445433826415454","error":""},"_links":{"self":[{"href":"https:\/\/www.europesays.com\/lt\/wp-json\/wp\/v2\/posts\/26354","targetHints":{"allow":["GET"]}}],"collection":[{"href":"https:\/\/www.europesays.com\/lt\/wp-json\/wp\/v2\/posts"}],"about":[{"href":"https:\/\/www.europesays.com\/lt\/wp-json\/wp\/v2\/types\/post"}],"author":[{"embeddable":true,"href":"https:\/\/www.europesays.com\/lt\/wp-json\/wp\/v2\/users\/2"}],"replies":[{"embeddable":true,"href":"https:\/\/www.europesays.com\/lt\/wp-json\/wp\/v2\/comments?post=26354"}],"version-history":[{"count":0,"href":"https:\/\/www.europesays.com\/lt\/wp-json\/wp\/v2\/posts\/26354\/revisions"}],"wp:featuredmedia":[{"embeddable":true,"href":"https:\/\/www.europesays.com\/lt\/wp-json\/wp\/v2\/media\/26355"}],"wp:attachment":[{"href":"https:\/\/www.europesays.com\/lt\/wp-json\/wp\/v2\/media?parent=26354"}],"wp:term":[{"taxonomy":"category","embeddable":true,"href":"https:\/\/www.europesays.com\/lt\/wp-json\/wp\/v2\/categories?post=26354"},{"taxonomy":"post_tag","embeddable":true,"href":"https:\/\/www.europesays.com\/lt\/wp-json\/wp\/v2\/tags?post=26354"}],"curies":[{"name":"wp","href":"https:\/\/api.w.org\/{rel}","templated":true}]}}