{"id":26364,"date":"2025-10-27T09:44:08","date_gmt":"2025-10-27T09:44:08","guid":{"rendered":"https:\/\/www.europesays.com\/lt\/26364\/"},"modified":"2025-10-27T09:44:08","modified_gmt":"2025-10-27T09:44:08","slug":"rusijoje-padegimu-epidemija-naikinama-svarbi-rusijos-logistika","status":"publish","type":"post","link":"https:\/\/www.europesays.com\/lt\/26364\/","title":{"rendered":"Rusijoje \u2013 padegim\u0173 \u201eepidemija\u201c: naikinama svarbi Rusijos logistika"},"content":{"rendered":"<p>Pasak \u0161altini\u0173, per pastar\u0105j\u0105 savait\u0119 Rusijoje sustipr\u0117jo elektros skydini\u0173\u00a0ir kit\u0173 infrastrukt\u016bros komponent\u0173, susijusi\u0173 su Kremliaus agresija prie\u0161 Ukrain\u0105, padegim\u0173 ir \u201esavaimini\u0173 u\u017esidegim\u0173\u201c epidemija.<\/p>\n<p>Ukrainos \u017evalgybos \u0161altini\u0173 duomenimis, staig\u016bs gaisrai svarbiausiuose Rusijos logistikos ir energijos tiekimo mazguose kilo beveik visoje agresoriaus \u0161alies teritorijoje.<\/p>\n<p>Vis\u0173 pirma vien per pastar\u0105j\u0105 savait\u0119 elektros skydin\u0117s, elektroniniai \u012frenginiai, kurie atsakingi u\u017e gele\u017einkelio sistemos valdym\u0105 ir ry\u0161i\u0173 bok\u0161tai deg\u0117 Maskvoje, Irkutsko srityje, Vologdoje, Sterlitamake, Kala\u010dinske, Pionerskoje, Zare\u010dnoje, Krasnoselje, Marmornyje ir kt.<\/p>\n<p>Vietos pasiprie\u0161inimo jud\u0117jimo atstovai padegin\u0117jo infrastrukt\u016br\u0105 naudodami \u017eibal\u0105 ir kitus degiuosius skys\u010dius, fiksuodami tai vaizdo \u012fra\u0161uose.<\/p>\n<p>D\u0117l toki\u0173 veiksm\u0173 rusai neturi elektros ir ry\u0161i\u0173, o Rusijos kariuomen\u0117 patiria logistini\u0173 sunkum\u0173.<\/p>\n<p>\u201eStaig\u016bs padegimai bei netik\u0117ti sprogimai vis da\u017eniau pasitaiko ir plinta visoje Rusijoje. J\u0173 bus daugiau, infrastrukt\u016bra degs ry\u0161kiau, o rus\u0173 namuose, prie\u0161ingai, bus tamsiau\u201c, \u2013 prane\u0161a pasiprie\u0161inimo jud\u0117jimo atstovai.<\/p>\n<p>Sekmadien\u012f pasiprie\u0161inimo jud\u0117jimas \u201eATESH\u201c prane\u0161\u0117 apie s\u0117kming\u0105 sabota\u017e\u0105 laikinai okupuotoje Krymo teritorijoje.<\/p>\n<p>J\u0173 agentai i\u0161jung\u0117 rel\u0117s \u012frang\u0105 gele\u017einkelio linijoje netoli Armiansko, d\u0117l to buvo sustabdyti traukiniai, kuriais okupantai tiek\u0117 amunicij\u0105 ir \u012frang\u0105 \u012f front\u0105.<\/p>\n<p>Parengta pagal \u201eRBC-Ukraine\u201c inf.<\/p>\n","protected":false},"excerpt":{"rendered":"Pasak \u0161altini\u0173, per pastar\u0105j\u0105 savait\u0119 Rusijoje sustipr\u0117jo elektros skydini\u0173\u00a0ir kit\u0173 infrastrukt\u016bros komponent\u0173, susijusi\u0173 su Kremliaus agresija prie\u0161 Ukrain\u0105,&hellip;\n","protected":false},"author":2,"featured_media":26365,"comment_status":"","ping_status":"","sticky":false,"template":"","format":"standard","meta":{"footnotes":""},"categories":[15],"tags":[25,30,31,34,35,24,32,33,37,39,36,38,40,23,22,44,28,29,26,27,74,75,76],"class_list":{"0":"post-26364","1":"post","2":"type-post","3":"status-publish","4":"format-standard","5":"has-post-thumbnail","7":"category-pasaulis","8":"tag-antrastes","9":"tag-breaking-news","10":"tag-breakingnews","11":"tag-featured-news","12":"tag-featurednews","13":"tag-headlines","14":"tag-latest-news","15":"tag-latestnews","16":"tag-lietuva","17":"tag-lietuviu","18":"tag-lithuania","19":"tag-lithuanian","20":"tag-lt","21":"tag-naujienos","22":"tag-news","23":"tag-pasaulis","24":"tag-populiariausios-naujienos","25":"tag-populiariausiosnaujienos","26":"tag-top-stories","27":"tag-topstories","28":"tag-world","29":"tag-world-news","30":"tag-worldnews"},"share_on_mastodon":{"url":"https:\/\/pubeurope.com\/@lt\/115445488900943233","error":""},"_links":{"self":[{"href":"https:\/\/www.europesays.com\/lt\/wp-json\/wp\/v2\/posts\/26364","targetHints":{"allow":["GET"]}}],"collection":[{"href":"https:\/\/www.europesays.com\/lt\/wp-json\/wp\/v2\/posts"}],"about":[{"href":"https:\/\/www.europesays.com\/lt\/wp-json\/wp\/v2\/types\/post"}],"author":[{"embeddable":true,"href":"https:\/\/www.europesays.com\/lt\/wp-json\/wp\/v2\/users\/2"}],"replies":[{"embeddable":true,"href":"https:\/\/www.europesays.com\/lt\/wp-json\/wp\/v2\/comments?post=26364"}],"version-history":[{"count":0,"href":"https:\/\/www.europesays.com\/lt\/wp-json\/wp\/v2\/posts\/26364\/revisions"}],"wp:featuredmedia":[{"embeddable":true,"href":"https:\/\/www.europesays.com\/lt\/wp-json\/wp\/v2\/media\/26365"}],"wp:attachment":[{"href":"https:\/\/www.europesays.com\/lt\/wp-json\/wp\/v2\/media?parent=26364"}],"wp:term":[{"taxonomy":"category","embeddable":true,"href":"https:\/\/www.europesays.com\/lt\/wp-json\/wp\/v2\/categories?post=26364"},{"taxonomy":"post_tag","embeddable":true,"href":"https:\/\/www.europesays.com\/lt\/wp-json\/wp\/v2\/tags?post=26364"}],"curies":[{"name":"wp","href":"https:\/\/api.w.org\/{rel}","templated":true}]}}