{"id":263677,"date":"2026-08-28T10:24:59","date_gmt":"2026-08-28T10:24:59","guid":{"rendered":"https:\/\/www.europesays.com\/lt\/263677\/"},"modified":"2026-08-28T10:24:59","modified_gmt":"2026-08-28T10:24:59","slug":"sesios-europos-salys-priesinasi-es-biudzeto-didinimui-respublika-lt","status":"publish","type":"post","link":"https:\/\/www.europesays.com\/lt\/263677\/","title":{"rendered":"\u0160e\u0161ios Europos \u0161alys prie\u0161inasi ES biud\u017eeto didinimui &#8211; Respublika.lt"},"content":{"rendered":"<p><img loading=\"lazy\" decoding=\"async\" src=\"https:\/\/www.respublika.lt\/lt\/naujienos\/pasaulis\/kitos_pasaulio_naujienos\/sesios-europos-salys-priesinasi-es-biudzeto-didinimui\/images\/ico_camera_white.gif\" class=\"camera\" width=\"22\" height=\"15\" alt=\"nuotr.\" style=\"position:relative; top:-2px; right:2px;\"\/> 1 nuotr.<\/p>\n<p>Austrijos kancleris Christianas Stockeris, Danijos premjer\u0117 Mette Frederiksen, Vokietijos kancleris Friedrichas Merzas ir Suomijos premjeras Petteris Orpo. EPA-Eltos nuotr.<\/p>\n<p style=\"text-align: justify;\" class=\"desktop_banner\">\u00a0<\/p>\n<p style=\"text-align: left;\">\u00a0<\/p>\n<p style=\"text-align: left;\">Vokietija, Nyderlandai, Danija, Austrija, Suomija ir \u0160vedija sutaria, kad si\u016blomas biud\u017eetas turi b\u016bti suma\u017eintas keliais \u0161imtais milijard\u0173 eur\u0173, ketvirtadien\u012f po deryb\u0173 Berlyne parei\u0161k\u0117 F. Merzas.<\/p>\n<p style=\"text-align: left;\">\u201e\u0160ie apkarpymai tur\u0117s paveikti visas sritis\u201c, \u2013 sak\u0117 jis ir kartu prid\u016br\u0117, kad \u0161e\u0161ios \u0161alys susitar\u0117 u\u017eimti bendr\u0105 pozicij\u0105 derybose Briuselyje.<\/p>\n<p style=\"text-align: left;\">\u201eES biud\u017eetas turi i\u0161likti \u012fkandamas\u201c, \u2013 pabr\u0117\u017e\u0117 kancleris.<\/p>\n<p style=\"text-align: left;\">F. Merzas kanceliarijoje susitiko su Danijos, Austrijos, Suomijos ir \u0160vedijos lyderiais, o kiti dalyviai prisijung\u0117 vaizdo ry\u0161iu.<\/p>\n<p style=\"text-align: left;\">Fiskaliniu po\u017ei\u016briu konservatyvi\u0173 \u0161ali\u0173 grup\u0117, da\u017enai vadinama \u201etaupiosiomis\u201c nar\u0117mis, dabartin\u012f EK pasi\u016blym\u0105 laiko nepriimtinu.<\/p>\n<p style=\"text-align: left;\">EK 2028\u20132034 m. laikotarpiui pasi\u016bl\u0117 apie 1,76 trln. eur\u0173 biud\u017eet\u0105, pakoreguot\u0105 pagal infliacij\u0105 2025 m. kainomis. Did\u017eiausia ES ekonomika Vokietija prisideda labiausiai.<\/p>\n<p style=\"text-align: left;\">Biud\u017eetui reikalingas vieningas vis\u0173 27 ES \u0161ali\u0173 nari\u0173 pritarimas.<\/p>\n<p style=\"text-align: left;\">Derybininkai siekia rasti kompromis\u0105 iki met\u0173 pabaigos, ta\u010diau susitarimas laikomas itin sud\u0117tingu, nes \u0161ali\u0173 nari\u0173 pozicijos labai skiriasi.<\/p>\n<p style=\"text-align: left;\">F. Merzas pakartojo tiksl\u0105 susitarti iki 2026 m. pabaigos, ta\u010diau pripa\u017eino, kad terminas n\u0117ra esminis.<\/p>\n<p style=\"text-align: left;\">F. Merzas sak\u0117, kad \u0161e\u0161ios \u0161alys yra suinteresuotos \u012f derybas \u012ftraukti \u201erealizm\u0105 ir reformas\u201c, ir tvirtino, jog EK planai neatspindi finansinio spaudimo, kur\u012f junta \u0161alys nar\u0117s.<\/p>\n<p style=\"text-align: left;\">\u0160i grup\u0117 finansuoja apie 40 proc. ES biud\u017eeto ir taip pat teikia didel\u0119 dal\u012f paramos Ukrainai, nurod\u0117 jis.<\/p>\n<p style=\"text-align: left;\">Pasak F. Merzo, EK pasi\u016blymuose numatyta ES i\u0161laidas padidinti iki 60 proc.<\/p>\n<p style=\"text-align: left;\">\u201eTokiu metu, kai visos \u0161alys nar\u0117s konsoliduoja biud\u017eetus, tai tiesiog ne\u012fkandama\u201c, \u2013 sak\u0117 jis.<\/p>\n","protected":false},"excerpt":{"rendered":"1 nuotr. Austrijos kancleris Christianas Stockeris, Danijos premjer\u0117 Mette Frederiksen, Vokietijos kancleris Friedrichas Merzas ir Suomijos premjeras Petteris&hellip;\n","protected":false},"author":2,"featured_media":263678,"comment_status":"","ping_status":"","sticky":false,"template":"","format":"standard","meta":{"footnotes":"","_share_on_mastodon":"0"},"categories":[15],"tags":[25,3841,1667,30,31,5413,672,34,35,24,38344,32,33,37,39,36,38,40,4378,23,22,38343,44,28,29,150,1033,26,27,320,74,75,76],"class_list":["post-263677","post","type-post","status-publish","format-standard","has-post-thumbnail","category-pasaulis","tag-antrastes","tag-austrija","tag-biudzetas","tag-breaking-news","tag-breakingnews","tag-ek","tag-es","tag-featured-news","tag-featurednews","tag-headlines","tag-idanija","tag-latest-news","tag-latestnews","tag-lietuva","tag-lietuviu","tag-lithuania","tag-lithuanian","tag-lt","tag-merzas","tag-naujienos","tag-news","tag-nyderlanda","tag-pasaulis","tag-populiariausios-naujienos","tag-populiariausiosnaujienos","tag-suomija","tag-svedija","tag-top-stories","tag-topstories","tag-vokietija","tag-world","tag-world-news","tag-worldnews"],"share_on_mastodon":{"url":"https:\/\/pubeurope.com\/@lt\/117172655399371527","error":""},"_links":{"self":[{"href":"https:\/\/www.europesays.com\/lt\/wp-json\/wp\/v2\/posts\/263677","targetHints":{"allow":["GET"]}}],"collection":[{"href":"https:\/\/www.europesays.com\/lt\/wp-json\/wp\/v2\/posts"}],"about":[{"href":"https:\/\/www.europesays.com\/lt\/wp-json\/wp\/v2\/types\/post"}],"author":[{"embeddable":true,"href":"https:\/\/www.europesays.com\/lt\/wp-json\/wp\/v2\/users\/2"}],"replies":[{"embeddable":true,"href":"https:\/\/www.europesays.com\/lt\/wp-json\/wp\/v2\/comments?post=263677"}],"version-history":[{"count":0,"href":"https:\/\/www.europesays.com\/lt\/wp-json\/wp\/v2\/posts\/263677\/revisions"}],"wp:featuredmedia":[{"embeddable":true,"href":"https:\/\/www.europesays.com\/lt\/wp-json\/wp\/v2\/media\/263678"}],"wp:attachment":[{"href":"https:\/\/www.europesays.com\/lt\/wp-json\/wp\/v2\/media?parent=263677"}],"wp:term":[{"taxonomy":"category","embeddable":true,"href":"https:\/\/www.europesays.com\/lt\/wp-json\/wp\/v2\/categories?post=263677"},{"taxonomy":"post_tag","embeddable":true,"href":"https:\/\/www.europesays.com\/lt\/wp-json\/wp\/v2\/tags?post=263677"}],"curies":[{"name":"wp","href":"https:\/\/api.w.org\/{rel}","templated":true}]}}