{"id":26377,"date":"2025-10-27T10:08:17","date_gmt":"2025-10-27T10:08:17","guid":{"rendered":"https:\/\/www.europesays.com\/lt\/26377\/"},"modified":"2025-10-27T10:08:17","modified_gmt":"2025-10-27T10:08:17","slug":"atrodome-taip-lyg-uzdarinetume-oro-uostus-uzuot-realiai-suvalde-gresme","status":"publish","type":"post","link":"https:\/\/www.europesays.com\/lt\/26377\/","title":{"rendered":"\u201eAtrodome taip, lyg u\u017edarin\u0117tume oro uostus, u\u017euot realiai suvald\u0119 gr\u0117sm\u0119\u201c"},"content":{"rendered":"<p>                                    <img decoding=\"async\" class=\"fit\" src=\"https:\/\/www.europesays.com\/lt\/wp-content\/uploads\/2025\/10\/P71_7487r.webp.webp\" alt=\"Ainius La\u0161as\"\/><br \/>\n                  Politologas, Kauno technologijos universiteto Socialini\u0173, humanitarini\u0173 moksl\u0173 ir men\u0173 fakulteto dekanas dr. Ainius La\u0161as. Jono Kl\u0117meno nuotrauka<\/p>\n<p>                 J\u016bs\u0173 nar\u0161ykl\u0117 nepalaiko audio element\u0173.   <\/p>\n<p class=\"subhead\">Sekmadienio vakar\u0105 laikinai sustabdytas orlaivi\u0173 eismas Tarptautiniame Vilniaus oro uoste. Sprendim\u0105 tre\u010di\u0105 vakar\u0105 i\u0161 eil\u0117s apriboti oro uosto veikl\u0105 l\u0117m\u0117 nenustatyti objektai, skrendantys jo kryptimi.<\/p>\n<p>Du Rusijos orlaiviai i\u0161 Kaliningrado srities ketvirtadienio vakar\u0105 trumpam pa\u017eeid\u0117 Lietuvos oro erdv\u0119.<\/p>\n<p>Europos S\u0105junga (ES) tre\u010diadien\u012f paskelb\u0117 19-\u0105j\u012f sankcij\u0173 paket\u0105 Rusijai d\u0117l karo Ukrainoje, o pokalbiais su Kremliaus \u0161eimininku nepasitenkinim\u0105 i\u0161rei\u0161k\u0119s JAV prezidentas Donaldas Trumpas \u012fved\u0117 priemones, nukreiptas prie\u0161 dvi did\u017eiausias Rusijos naftos bendroves.<\/p>\n<p>Svarbiausius pra\u0117jusios savait\u0117s u\u017esienio politikos \u012fvykius dienra\u0161\u010diui \u201eBernardinai.lt\u201c komentuoja politologas, Kauno technologijos universiteto Socialini\u0173, humanitarini\u0173 moksl\u0173 ir men\u0173 fakulteto dekanas dr.\u00a0AINIUS LA\u0160AS.<\/p>\n<p>Sekmadien\u012f tre\u010di\u0105 vakar\u0105 i\u0161 eil\u0117s d\u0117l nenustatyt\u0173 skrendan\u010di\u0173 oro uosto kryptimi objekt\u0173 buvo apribota jo veikla. Kaip vertinate \u0161iuos pasikartojan\u010dius Lietuvos oro erdv\u0117s pa\u017eeidimus?<\/p>\n<p>Vertinu blogai. Jeigu siun\u010diame signal\u0105, kad tokie atvejai nebus toleruojami, bet joki\u0173 pasekmi\u0173 kita pus\u0117 nesulaukia, tai labai blogai. Tai rodo, kad neprisiimama atsakomyb\u0117s u\u017e savo \u017eod\u017eius ir grasinimus. Jei g\u0105sdini, rei\u0161ki s\u0105lygas, kalbi apie pasekmes, bet j\u0173 ne\u012fvykdai \u2013 tai tik skatina kit\u0105 pus\u0119 piktnaud\u017eiauti savo veiksmais. Matome, kad Baltarusija taip ir daro. Neabejoju, kad ji ir toliau taip elgsis, nes nemato joki\u0173 pasekmi\u0173.<\/p>\n<p>Esame silpnai pasiruo\u0161\u0119 tvarkytis su tokiomis gr\u0117sm\u0117mis. Neturime priemoni\u0173 susidoroti su netipin\u0117mis gr\u0117sm\u0117mis. D\u0117l to nuken\u010dia m\u016bs\u0173 strategin\u0117 infrastrukt\u016bra, \u017emon\u0117s, kurie keliauja, ir apskritai valstyb\u0117s \u012fvaizdis. Atrodome taip, lyg u\u017edarin\u0117tume oro uostus, u\u017euot realiai suvald\u0119 gr\u0117sm\u0119.<\/p>\n<p>Retorika taip pat prasta \u2013 jei neturi galimybi\u0173 \u012fgyvendinti savo grasinimus, geriau ir negrasink. O jei jau g\u0105sdini, b\u016bk nuoseklus \u2013 \u012fgyvendink. Pavyzd\u017eiui, jei sakai, kad u\u017edarysi pasienio punktus, tai ir u\u017edaryk, kad kita pus\u0117 suprast\u0173, jog tavo \u017eod\u017eiai atitinka veiksmus.<\/p>\n<p>  <img fetchpriority=\"high\" loading=\"eager\" decoding=\"async\" class=\"fit\" src=\"https:\/\/www.europesays.com\/lt\/wp-content\/uploads\/2025\/10\/photo_4538899-scaled.webp.webp\" alt=\"Pasienio kontrol\u0117s punktas\"\/> Dainiaus Labu\u010dio \/ ELTA nuotrauka<br \/>\n  <img decoding=\"async\" class=\"fit\" src=\"https:\/\/www.europesays.com\/lt\/wp-content\/uploads\/2025\/10\/photo_5905299.webp.webp\" alt=\"\"\/> Vidaus reikal\u0173 ministras Vladislavas Kondratovi\u010dius. Josvydo Elinsko \/ ELTA nuotrauka  <\/p>\n<p>JAV prezidentas Donaldas Trumpas \u012fved\u0117 priemones, nukreiptas prie\u0161 dvi did\u017eiausias Rusijos naftos bendroves. Kaip vertinate \u0161\u012f sprendim\u0105?<\/p>\n<p>\u0160i\u0105 situacij\u0105 vertinu pla\u010diau. \u017dinoma, tai turi poveik\u012f naftos \u012fmon\u0117ms \u201eLukoil\u201c ir \u201eRosneft\u201c, bet neai\u0161ku, ar tai dalis didesn\u0117s JAV strategijos, ar tik vienkartinis veiksmas. Trumpas, kaip mat\u0117me ne kart\u0105, neturi gilesnio vertybinio po\u017ei\u016brio \u012f kar\u0105 Ukrainoje, tod\u0117l veikia pavir\u0161utini\u0161kai ir nenuosekliai.<\/p>\n<p>Mat\u0117me, kad vos Putinas jam paskambino, Trumpas staiga pakeit\u0117 ton\u0105 \u2013 prakalbo apie taik\u0105 ir net atsisak\u0117 Ukrainai tiekti balistines raketas. Paskui v\u0117l pakeit\u0117 pozicij\u0105. Sunku suprasti, kur jis i\u0161 ties\u0173 mato Rusijos atsakomyb\u0119, nes da\u017enai atrodo, kad abi puses laiko vienodai kaltomis. Tai rodo, kad Trumpas nesuvokia, jog Rusija n\u0117ra suinteresuota skausmingais kompromisais, o apsigalvoti j\u0105 gali priversti tik JAV, Europos S\u0105junga ar Kinija.<\/p>\n<p>Ta\u010diau Kinija toki\u0173 veiksm\u0173 nesiima, nes Rusija \u2013 strategin\u0117 jos partner\u0117. Europos S\u0105junga d\u0117l savo \u012fvairov\u0117s taip pat n\u0117ra linkusi priimti radikalius sprendimus: kai kurios \u0161alys, tokios kaip Slovakija ar Vengrija, net simpatizuoja Kremliui. Tod\u0117l lieka JAV, turin\u010dios daugiausia \u012franki\u0173 \u2013 globali\u0105 ekonomik\u0105, galin\u010di\u0105 daryti spaudim\u0105 rinkoms.<\/p>\n<p>  <img decoding=\"async\" class=\"fit\" src=\"https:\/\/www.europesays.com\/lt\/wp-content\/uploads\/2025\/10\/photo_5882165-scaled.webp.webp\" alt=\"Donaldas Trumpas\"\/> JAV prezidentas Donaldas Trumpas. Va\u0161ingtonas, JAV, 2025 m. spalio 17 d. EPA-ELTA nuotrauka  <\/p>\n<p>\u0160is Trumpo sprendimas \u2013 tik nedidelis signalas Rusijai. Tik\u0117kim\u0117s, kad tai pirmas, o ne paskutinis \u017eingsnis didinant spaudim\u0105. Bet prognozuoti sunku. Susidaro \u012fsp\u016bdis, kad Trumpas Rusijos nelaiko kalta d\u0117l karo, kad jis mato tik dviej\u0173 lygiaver\u010di\u0173 prie\u0161inink\u0173 konflikt\u0105.<\/p>\n<p>Trumpas dabar lankosi Kinijoje \u2013 gal bandys susitarti, kad \u0161i paspaust\u0173 Rusij\u0105. Kinija turi daugiausia svert\u0173, bet kol kas j\u0173 nenaudoja. Tik\u0117tis galima, bet vil\u010di\u0173 nedaug, nes pirmiausia JAV ir Kinija tur\u0117t\u0173 pasitik\u0117ti viena kita kaip ilgalaik\u0117mis partner\u0117mis. O dabartiniai santykiai to nerodo. Tad matysime, kaip Trumpas \u017eais \u0161\u012f \u017eaidim\u0105.<\/p>\n<p>D\u0117l koki\u0173 prie\u017eas\u010di\u0173 planuotas Trumpo ir Putino susitikimas at\u0161auktas?<\/p>\n<p>Manau, tapo ai\u0161ku, kad tai, k\u0105 Putinas galb\u016bt sak\u0117 Trumpui, arba kaip Trumpas tai suprato, realyb\u0117je netur\u0117jo reik\u0161m\u0117s. Trumpas man\u0117 sulauk\u0119s signalo, kad Rusija pasirengusi kompromisams.<\/p>\n<p>Ta\u010diau po Sergejaus Lavrovo ir Marco Rubio susitikimo paai\u0161k\u0117jo, kad Rusija nenori nieko keisti. Tod\u0117l Trumpas suprato, kad susitarimo vis tiek nebus, ir jam, m\u0117gstan\u010diam prisistatyti taikdariu, vykti \u012f susitikim\u0105 be rezultato \u2013 nenaudinga. Jis laukia momento, kai Putinas pasakys: \u201eGerai, kuriam taik\u0105\u201c, \u2013 tada jis nuva\u017eiuos ir pasira\u0161ys susitarim\u0105.<\/p>\n<p>  <img decoding=\"async\" class=\"fit\" src=\"https:\/\/www.europesays.com\/lt\/wp-content\/uploads\/2025\/10\/photo_5721253-1.webp.webp\" alt=\"Donaldas Trumpas, Vladimiras Putinas\"\/> JAV prezidentas Donaldas Trumpas ir Rusijos vadovas Vladimiras Putinas Aliaskoje 2025 m. EPA-ELTA nuotrauka  <\/p>\n<p>Europos S\u0105junga paskelb\u0117 19-\u0105j\u012f sankcij\u0173 paket\u0105 Rusijai d\u0117l karo Ukrainoje, kuris apima draudim\u0105 importuoti Rusijos suskystint\u0105sias gamtines dujas. Rusija parei\u0161k\u0117, kad \u0161ios sankcijos jos n\u0117 kiek neveikia. Kiek ES ir JAV sankcijos tur\u0117s \u012ftakos Rusijos ekonomikai ir karo Ukrainoje eigai?<\/p>\n<p>Reikia prad\u0117ti nuo to, kad Rusijos ekonomin\u0117 pad\u0117tis dabar prasta. \u0160alis art\u0117ja prie savo resurs\u0173 i\u0161sekimo d\u0117l karo. Net oficiali, nors ir pagra\u017einta, statistika rodo, kad ekonomika stovi vietoje.<\/p>\n<p>Ankstesnis augimas buvo tu\u0161\u010dias \u2013 karo pramon\u0117, finansuojama valstyb\u0117s, gamino ginklus ir amunicij\u0105, kurie i\u0161kart buvo sunaudojami kare. Skai\u010diai atrod\u0117 gerai, bet valstyb\u0117 i\u0161 to neu\u017edirbo \u2013 tik leido pinigus. Tod\u0117l tariamas augimas nei\u0161vengiamai tur\u0117jo baigtis, ir dabar tai \u012fvyko.<\/p>\n<p>Rusijoje didel\u0117 infliacija, santaup\u0173 beveik nelik\u0119. Belieka dar labiau spausti biud\u017eet\u0105 ir \u017emones, o jau dabar apie 40 procent\u0173 biud\u017eeto skiriama karui \u2013 tai mil\u017eini\u0161kas skai\u010dius.<\/p>\n<blockquote>\n<p>Tad kiekvienas papildomas ES ar JAV \u017eingsnis, ribojantis energetikos eksport\u0105, yra dar viena vinis \u012f ekonomin\u012f Rusijos karst\u0105.<\/p>\n<\/blockquote>\n<p>Be to, Ukraina vykdo atakas prie\u0161 energetin\u0119 Rusijos infrastrukt\u016br\u0105. Tad kiekvienas papildomas ES ar JAV \u017eingsnis, ribojantis energetikos eksport\u0105, yra dar viena vinis \u012f ekonomin\u012f Rusijos karst\u0105. Tai nerei\u0161kia, kad poveikis pasijus i\u0161kart, bet spaudimas did\u0117ja.<\/p>\n<p>Sud\u0117jus visus veiksnius, matyti li\u016bdnas vaizdas \u2013 ekonomika silpsta, ir net Putinas, mano nuomone, n\u0117ra beprotis. Jis apsiskai\u010diavo, racionaliai tik\u0117josi greitos pergal\u0117s. Dabar jis \u012fstrig\u0119s ir negali pasitraukti \u2013 turi parodyti bent koki\u0105 nors pergal\u0119, kad pateisint\u0173 karo aukas.<\/p>\n<p>Ta\u010diau karo lauke prover\u017eio n\u0117ra. Atakos Ukrainai dronais ir raketomis skaud\u017eios, bet jos neu\u017etikrina teritorini\u0173 laim\u0117jim\u0173. Ukraina taip pat vykdo atsakomuosius sm\u016bgius. Taigi kiekvienas papildomas \u017eingsnis dar labiau silpnina Rusijos ekonomik\u0105.<\/p>\n<p>Ekspert\u0173 vertinimu, Rusija dar gali prastumti metus ar dvejus kare \u2013 paskui bus labai sunku. Jei tik Kinija neprad\u0117s atvirai subsidijuoti Rusijos, pad\u0117tis toliau blog\u0117s.<\/p>\n<p>  <img decoding=\"async\" class=\"fit\" src=\"https:\/\/www.europesays.com\/lt\/wp-content\/uploads\/2025\/10\/photo_5878587-scaled.webp.webp\" alt=\"Vladimiras Putinas\"\/> Rusijos prezidentas Vladimiras Putinas. EPA-ELTA nuotrauka<br \/>\n  <img decoding=\"async\" class=\"fit\" src=\"https:\/\/www.europesays.com\/lt\/wp-content\/uploads\/2025\/10\/photo_5220842-scaled.webp.webp\" alt=\"naftos laivas\"\/> EPA-ELTA nuotrauka  <\/p>\n<p>Prezidentas Gitanas Naus\u0117da sako, kad pareigas palikusi kra\u0161to apsaugos ministr\u0117 Dovil\u0117 \u0160akalien\u0117 dirbdama padar\u0117 klaid\u0173, kurios tur\u0117jo pasekmi\u0173. Koki\u0173 pasekmi\u0173 tai turi \u0161alies vidaus ir u\u017esienio politikoje?<\/p>\n<p>Nematau, kad \u0161is atsistatydinimas tur\u0117t\u0173 esmini\u0173 pasekmi\u0173, ypa\u010d tarptautiniams santykiams. Demokratin\u0117se valstyb\u0117se atsistatydinimai \u2013 \u012fprasta proceso dalis. Tai nieko nestebina.<\/p>\n<p>Kai prezidentas kalba apie esmines klaidas, kyla klausimas \u2013 kur jis buvo, kai tos klaidos buvo daromos? Kalbama taip, lyg dabar viskas b\u016bt\u0173 ai\u0161ku, nors prie\u0161 dvi savaites pad\u0117tis atrod\u0117 kitaip \u2013 \u0160akalien\u0117 atrod\u0117 nepajudinama, ir prezidento pus\u0117 joki\u0173 priekai\u0161t\u0173 nerei\u0161k\u0117.<\/p>\n<p>  <img decoding=\"async\" class=\"fit\" src=\"https:\/\/www.europesays.com\/lt\/wp-content\/uploads\/2025\/10\/photo_5701998-1-scaled.webp.webp\" alt=\"Dovil\u0117 \u0160akalien\u0117\"\/> Buvusi kra\u0161to apsaugos ministr\u0117 Dovil\u0117 \u0160akalien\u0117. Andriaus Ufarto \/ ELTA nuotrauka  <\/p>\n<p>Prisiminkime \u2013 vos prie\u0161 m\u0117nes\u012f buvo suformuota antroji vyriausyb\u0117. Tai buvo puiki proga kalb\u0117ti apie klaidas ar ne\u012fgyvendintus l\u016bkes\u010dius, bet to nebuvo. Tiek Dovil\u0117 \u0160akalien\u0117, tiek K\u0119stutis Budrys buvo patvirtinti be joki\u0173 kli\u016b\u010di\u0173. Tod\u0117l dabartin\u0117 kritika skamba arba nelabai rimtai, arba nelabai nuo\u0161ird\u017eiai \u2013 gal net abu variantai kartu.<\/p>\n<p>\u017dinoma, pasekmi\u0173 yra \u2013 stoja kai kurie darbai, komanda patiria \u012ftamp\u0105, atsiranda trintis tarp kariuomen\u0117s ir valdan\u010di\u0173j\u0173, nes pastarieji kaltina kariuomen\u0119, kad \u0161i per daug ki\u0161osi \u012f politik\u0105. Bet tai laikina \u2013 ilgainiui viskas gr\u012f\u0161 \u012f \u012fprast\u0105 ritm\u0105. Fundamentali\u0173 l\u016b\u017ei\u0173 nematau, ir n\u0117ra prie\u017eas\u010di\u0173, kod\u0117l j\u0173 tur\u0117t\u0173 b\u016bti.<\/p>\n<p>          <img data-dominant-color=\"e4e0dd\" data-has-transparency=\"false\" style=\"--dominant-color: #e4e0dd;\" loading=\"lazy\" decoding=\"async\" width=\"300\" height=\"200\" class=\"size-medium wp-image-1129449 alignleft not-transparent\" src=\"https:\/\/www.europesays.com\/lt\/wp-content\/uploads\/2025\/09\/MedijuRemimoFondas-300x200.webp.webp\" alt=\"Medij\u0173 r\u0117mimo fondo logotipas\"  \/><\/p>\n<p>Projektas \u201eAktualij\u0173 kompasas: nuo kasdieni\u0173 naujien\u0173 iki gilumini\u0173 \u012f\u017evalg\u0173\u201c. Projekt\u0105 2025 m. i\u0161 dalies finansavo Medij\u0173 r\u0117mimo fondas, skyr\u0119s projektui 50 t\u016bkst. eur\u0173.<\/p>\n<p> Atsid\u0117kokite u\u017e m\u016bs\u0173 dirbam\u0105 darb\u0105 Jums paremdami Bernardinai.lt! <\/p>\n<p> Perskait\u0117te \u0161\u012f straipsn\u012f iki pabaigos? Sveikiname! Nes gal\u0117jote pasim\u0117gauti prabanga, kurios kiti \u0161altiniai internete Jums nenori suteikti ir reikalauja susimok\u0117ti perskai\u010dius vos pirm\u0105sias eilutes. Ta\u010diau parengti ir publikuoti tai, k\u0105 perskait\u0117te, kainuoja. Tod\u0117l kvie\u010diame Jus savanori\u0161kai prisid\u0117ti prie m\u016bs\u0173 darbo ir prie savo skaitymo malonumo. Skirkite kad ir nedidel\u0119 sum\u0105 \u0161iam darbui t\u0119sti paremdami. I\u0161 anksto d\u0117kojame! <\/p>\n<p class=\"title\">Norite nepraleisti svarbiausi\u0173 naujien\u0173? Prenumeruokite naujienlai\u0161k\u012f:<\/p>\n<p>Kiti \u0161ios Rubrikos straipsniai:            <\/p>\n","protected":false},"excerpt":{"rendered":"Politologas, Kauno technologijos universiteto Socialini\u0173, humanitarini\u0173 moksl\u0173 ir men\u0173 fakulteto dekanas dr. Ainius La\u0161as. Jono Kl\u0117meno nuotrauka J\u016bs\u0173&hellip;\n","protected":false},"author":2,"featured_media":26378,"comment_status":"","ping_status":"","sticky":false,"template":"","format":"standard","meta":{"footnotes":""},"categories":[15],"tags":[7946,7947,25,1496,700,30,31,194,69,7948,7949,1068,34,35,67,24,704,71,7950,5802,479,7951,32,33,37,39,36,38,40,7447,1129,4298,3571,23,7952,22,7953,44,7954,4760,28,29,7448,7955,7956,332,7957,711,1691,7958,7959,26,27,7960,752,120,74,75,76],"class_list":{"0":"post-26377","1":"post","2":"type-post","3":"status-publish","4":"format-standard","5":"has-post-thumbnail","7":"category-pasaulis","8":"tag-19-asis-sankciju-paketas","9":"tag-ainius-lasas","10":"tag-antrastes","11":"tag-baltarusija","12":"tag-bernardinai-lt","13":"tag-breaking-news","14":"tag-breakingnews","15":"tag-donaldas-trumpas","16":"tag-dovile-sakaliene","17":"tag-dronu-gresmes","18":"tag-es-sankcijos-rusijai","19":"tag-europos-sajunga","20":"tag-featured-news","21":"tag-featurednews","22":"tag-gitanas-nauseda","23":"tag-headlines","24":"tag-inga-bartuleviciute","25":"tag-inga-ruginiene","26":"tag-jav-sankcijos","27":"tag-kauno-oro-uostas","28":"tag-kinija","29":"tag-ktu","30":"tag-latest-news","31":"tag-latestnews","32":"tag-lietuva","33":"tag-lietuviu","34":"tag-lithuania","35":"tag-lithuanian","36":"tag-lt","37":"tag-lukoil","38":"tag-marco-rubio","39":"tag-meteorologiniai-balionai","40":"tag-nacionalinis-saugumas","41":"tag-naujienos","42":"tag-neidentifikuoti-objektai","43":"tag-news","44":"tag-oro-erdves-pazeidimai","45":"tag-pasaulis","46":"tag-pasienio-kontroles-punktai","47":"tag-politine-analize","48":"tag-populiariausios-naujienos","49":"tag-populiariausiosnaujienos","50":"tag-rosneft","51":"tag-rusijos-ekonomika","52":"tag-rusijos-orlaiviai","53":"tag-sankcijos-rusijai","54":"tag-sankciju-paketai","55":"tag-savaites-apzvalga","56":"tag-sergejus-lavrovas","57":"tag-sgd-importo-draudimas","58":"tag-strategine-infrastruktura","59":"tag-top-stories","60":"tag-topstories","61":"tag-uzsienio-politika","62":"tag-vilniaus-oro-uostas","63":"tag-vladimiras-putinas","64":"tag-world","65":"tag-world-news","66":"tag-worldnews"},"share_on_mastodon":{"url":"","error":"Validation failed: Text character limit of 500 exceeded"},"_links":{"self":[{"href":"https:\/\/www.europesays.com\/lt\/wp-json\/wp\/v2\/posts\/26377","targetHints":{"allow":["GET"]}}],"collection":[{"href":"https:\/\/www.europesays.com\/lt\/wp-json\/wp\/v2\/posts"}],"about":[{"href":"https:\/\/www.europesays.com\/lt\/wp-json\/wp\/v2\/types\/post"}],"author":[{"embeddable":true,"href":"https:\/\/www.europesays.com\/lt\/wp-json\/wp\/v2\/users\/2"}],"replies":[{"embeddable":true,"href":"https:\/\/www.europesays.com\/lt\/wp-json\/wp\/v2\/comments?post=26377"}],"version-history":[{"count":0,"href":"https:\/\/www.europesays.com\/lt\/wp-json\/wp\/v2\/posts\/26377\/revisions"}],"wp:featuredmedia":[{"embeddable":true,"href":"https:\/\/www.europesays.com\/lt\/wp-json\/wp\/v2\/media\/26378"}],"wp:attachment":[{"href":"https:\/\/www.europesays.com\/lt\/wp-json\/wp\/v2\/media?parent=26377"}],"wp:term":[{"taxonomy":"category","embeddable":true,"href":"https:\/\/www.europesays.com\/lt\/wp-json\/wp\/v2\/categories?post=26377"},{"taxonomy":"post_tag","embeddable":true,"href":"https:\/\/www.europesays.com\/lt\/wp-json\/wp\/v2\/tags?post=26377"}],"curies":[{"name":"wp","href":"https:\/\/api.w.org\/{rel}","templated":true}]}}