{"id":263781,"date":"2026-08-28T12:30:09","date_gmt":"2026-08-28T12:30:09","guid":{"rendered":"https:\/\/www.europesays.com\/lt\/263781\/"},"modified":"2026-08-28T12:30:09","modified_gmt":"2026-08-28T12:30:09","slug":"kaunieciai-pranesa-apie-nepravaziuojama-sankryza-zemuosiuose-sanciuose","status":"publish","type":"post","link":"https:\/\/www.europesays.com\/lt\/263781\/","title":{"rendered":"Kaunie\u010diai prane\u0161a apie neprava\u017eiuojam\u0105 sankry\u017e\u0105 \u017demuosiuose \u0160an\u010diuose"},"content":{"rendered":"<p>Penktadienio ryt\u0105 prane\u0161ama apie neprava\u017eiuojam\u0105 sankry\u017e\u0105 \u017demuosiuose \u0160an\u010diuose.<\/p>\n<p>\u201eKas vyksta \u017d. \u0160an\u010diuose, k\u0105 tik 2 gaisrin\u0117s, policija ir greitoji su garsiniais signalais nul\u0117k\u0117 per Dan\u0173 gatv\u0119\u201c, \u2013 penktadien\u012f naujien\u0173 portalui \u201eKas vyksta Kaune\u201c apie 08.21 val. prane\u0161\u0117 skaitytojas.<\/p>\n<p>Tuo pat metu \u201eKas vyksta Kaune\u201c grup\u0117je pasidalinta skaudaus eismo \u012fvykio vaizdais.<\/p>\n<p>\u201e\u017d. \u0160an\u010diai, Dan\u0173 ir Sod\u0173 gatvi\u0173 sankry\u017ea neprava\u017eiuojama\u201c, \u2013 ra\u0161\u0117 grup\u0117s nar\u0117.<\/p>\n<p>Nuotraukoje matyti, kad lengvasis automobilis \u012fsir\u0117\u017e\u0117 \u012f krovinin\u012f automobil\u012f.<\/p>\n<p>\u012e pagalb\u0105 vairuotojams atvyko <a href=\"https:\/\/kaunas.kasvyksta.lt\/ugniagesiai\" title=\"Ugniagesiai\" rel=\"nofollow noopener\" target=\"_blank\">ugniagesiai<\/a> gelb\u0117tojai.<\/p>\n<p>Papildyta 09.31 val.<\/p>\n<p>Kauno apskrities vyriausiojo policijos komisariato atstov\u0117s duomenimis, 08.12 val. Kaune, Dan\u0173 g., automobilis  \u201eVolkswagen\u201c, vairuojamas blaivios moters (gim. 1979 m.), susid\u016br\u0117 su automobiliu \u201eMercedes-Benz\u201c, vairuojamu blaivaus vyro (gim. 1991 m.).<\/p>\n<p>Vairuotojai nesu\u017ealoti, u\u017esipild\u0117 eismo \u012fvykio deklaracijas. Nieko vaduoti i\u0161 automobili\u0173 neprireik\u0117.<\/p>\n","protected":false},"excerpt":{"rendered":"Penktadienio ryt\u0105 prane\u0161ama apie neprava\u017eiuojam\u0105 sankry\u017e\u0105 \u017demuosiuose \u0160an\u010diuose. \u201eKas vyksta \u017d. \u0160an\u010diuose, k\u0105 tik 2 gaisrin\u0117s, policija ir&hellip;\n","protected":false},"author":2,"featured_media":263782,"comment_status":"","ping_status":"","sticky":false,"template":"","format":"standard","meta":{"footnotes":"","_share_on_mastodon":"0"},"categories":[13],"tags":[25,155,30,31,563,34,35,24,1061,32,33,37,39,36,38,40,23,22,28,29,26,27,593,18779],"class_list":["post-263781","post","type-post","status-publish","format-standard","has-post-thumbnail","category-lietuva","tag-antrastes","tag-avarija","tag-breaking-news","tag-breakingnews","tag-eismas","tag-featured-news","tag-featurednews","tag-headlines","tag-kaunas","tag-latest-news","tag-latestnews","tag-lietuva","tag-lietuviu","tag-lithuania","tag-lithuanian","tag-lt","tag-naujienos","tag-news","tag-populiariausios-naujienos","tag-populiariausiosnaujienos","tag-top-stories","tag-topstories","tag-ugniagesiai","tag-zemieji-sanciai"],"share_on_mastodon":{"url":"https:\/\/pubeurope.com\/@lt\/117173146252270319","error":""},"_links":{"self":[{"href":"https:\/\/www.europesays.com\/lt\/wp-json\/wp\/v2\/posts\/263781","targetHints":{"allow":["GET"]}}],"collection":[{"href":"https:\/\/www.europesays.com\/lt\/wp-json\/wp\/v2\/posts"}],"about":[{"href":"https:\/\/www.europesays.com\/lt\/wp-json\/wp\/v2\/types\/post"}],"author":[{"embeddable":true,"href":"https:\/\/www.europesays.com\/lt\/wp-json\/wp\/v2\/users\/2"}],"replies":[{"embeddable":true,"href":"https:\/\/www.europesays.com\/lt\/wp-json\/wp\/v2\/comments?post=263781"}],"version-history":[{"count":0,"href":"https:\/\/www.europesays.com\/lt\/wp-json\/wp\/v2\/posts\/263781\/revisions"}],"wp:featuredmedia":[{"embeddable":true,"href":"https:\/\/www.europesays.com\/lt\/wp-json\/wp\/v2\/media\/263782"}],"wp:attachment":[{"href":"https:\/\/www.europesays.com\/lt\/wp-json\/wp\/v2\/media?parent=263781"}],"wp:term":[{"taxonomy":"category","embeddable":true,"href":"https:\/\/www.europesays.com\/lt\/wp-json\/wp\/v2\/categories?post=263781"},{"taxonomy":"post_tag","embeddable":true,"href":"https:\/\/www.europesays.com\/lt\/wp-json\/wp\/v2\/tags?post=263781"}],"curies":[{"name":"wp","href":"https:\/\/api.w.org\/{rel}","templated":true}]}}