{"id":263793,"date":"2026-08-28T12:42:51","date_gmt":"2026-08-28T12:42:51","guid":{"rendered":"https:\/\/www.europesays.com\/lt\/263793\/"},"modified":"2026-08-28T12:42:51","modified_gmt":"2026-08-28T12:42:51","slug":"uz-visuotini-saukima-iki-2030-metu-pasisako-76-proc-salies-gyventoju-respublika-lt","status":"publish","type":"post","link":"https:\/\/www.europesays.com\/lt\/263793\/","title":{"rendered":"U\u017e visuotin\u012f \u0161aukim\u0105 iki 2030 met\u0173 pasisako 76 proc. \u0161alies gyventoj\u0173 &#8211; Respublika.lt"},"content":{"rendered":"<p style=\"text-align: justify;\" class=\"desktop_banner\">\u00a0<\/p>\n<p style=\"text-align: left;\">\u201e\u0160iai dienai gyventojai i\u0161 ties\u0173 yra pasiruo\u0161\u0119 ir i\u0161 sprendim\u0173 pri\u0117m\u0117j\u0173 tikisi, kad per artimiausius trejus metus prieisime prie visuotinio \u0161aukimo\u201c, \u2013 penktadien\u012f surengtoje spaudos konferencijoje \u017eurnalistams teig\u0117 asociacijos vadovas.<\/p>\n<p style=\"text-align: left;\">\u201e\u017dmoni\u0173 palankumas ir greitesniam visuotinio \u0161aukimo modelio \u012fgyvendinimui i\u0161 ties\u0173 yra auk\u0161tas. Ir man tai i\u0161 principo rodo vien\u0105 \u2013 kad tai yra pakankamai reik\u0161mingas visuomen\u0117s signalas valstybei dirbti ir priimti reikalingus sprendimus\u201c, \u2013 pabr\u0117\u017e\u0117 T. Godliauskas.\u00a0<\/p>\n<p style=\"text-align: left;\">Daugiau nei 25 proc. apklaust\u0173j\u0173 pasisako u\u017e visuotinio \u0161aukimo \u012fgyvendinim\u0105 iki 2030 met\u0173, o 51 proc. gyventoj\u0173 palaiko \u012fgyvendinim\u0105 \u201ekuo grei\u010diau\u201c. Dar beveik 8 proc. pritart\u0173 visuotiniam \u0161aukimui po 2030 met\u0173, o 12 proc. gyventoj\u0173 teigia, kad Lietuvai apskritai nereikia visuotinio \u0161aukimo. Nuomon\u0117s \u0161iuo klausimu neturi 4 proc.<\/p>\n<p style=\"text-align: left;\">\u201eMes esame maloniai nustebinti \u0161iuo rezultatu \u2013 daugiau nei du tre\u010ddaliai vis\u0173 sociologini\u0173 grupi\u0173 \u017emoni\u0173 \u2013 ir am\u017eiumi, ir regionais, suskirstyt\u0173 kokiais tik nori pj\u016bviais \u2013 pritaria visuotiniam \u0161aukimui iki 2030 met\u0173\u201c, \u2013 sak\u0117 Pilietin\u0117s iniciatyvos \u201eStipr\u016bs kartu\u201c vadovas, asociacijos \u201eVisuotin\u0117 gynyba\u201c valdybos narys Edmundas Jakilaitis.\u00a0<\/p>\n<p style=\"text-align: left;\">Tiesa, kaip pasteb\u0117jo T. Godliauskas, 60\u201384 m. gyventojai yra palankesni greitesniam modelio \u012fgyvendinimui, o ma\u017eesn\u012f palankum\u0105 rodo 18\u201329 m. apklausos dalyviai.\u00a0<\/p>\n<p style=\"text-align: left;\">Gyventojai teikia prioritet\u0105 visuotiniam vyr\u0173 \u0161aukimui. 40,1 proc. apklaust\u0173j\u0173 sako, kad \u0161aukiami tur\u0117t\u0173 b\u016bti visi vyrai. Tuo metu beveik 19 proc. mano, kad\u00a0\u0161i prievol\u0117 tur\u0117t\u0173 galioti tiek vyrams, tiek moterims.\u00a0<\/p>\n<p style=\"text-align: left;\">Vis tik analizuojant gyventoj\u0173 nuomones apie tai, kokia forma tur\u0117t\u0173 vykti visuotinis \u0161aukimas moterims, 51,5 proc. pasisako, kad tarnyba b\u016bt\u0173 savanori\u0161ka bei gal\u0117t\u0173 apimti \u012fvairesnes formas. Tuo metu beveik 13 proc. teig\u0117 manantys, kad moterims tur\u0117t\u0173 galioti tokia pati tvarka, kaip ir vyrams.\u00a0<\/p>\n<p style=\"text-align: left;\">Tiesa, 35 proc. apklaust\u0173j\u0173 man\u0117, kad moterys netur\u0117t\u0173 b\u016bti \u012ftrauktos \u012f visuotin\u012f \u0161aukim\u0105.\u00a0<\/p>\n<p style=\"text-align: left;\">\u201eVienintelis galb\u016bt i\u0161skirtinumas, kur\u012f pasteb\u0117jome, \u2013 didesnes pajamas gaunantys gyventojai palankiau u\u017e nacionalin\u012f vidurk\u012f vertina moter\u0173 dalyvavim\u0105 visuotiniame \u0161aukime\u201c, \u2013 pasteb\u0117jo T. Godliauskas.\u00a0<\/p>\n<p style=\"text-align: left;\">Kokios priemon\u0117s skatint\u0173 \u012fsitraukti?<\/p>\n<p style=\"text-align: left;\">Remiantis tyrimo duomenimis, beveik 39 proc. apklaust\u0173j\u0173 \u012fsitraukti \u012f visuotin\u012f \u0161aukim\u0105 paskatint\u0173 galimyb\u0117 atlikti ne karinio pob\u016bd\u017eio tarnyb\u0105 \u2013 t. y. tarnauti civilin\u0117s saugos, medicinos, kibernetinio saugumo ar kitose valstyb\u0117s saugumui svarbiose srityse.<\/p>\n<p style=\"text-align: left;\">35 proc. man\u0117, kad esminiu paskatinimu tapt\u0173 galimyb\u0117 tarnauti technologin\u0117se srityse \u2013 mokantis valdyti dronus bei kitas moderni\u0105sias sistemas.\u00a0<\/p>\n<p style=\"text-align: left;\">\u201eKitaip tariant, ne grynas, sausas p\u0117stininkas, bet i\u0161 ties\u0173 pagal \u0161iuolaikin\u0119 ir \u0161iuo metu vykdom\u0105 karyb\u0105, (&#8230;) \u0161iuolaikin\u0117 rengimo metodika, dronai, robotizacija yra tos sritys, kurios motyvuot\u0173 jaunim\u0105 ateiti \u012f kariuomen\u0119\u201c, \u2013 sak\u0117 T. Godliauskas.\u00a0<\/p>\n<p style=\"text-align: left;\">Lik\u0119 akcentavo teisingo finansinio atlygio svarb\u0105 be i\u0161im\u010di\u0173 visoms socialin\u0117ms grup\u0117ms (daugiau nei 23 proc.), galimyb\u0119 atlikti tarnyb\u0105 \u0161alia nam\u0173 (beveik 29 proc.), tarnybos \u012fskaitymas stojant \u012f auk\u0161t\u0105j\u0105 mokykl\u0105 arba studijuojant (beveik 21 proc.)<\/p>\n<p style=\"text-align: left;\">\u201eTai rodo, kad visuotinis \u0161aukimas n\u0117ra vien gynybos klausimas. Tai yra ir socialin\u0117s politikos klausimas, ir mes investuodami \u012f visuotin\u012f \u0161aukim\u0105 tai vertiname kaip ilgalaik\u0119 investicij\u0105 \u012f visuomen\u0117s gerov\u0119, socialin\u0119 \u012ftraukt\u012f, o neb\u016btinai traktuojame kaip kariuomen\u0117s atsakomyb\u0117s eilut\u0119\u201c, \u2013 \u00a0akcentavo T. Godliauskas.<\/p>\n<p style=\"text-align: left;\">Reprezentatyv\u0173 Lietuvos gyventoj\u0173 palankumo visuotiniam \u0161aukimui tyrim\u0105 asociacijos \u201eVisuotin\u0117 gynyba\u201c u\u017esakymu atliko bendrov\u0117 \u201eNorstat\u201c 2026 m. rugpj\u016b\u010dio m\u0117nes\u012f. Apklausta 1501 respondent\u0173, derinant interviu internetu ir telefonu metodus. Apklausos paklaida \u2013 3 proc.<\/p>\n","protected":false},"excerpt":{"rendered":"\u00a0 \u201e\u0160iai dienai gyventojai i\u0161 ties\u0173 yra pasiruo\u0161\u0119 ir i\u0161 sprendim\u0173 pri\u0117m\u0117j\u0173 tikisi, kad per artimiausius trejus metus&hellip;\n","protected":false},"author":2,"featured_media":263794,"comment_status":"","ping_status":"","sticky":false,"template":"","format":"standard","meta":{"footnotes":"","_share_on_mastodon":"0"},"categories":[6],"tags":[25,30,31,34,35,224,24,361,32,33,37,39,36,38,40,23,22,28,29,5393,4346,26,27,2171,1567],"class_list":["post-263793","post","type-post","status-publish","format-standard","has-post-thumbnail","category-antrastes","tag-antrastes","tag-breaking-news","tag-breakingnews","tag-featured-news","tag-featurednews","tag-gynyba","tag-headlines","tag-kariuomene","tag-latest-news","tag-latestnews","tag-lietuva","tag-lietuviu","tag-lithuania","tag-lithuanian","tag-lt","tag-naujienos","tag-news","tag-populiariausios-naujienos","tag-populiariausiosnaujienos","tag-saugumas","tag-saukimas","tag-top-stories","tag-topstories","tag-tyrimas","tag-visuotinis"],"share_on_mastodon":{"url":"https:\/\/pubeurope.com\/@lt\/117173197576569864","error":""},"_links":{"self":[{"href":"https:\/\/www.europesays.com\/lt\/wp-json\/wp\/v2\/posts\/263793","targetHints":{"allow":["GET"]}}],"collection":[{"href":"https:\/\/www.europesays.com\/lt\/wp-json\/wp\/v2\/posts"}],"about":[{"href":"https:\/\/www.europesays.com\/lt\/wp-json\/wp\/v2\/types\/post"}],"author":[{"embeddable":true,"href":"https:\/\/www.europesays.com\/lt\/wp-json\/wp\/v2\/users\/2"}],"replies":[{"embeddable":true,"href":"https:\/\/www.europesays.com\/lt\/wp-json\/wp\/v2\/comments?post=263793"}],"version-history":[{"count":0,"href":"https:\/\/www.europesays.com\/lt\/wp-json\/wp\/v2\/posts\/263793\/revisions"}],"wp:featuredmedia":[{"embeddable":true,"href":"https:\/\/www.europesays.com\/lt\/wp-json\/wp\/v2\/media\/263794"}],"wp:attachment":[{"href":"https:\/\/www.europesays.com\/lt\/wp-json\/wp\/v2\/media?parent=263793"}],"wp:term":[{"taxonomy":"category","embeddable":true,"href":"https:\/\/www.europesays.com\/lt\/wp-json\/wp\/v2\/categories?post=263793"},{"taxonomy":"post_tag","embeddable":true,"href":"https:\/\/www.europesays.com\/lt\/wp-json\/wp\/v2\/tags?post=263793"}],"curies":[{"name":"wp","href":"https:\/\/api.w.org\/{rel}","templated":true}]}}