{"id":263867,"date":"2026-08-28T14:04:40","date_gmt":"2026-08-28T14:04:40","guid":{"rendered":"https:\/\/www.europesays.com\/lt\/263867\/"},"modified":"2026-08-28T14:04:40","modified_gmt":"2026-08-28T14:04:40","slug":"kandidatai-i-prancuzijos-prezidentus-sureme-ietis-pirmuosiuose-debatuose-respublika-lt","status":"publish","type":"post","link":"https:\/\/www.europesays.com\/lt\/263867\/","title":{"rendered":"Kandidatai \u012f Pranc\u016bzijos prezidentus sur\u0117m\u0117 ietis pirmuosiuose debatuose &#8211; Respublika.lt"},"content":{"rendered":"<p><img loading=\"lazy\" decoding=\"async\" src=\"https:\/\/www.respublika.lt\/lt\/naujienos\/pasaulis\/pasaulio_politika\/kandidatai-i-prancuzijos-prezidentus-sureme-ietis-pirmuosiuose-debatuose\/images\/ico_camera_white.gif\" class=\"camera\" width=\"22\" height=\"15\" alt=\"nuotr.\" style=\"position:relative; top:-2px; right:2px;\"\/> 1 nuotr.<\/p>\n<p>Kandidatai \u012f Pranc\u016bzijos prezidentus. EPA-Eltos nuotr.<\/p>\n<p style=\"text-align: justify;\" class=\"desktop_banner\">\u00a0<\/p>\n<p style=\"text-align: left;\">\u00a0<\/p>\n<p style=\"text-align: left;\">Kandidatai nuo politinio spektro kra\u0161tutin\u0117s kair\u0117s iki kra\u0161tutin\u0117s de\u0161in\u0117s sutiko, kad Pranc\u016bzija susiduria su ekonominiais sunkumais.<\/p>\n<p style=\"text-align: left;\">Ta\u010diau Pary\u017eiaus \u201eRoland Garros\u201c komplekse, kuriame da\u017eniau vyksta ne politik\u0173 debatai, o ry\u0161kiausi\u0173 pasaulio teniso \u017evaig\u017ed\u017ei\u0173 kovos, jie u\u017e\u0117m\u0117 itin skirtingas pozicijas d\u0117l to, kaip kovoti su \u0161alies problemomis.<\/p>\n<p style=\"text-align: left;\">Marine Le Pen, kuri jau ketvirt\u0105 kart\u0105 siekia prezidento posto ir u\u017eima auk\u0161t\u0105 viet\u0105 apklausose, paskelb\u0117, kad jos kra\u0161tutini\u0173 de\u0161ini\u0173j\u0173 partija \u201eNacionalinis samb\u016bris\u201c (RN) pristatys 125 mlrd. eur\u0173 i\u0161laid\u0173 ma\u017einimo plan\u0105.<\/p>\n<p style=\"text-align: left;\">Ta\u010diau kra\u0161tutini\u0173 kairi\u0173j\u0173 lyderis Jeanas-Lucas Melenchonas paragino verslo lyderius pakelti atlyginimus, kad Pranc\u016bzija nepanirt\u0173 \u012f recesij\u0105.<\/p>\n<p style=\"text-align: left;\">Centrist\u0173 kandidatas, buv\u0119s E. Macrono premjeras Edouardas Philippe\u2018as apkaltino J. L. Melenchon\u0105 siekiu \u201esudeginti\u201c Pranc\u016bzijos skol\u0105 ir imtis veiksm\u0173, d\u0117l kuri\u0173 \u201ePranc\u016bzija b\u016bt\u0173 atskirta nuo bankininkyst\u0117s sistemos\u201c.<\/p>\n<p style=\"text-align: left;\">Debatai buvo surengti likus ma\u017eiau nei a\u0161tuoniems m\u0117nesiams iki 2027 m. vyksian\u010di\u0173 rinkim\u0173, kuri\u0173 metu bus renkamas naujas Pranc\u016bzijos lyderis. Dabartinis prezidentas centristas E. Macronas \u0161iame poste i\u0161buvo dvi leistinas kadencijas i\u0161 eil\u0117s.<\/p>\n<p style=\"text-align: left;\">Kadangi Pranc\u016bzija turi dviej\u0173 tur\u0173 rinkim\u0173 sistem\u0105, did\u0117ja susir\u016bpinimas, kad pirmajame ture nuosaiki\u0173 rink\u0117j\u0173 balsus gali pasidalyti daugyb\u0117 kandidat\u0173 i\u0161 politinio spektro centro, centro kair\u0117s, centro de\u0161in\u0117s ir de\u0161in\u0117s.<\/p>\n<p style=\"text-align: left;\">Tod\u0117l M. Le Pen ir J. L. Melenchonas gal\u0117t\u0173 patekti \u012f antr\u0105j\u012f tur\u0105, kuriame neb\u016bt\u0173 tradicini\u0173 partij\u0173.<\/p>\n<p style=\"text-align: left;\">\u0160i\u0105 savait\u0119 paskelbti naujos \u201eIfop-Fiducial\u201c apklausos duomenys parod\u0117, kad kra\u0161tutini\u0173 kairi\u0173j\u0173 pa\u017ei\u016br\u0173 J. L. Melenchonas gali patekti \u012f antr\u0105j\u012f tur\u0105 kartu su M. Le Pen, kuri pirmojo turo apklausose gerokai pirmauja.<\/p>\n<p style=\"text-align: left;\">Kalbant apie centr\u0105, prezidento posto aktyviai siekia du buv\u0119 E. Macrono ministrai pirmininkai E. Philippe\u2018as ir Gabrielis Attalis ir n\u0117 vienas i\u0161 j\u0173 nenori u\u017eleisti vietos kitam.<\/p>\n<p style=\"text-align: left;\">Rinkim\u0173 kampanijai kair\u0117je energijos suteik\u0117 centro kairi\u0173j\u0173 pa\u017ei\u016br\u0173 buvusio komentatoriaus, europarlamentaro Raphaelio Glucksmanno kandidat\u016bra. Jis spalio m\u0117nes\u012f ketina dalyvauti Socialist\u0173 partijos pirminiuose rinkimuose, siekiant rasti geriausi\u0105 kandidat\u0105.<\/p>\n<p style=\"text-align: left;\">R. Glucksmannas taip pat dalyvavo debatuose, kaip ir de\u0161ini\u0173j\u0173 respublikon\u0173 (LR) kandidatas Bruno Retailleau bei \u017eali\u0173j\u0173 lyder\u0117 Marine Tondelier.<\/p>\n","protected":false},"excerpt":{"rendered":"1 nuotr. Kandidatai \u012f Pranc\u016bzijos prezidentus. EPA-Eltos nuotr. \u00a0 \u00a0 Kandidatai nuo politinio spektro kra\u0161tutin\u0117s kair\u0117s iki kra\u0161tutin\u0117s&hellip;\n","protected":false},"author":2,"featured_media":263868,"comment_status":"","ping_status":"","sticky":false,"template":"","format":"standard","meta":{"footnotes":"","_share_on_mastodon":"0"},"categories":[15],"tags":[25,30,31,24342,34,35,24,32,33,37,39,36,38,40,23,22,44,28,29,651,684,340,26,27,74,75,76],"class_list":["post-263867","post","type-post","status-publish","format-standard","has-post-thumbnail","category-pasaulis","tag-antrastes","tag-breaking-news","tag-breakingnews","tag-debatai","tag-featured-news","tag-featurednews","tag-headlines","tag-latest-news","tag-latestnews","tag-lietuva","tag-lietuviu","tag-lithuania","tag-lithuanian","tag-lt","tag-naujienos","tag-news","tag-pasaulis","tag-populiariausios-naujienos","tag-populiariausiosnaujienos","tag-prancuzija","tag-prezidentas","tag-rinkimai","tag-top-stories","tag-topstories","tag-world","tag-world-news","tag-worldnews"],"share_on_mastodon":{"url":"https:\/\/pubeurope.com\/@lt\/117173515922337609","error":""},"_links":{"self":[{"href":"https:\/\/www.europesays.com\/lt\/wp-json\/wp\/v2\/posts\/263867","targetHints":{"allow":["GET"]}}],"collection":[{"href":"https:\/\/www.europesays.com\/lt\/wp-json\/wp\/v2\/posts"}],"about":[{"href":"https:\/\/www.europesays.com\/lt\/wp-json\/wp\/v2\/types\/post"}],"author":[{"embeddable":true,"href":"https:\/\/www.europesays.com\/lt\/wp-json\/wp\/v2\/users\/2"}],"replies":[{"embeddable":true,"href":"https:\/\/www.europesays.com\/lt\/wp-json\/wp\/v2\/comments?post=263867"}],"version-history":[{"count":0,"href":"https:\/\/www.europesays.com\/lt\/wp-json\/wp\/v2\/posts\/263867\/revisions"}],"wp:featuredmedia":[{"embeddable":true,"href":"https:\/\/www.europesays.com\/lt\/wp-json\/wp\/v2\/media\/263868"}],"wp:attachment":[{"href":"https:\/\/www.europesays.com\/lt\/wp-json\/wp\/v2\/media?parent=263867"}],"wp:term":[{"taxonomy":"category","embeddable":true,"href":"https:\/\/www.europesays.com\/lt\/wp-json\/wp\/v2\/categories?post=263867"},{"taxonomy":"post_tag","embeddable":true,"href":"https:\/\/www.europesays.com\/lt\/wp-json\/wp\/v2\/tags?post=263867"}],"curies":[{"name":"wp","href":"https:\/\/api.w.org\/{rel}","templated":true}]}}