{"id":263925,"date":"2026-08-28T15:16:10","date_gmt":"2026-08-28T15:16:10","guid":{"rendered":"https:\/\/www.europesays.com\/lt\/263925\/"},"modified":"2026-08-28T15:16:10","modified_gmt":"2026-08-28T15:16:10","slug":"k-warshas-sako-kad-fed-tures-darbo-jei-infliacija-greitai-nesumazes","status":"publish","type":"post","link":"https:\/\/www.europesays.com\/lt\/263925\/","title":{"rendered":"K. Warshas sako, kad FED tur\u0117s \u201edarbo\u201c, jei infliacija greitai nesuma\u017e\u0117s"},"content":{"rendered":"<p class=\"content-paragraph\">Savo kalboje K. Warshas sak\u0117, kad auk\u0161tas kain\u0173 augimas politikos formuotojams kelia daugiau nerimo nei darbo rinka, kuri\u0105 jis apib\u016bdino kaip i\u0161 esm\u0117s stipri\u0105, skelbia \u201eFinancial Times\u201c.<\/p>\n<p class=\"content-paragraph\">K. Warshas teig\u0117, kad visi pagrindiniai infliacijos rodikliai rodo pana\u0161i\u0105 tendencij\u0105 \u2013 kainos vis dar kyla spar\u010diau nei FED nustatytas 2% tikslas.<\/p>\n<p class=\"content-paragraph\">\u201ePagrindinis FED d\u0117mesys \u0161iuo metu tur\u0117t\u0173 b\u016bti sutelktas \u012f kainas\u201c, \u2013 sak\u0117 K. Warshas.<\/p>\n<p class=\"content-paragraph\">Jis pa\u017eym\u0117jo, kad JAV centrinis bankas jau 65 m\u0117nesius nepasiekia savo 2% infliacijos tikslo, ir u\u017esimin\u0117, kad jei pad\u0117tis greitai nepager\u0117s, FED gali tekti didinti pal\u016bkan\u0173 normas nuo dabartinio 3,5%\u20133,75% intervalo.<\/p>\n<p class=\"content-paragraph\">\u201eMano standartas yra toks: turime b\u016bti \u012fsitikin\u0119, kad pagrindin\u0117 infliacija juda link m\u016bs\u0173 tikslo \u2013 ai\u0161kiai ir pakankamai spar\u010diai. Prie\u0161ingu atveju tur\u0117sime darbo\u201c, \u2013 sak\u0117 FED pirmininkas.<\/p>\n<p class=\"content-paragraph\">Po K. Warsho pasisakymo JAV trumpalaiki\u0173 i\u017edo obligacij\u0173 pajamingumas, kuris atspindi rinkos l\u016bkes\u010dius d\u0117l pinig\u0173 politikos, padid\u0117jo. Dvej\u0173 met\u0173 obligacij\u0173 pajamingumas svyruojant rinkai pakilo 0,05 procentinio punkto iki 4,28%.<\/p>\n<p class=\"content-paragraph\">Investuotojai spaud\u0117 K. Warsh\u0105 ai\u0161kiau paai\u0161kinti, kokiomis s\u0105lygomis jis pritart\u0173 pal\u016bkan\u0173 didinimui. Liepos m\u0117nes\u012f vykusio Federalinio atvirosios rinkos komiteto (FOMC) pos\u0117d\u017eio spaudos konferencijoje jis apie savo po\u017ei\u016br\u012f \u012f ekonomikos b\u016bkl\u0119 ir galim\u0105 FED reakcij\u0105 kalb\u0117jo nedaug.<\/p>\n<p class=\"content-paragraph\">FED pirmininkas taip pat sak\u0117, kad yra nedaug po\u017eymi\u0173, jog dabartin\u0117s pal\u016bkan\u0173 normos jau slopint\u0173 JAV ekonomikos augim\u0105. Jo teigimu, jam b\u016bt\u0173 sunku apib\u016bdinti bendras finansines s\u0105lygas kaip \u201eribojan\u010dias\u201c.<\/p>\n<p class=\"content-paragraph\">Jis pabr\u0117\u017e\u0117, kad FED i\u0161lieka tvirtai \u012fsipareigoj\u0119s siekti 2% infliacijos tikslo, kuris vertinamas pagal asmeninio vartojimo i\u0161laid\u0173 (PCE) kain\u0173 indeks\u0105. K. Warshas \u0161\u012f tiksl\u0105 pavadino \u201etvirtu ir nekintamu\u201c.<\/p>\n<p class=\"content-paragraph\">\u0160iuo metu PCE kain\u0173 indeksas, pagrindinis FED naudojamas infliacijos rodiklis, siekia 3,7%.<\/p>\n","protected":false},"excerpt":{"rendered":"Savo kalboje K. Warshas sak\u0117, kad auk\u0161tas kain\u0173 augimas politikos formuotojams kelia daugiau nerimo nei darbo rinka, kuri\u0105&hellip;\n","protected":false},"author":2,"featured_media":263926,"comment_status":"","ping_status":"","sticky":false,"template":"","format":"standard","meta":{"footnotes":"","_share_on_mastodon":"0"},"categories":[17],"tags":[81,37,39,36,38,40,46],"class_list":["post-263925","post","type-post","status-publish","format-standard","has-post-thumbnail","category-verslas","tag-business","tag-lietuva","tag-lietuviu","tag-lithuania","tag-lithuanian","tag-lt","tag-verslas"],"share_on_mastodon":{"url":"https:\/\/pubeurope.com\/@lt\/117173799071006448","error":""},"_links":{"self":[{"href":"https:\/\/www.europesays.com\/lt\/wp-json\/wp\/v2\/posts\/263925","targetHints":{"allow":["GET"]}}],"collection":[{"href":"https:\/\/www.europesays.com\/lt\/wp-json\/wp\/v2\/posts"}],"about":[{"href":"https:\/\/www.europesays.com\/lt\/wp-json\/wp\/v2\/types\/post"}],"author":[{"embeddable":true,"href":"https:\/\/www.europesays.com\/lt\/wp-json\/wp\/v2\/users\/2"}],"replies":[{"embeddable":true,"href":"https:\/\/www.europesays.com\/lt\/wp-json\/wp\/v2\/comments?post=263925"}],"version-history":[{"count":0,"href":"https:\/\/www.europesays.com\/lt\/wp-json\/wp\/v2\/posts\/263925\/revisions"}],"wp:featuredmedia":[{"embeddable":true,"href":"https:\/\/www.europesays.com\/lt\/wp-json\/wp\/v2\/media\/263926"}],"wp:attachment":[{"href":"https:\/\/www.europesays.com\/lt\/wp-json\/wp\/v2\/media?parent=263925"}],"wp:term":[{"taxonomy":"category","embeddable":true,"href":"https:\/\/www.europesays.com\/lt\/wp-json\/wp\/v2\/categories?post=263925"},{"taxonomy":"post_tag","embeddable":true,"href":"https:\/\/www.europesays.com\/lt\/wp-json\/wp\/v2\/tags?post=263925"}],"curies":[{"name":"wp","href":"https:\/\/api.w.org\/{rel}","templated":true}]}}