{"id":26393,"date":"2025-10-27T10:22:14","date_gmt":"2025-10-27T10:22:14","guid":{"rendered":"https:\/\/www.europesays.com\/lt\/26393\/"},"modified":"2025-10-27T10:22:14","modified_gmt":"2025-10-27T10:22:14","slug":"trumpas-pasiepe-putino-branduolinius-bandymus-jie-zino-kad-musu-atominis-laivas-prie-ju-krantu","status":"publish","type":"post","link":"https:\/\/www.europesays.com\/lt\/26393\/","title":{"rendered":"Trumpas pa\u0161iep\u0117 Putino branduolinius bandymus: \u201eJie \u017eino, kad m\u016bs\u0173 atominis laivas prie j\u0173 krant\u0173\u201c"},"content":{"rendered":"\n<p>\u201eJie \u017eino, kad mes turime povandenin\u012f atomin\u012f laiv\u0105 \u00a0\u2013 geriausi\u0105 pasaulyje \u2013 tiesiai prie j\u0173 krant\u0173. Taigi mums nereikia, kad raketa skrist\u0173 8 t\u016bkst. (apie 13 t\u016bkst. km) myli\u0173. Jie ne\u017eaid\u017eia su mumis \u017eaidim\u0173, mes taip pat su jais ne\u017eaisime\u201c, \u2013 \u017eurnalistams prezidento l\u0117ktuve \u201eAir Force One\u201c sak\u0117 D. Trumpas.<\/p>\n<p>\u201eMes nuolat atliekame raket\u0173 bandymus, bet, kaip jau sakiau, turime branduolin\u012f povandenin\u012f laiv\u0105 \u2013 mums nereikia \u0161audyti tokiu atstumu. Beje, nemanau, kad Putinas tur\u0117t\u0173 daryti tokius parei\u0161kimus. Jam reik\u0117t\u0173 baigti kar\u0105, kuris tur\u0117jo trukti vien\u0105 savait\u0119, o dabar jau art\u0117ja ketvirtieji metai. Tai jam ir reik\u0117t\u0173 daryti, o ne bandyti raketas\u201c, \u2013 prid\u016br\u0117 jis.<\/p>\n<p>  Putinas raket\u0105 vadina \u201eunikaliu k\u016briniu\u201c <\/p>\n<p>V. Putinas sekmadien\u012f prane\u0161\u0117 apie naujausi\u0105 <a href=\"https:\/\/www.tv3.lt\/naujiena\/uzsienis\/putinas-zvangina-branduoliniais-ginklais-padare-pareiskima-del-naujos-raketos-n1463805\" rel=\"nofollow noopener\" target=\"_blank\">s\u0117kming\u0105 sparnuotosios raketos \u201eBurevestnik\u201c su branduoliniu varikliu bandym\u0105.<\/a><\/p>\n<p>Skelbiama, kad \u0161is ginklas, galintis ne\u0161ti branduolin\u012f u\u017etais\u0105, per bandym\u0105 spalio 21 dien\u0105 pataik\u0117 \u012f taikin\u012f u\u017e 14 t\u016bkst. kilometr\u0173.\u00a0<\/p>\n<p>\u201eLemiamieji bandymai jau baigti\u201c, \u2013 paskelb\u0117 V. Putinas ir \u012fsak\u0117 parengti \u201einfrastrukt\u016br\u0105, skirt\u0105 \u0161iam ginklui prad\u0117ti naudoti Rusijos ginkluotosiose paj\u0117gose\u201c.<\/p>\n<p>V. Putinas pavadino raket\u0105 \u201eunikaliu k\u016briniu, kokio niekas kitas pasaulyje neturi\u201c, ir prid\u016br\u0117, kad \u201eBurevestnik\u201c turi \u201eneribot\u0105 veikimo nuotol\u012f\u201c.\n<\/p>\n<p>    <a href=\"https:\/\/www.tv3.lt\/Uploads\/UGallery\/photos\/b6\/33\/5e\/6b\/b6335e6b23e6f3e24604f15ad445d118.jpg\" data-fancybox=\"photos-embed\" data-caption=\"Vladimiras Putinas\" target=\"_self\" rel=\"nofollow noopener\"> <img decoding=\"async\" class=\"photo-inside-article\" align=\"center\" alt=\"Vladimiras Putinas\" title=\"Vladimiras Putinas\" src=\"https:\/\/www.europesays.com\/lt\/wp-content\/uploads\/2025\/10\/b6335e6b23e6f3e24604f15ad445d118.jpg\" width=\"684\" height=\"654\" loading=\"lazy\" \/> <\/a>      <img decoding=\"async\" src=\"https:\/\/www.europesays.com\/lt\/wp-content\/uploads\/2025\/10\/b6335e6b23e6f3e24604f15ad445d118.jpg\" \/>Vladimiras Putinas (nuotr. SCANPIX) <\/p>\n<p>\u201eTechnin\u0117s \u201eBurevestnik\u201c charakteristikos leid\u017eia j\u012f naudoti su garantuotu tikslumu prie\u0161 itin saugomus objektus, esan\u010dius bet kokiu atstumu\u201c, \u2013 tvirtino Rusijos ginkluot\u0173j\u0173 paj\u0117g\u0173 Generalinio \u0161tabo vir\u0161ininkas Valerijus Gerasimovas.<\/p>\n<p>V. Putinas apie \u0161ias Rusijos kariuomen\u0117s kuriamas raketas paskelb\u0117 2018 metais.<\/p>\n<p>Saus\u012f sugr\u012f\u017e\u0119s \u012f Baltuosius r\u016bmus D. Trumpas pa\u017ead\u0117jo greitai u\u017ebaigti kar\u0105 Ukrainoje, bet Maskvos ir Kyjivo derybos \u012fstrigo nepaisant JAV prezidento pastang\u0173 tarpininkauti.<\/p>\n<p>Rusijos paj\u0117gos l\u0117tai, bet nuolat \u017eengia \u012f priek\u012f Ukrainoje.<\/p>\n<p>\n                                        \u0160altinis:<br \/>\n                                                                                    BNS ir tv3.lt\n                                                                                <\/p>\n<p>Patiko straipsnis? <a href=\"https:\/\/www.tv3.lt\/prenumeruoti\" rel=\"nofollow noopener\" target=\"_blank\">U\u017esiprenumeruokite m\u016bs\u0173 naujienlai\u0161k\u012f ir gaukite svarbiausias dienos naujienas bei \u012fdomiausius straipsnius kiekvien\u0105 darbo dien\u0105 11 val. Tiesiai \u012f J\u016bs\u0173 el. pa\u0161t\u0105!<\/a><\/p>\n","protected":false},"excerpt":{"rendered":"\u201eJie \u017eino, kad mes turime povandenin\u012f atomin\u012f laiv\u0105 \u00a0\u2013 geriausi\u0105 pasaulyje \u2013 tiesiai prie j\u0173 krant\u0173. Taigi mums&hellip;\n","protected":false},"author":2,"featured_media":26394,"comment_status":"","ping_status":"","sticky":false,"template":"","format":"standard","meta":{"footnotes":""},"categories":[6],"tags":[7965,25,30,31,57,43,34,35,55,48,24,54,51,49,50,32,33,37,39,36,38,40,45,23,22,44,28,29,53,42,56,47,26,27,41,46,58,52],"class_list":{"0":"post-26393","1":"post","2":"type-post","3":"status-publish","4":"format-standard","5":"has-post-thumbnail","7":"category-antrastes","8":"tag-2025-10-27-084100","9":"tag-antrastes","10":"tag-breaking-news","11":"tag-breakingnews","12":"tag-daiktai","13":"tag-dienos-kronika","14":"tag-featured-news","15":"tag-featurednews","16":"tag-gatves-tekstai","17":"tag-gyvenimas","18":"tag-headlines","19":"tag-interneto-pievos","20":"tag-keliones","21":"tag-kultura","22":"tag-laisvalaikis","23":"tag-latest-news","24":"tag-latestnews","25":"tag-lietuva","26":"tag-lietuviu","27":"tag-lithuania","28":"tag-lithuanian","29":"tag-lt","30":"tag-mokslas-ir-it","31":"tag-naujienos","32":"tag-news","33":"tag-pasaulis","34":"tag-populiariausios-naujienos","35":"tag-populiariausiosnaujienos","36":"tag-projektai","37":"tag-rinktiniai-tekstai","38":"tag-simtmecio-portalas","39":"tag-sportas","40":"tag-top-stories","41":"tag-topstories","42":"tag-tv3-lt","43":"tag-verslas","44":"tag-video","45":"tag-zaidimai"},"share_on_mastodon":{"url":"","error":"Validation failed: Text character limit of 500 exceeded"},"_links":{"self":[{"href":"https:\/\/www.europesays.com\/lt\/wp-json\/wp\/v2\/posts\/26393","targetHints":{"allow":["GET"]}}],"collection":[{"href":"https:\/\/www.europesays.com\/lt\/wp-json\/wp\/v2\/posts"}],"about":[{"href":"https:\/\/www.europesays.com\/lt\/wp-json\/wp\/v2\/types\/post"}],"author":[{"embeddable":true,"href":"https:\/\/www.europesays.com\/lt\/wp-json\/wp\/v2\/users\/2"}],"replies":[{"embeddable":true,"href":"https:\/\/www.europesays.com\/lt\/wp-json\/wp\/v2\/comments?post=26393"}],"version-history":[{"count":0,"href":"https:\/\/www.europesays.com\/lt\/wp-json\/wp\/v2\/posts\/26393\/revisions"}],"wp:featuredmedia":[{"embeddable":true,"href":"https:\/\/www.europesays.com\/lt\/wp-json\/wp\/v2\/media\/26394"}],"wp:attachment":[{"href":"https:\/\/www.europesays.com\/lt\/wp-json\/wp\/v2\/media?parent=26393"}],"wp:term":[{"taxonomy":"category","embeddable":true,"href":"https:\/\/www.europesays.com\/lt\/wp-json\/wp\/v2\/categories?post=26393"},{"taxonomy":"post_tag","embeddable":true,"href":"https:\/\/www.europesays.com\/lt\/wp-json\/wp\/v2\/tags?post=26393"}],"curies":[{"name":"wp","href":"https:\/\/api.w.org\/{rel}","templated":true}]}}