{"id":263941,"date":"2026-08-28T15:38:16","date_gmt":"2026-08-28T15:38:16","guid":{"rendered":"https:\/\/www.europesays.com\/lt\/263941\/"},"modified":"2026-08-28T15:38:16","modified_gmt":"2026-08-28T15:38:16","slug":"penktadienis-keliuose-kaunieciai-vis-pranesa-apie-avarijas","status":"publish","type":"post","link":"https:\/\/www.europesays.com\/lt\/263941\/","title":{"rendered":"Penktadienis keliuose: kaunie\u010diai vis prane\u0161a apie avarijas"},"content":{"rendered":"<p>Pirmoji penktadienio dienos pus\u0117 jau pa\u017eenklinta keliais eismo \u012fvykiais. Apie sp\u016bstis \u012fsp\u0117ja ne tik vairuotojai, bet ir specialistai.<\/p>\n<p>Kai jau ra\u0161yta, penktadienio rytas <a href=\"https:\/\/kaunas.kasvyksta.lt\/eismas\/kaunieciai-pranesa-apie-nepravaziuojama-sankryza-zemuosiuose-sanciuose\" target=\"_self\" rel=\"nofollow noopener\">\u017demuosiuose \u0160an\u010diuose prasid\u0117jo lengvojo automobilio ir krovininio automobilio susid\u016brimu<\/a>.<\/p>\n<p>12.37 val. \u201eKas vyksta Kaune\u201c grup\u0117je pasidalinta susid\u016brimo vaizdu ir i\u0161 Raudondvario plento.<\/p>\n<p><img decoding=\"async\" width=\"720\" height=\"405\" loading=\"lazy\" src=\"https:\/\/www.europesays.com\/lt\/wp-content\/uploads\/2026\/08\/1111-6a915b378fe28.jpg@webp.webp\" class=\"w-auto h-auto\" alt=\"1111\"\/><\/p>\n<p>Avarija Raudondvario pl. \/ Kas vyksta Kaune grup\u0117s nuotr.<\/p>\n<p>Po keli\u0173 minu\u010di\u0173, apie 12.44 val., grup\u0117je pasidalinta ir eismo \u012fvykiu A1 automagistral\u0117je.<\/p>\n<p>\u201eKaunas-Vilnius, ties \u201eDeivina\u201c, \u2013 ra\u0161\u0117 grup\u0117s narys.<\/p>\n<p><img decoding=\"async\" width=\"720\" height=\"405\" loading=\"lazy\" src=\"https:\/\/www.europesays.com\/lt\/wp-content\/uploads\/2026\/08\/avarija-a1-kelyje-kas-vysta-kaune-grupes-nuotr-6a915c0b770bb.jpg@webp.webp\" class=\"w-auto h-auto\" alt=\"Avarija A1 kelyje \/ Kas vysta Kaune grup\u0117s nuotr.\"\/><\/p>\n<p>Avarija A1 kelyje \/ Kas vysta Kaune grup\u0117s nuotr.<\/p>\n<p>Papildyta 14.48 val.<\/p>\n<p>14.15 val. \u201eKas vyksta Kaune\u201c grup\u0117je prane\u0161ta, kad ant Kleboni\u0161kio tilto susid\u016br\u0117 trys automobiliai.<\/p>\n<p>Sp\u016bstis formuojasi Vilniaus link.<\/p>\n<p>(papildymo pabaiga)<\/p>\n<p>\u012e kelius gr\u012f\u017eta intensyvesnis eismas<\/p>\n<p>\u201eVia Lietuva\u201c specialistai pa\u017eymi, kad rugs\u0117j\u012f \u0161alies keliuose tradici\u0161kai i\u0161augus eismo srautams, vairuotoj\u0173 laukia ne tik intensyvesnis eismas, bet ir d\u0117l vykdom\u0173 infrastrukt\u016bros darb\u0173 taikomi laikini ribojimai.<\/p>\n<p>\u201eVia Lietuva\u201c Projekt\u0173 grup\u0117s vadov\u0117 Viktorija Petr\u0117tien\u0117 teigia, kad rugs\u0117j\u012f keliuose tradici\u0161kai i\u0161augus eismo srautams vairuotojai gali pajusti ir intensyviai vykdom\u0173 keli\u0173 infrastrukt\u016bros darb\u0173 poveik\u012f \u2013 kai kuriuose ruo\u017euose bus taikomi laikini eismo ribojimai, tod\u0117l kelion\u0117s gali u\u017etrukti ilgiau.<\/p>\n<p>\u201e\u0160iuo metu vienu metu vykdome i\u0161ties daug eismo dalyviams ir \u0161alies gyventojams svarbi\u0173 projekt\u0173 \u2013 nuo magistrali\u0173 remont\u0173 ir tilt\u0173 rekonstravimo iki eismo saugum\u0105 gerinan\u010di\u0173 sprendini\u0173 gyvenviet\u0117se. Tikrai suprantame, kad darbai kelia laikin\u0173 nepatogum\u0173, tod\u0117l vairuotoj\u0173 pra\u0161ome keliones planuoti i\u0161 anksto, pasirinkti tinkam\u0105 i\u0161vykimo laik\u0105, laikytis kelio \u017eenkl\u0173 ir b\u016bti atidiems darb\u0173 zonose\u201c, \u2013 pa\u017eymi V. Petr\u0117tien\u0117.<\/p>\n<p>\u201eVia Lietuva\u201c atkreipia d\u0117mes\u012f, kad rugs\u0117j\u012f keliuose susid\u0117s du svarb\u016bs veiksniai \u2013 i\u0161aug\u0119 eismo srautai ir intensyviai vykdomi infrastrukt\u016bros darbai. Tod\u0117l kai kuriuose ruo\u017euose nei\u0161vengiamai gali susidaryti sp\u016bstys ir pailg\u0117ti kelion\u0117s laikas, ypa\u010d ten, kur taikomi laikini eismo ribojimai.<\/p>\n<p>Vairuotojai raginami dar prie\u0161 kelion\u0119 \u012fsivertinti eismo situacij\u0105, pasirinkti tinkam\u0105 i\u0161vykimo laik\u0105, prireikus rinktis alternatyvius mar\u0161rutus, laikytis nustatyto grei\u010dio ir atid\u017eiai steb\u0117ti kelio \u017eenklus. Ypa\u010d svarbu b\u016bti atidiems keli\u0173 darb\u0173 zonose \u2013 tai padeda u\u017etikrinti tiek vairuotoj\u0173 ir kit\u0173 eismo dalyvi\u0173, tiek keliuose dirban\u010di\u0173 \u017emoni\u0173 saugum\u0105.<\/p>\n","protected":false},"excerpt":{"rendered":"Pirmoji penktadienio dienos pus\u0117 jau pa\u017eenklinta keliais eismo \u012fvykiais. Apie sp\u016bstis \u012fsp\u0117ja ne tik vairuotojai, bet ir specialistai.&hellip;\n","protected":false},"author":2,"featured_media":263942,"comment_status":"","ping_status":"","sticky":false,"template":"","format":"standard","meta":{"footnotes":"","_share_on_mastodon":"0"},"categories":[13],"tags":[13580,25,155,30,31,563,34,35,24,1061,32,33,37,39,36,38,40,23,22,28,29,26,27],"class_list":["post-263941","post","type-post","status-publish","format-standard","has-post-thumbnail","category-lietuva","tag-a1-kelias","tag-antrastes","tag-avarija","tag-breaking-news","tag-breakingnews","tag-eismas","tag-featured-news","tag-featurednews","tag-headlines","tag-kaunas","tag-latest-news","tag-latestnews","tag-lietuva","tag-lietuviu","tag-lithuania","tag-lithuanian","tag-lt","tag-naujienos","tag-news","tag-populiariausios-naujienos","tag-populiariausiosnaujienos","tag-top-stories","tag-topstories"],"share_on_mastodon":{"url":"https:\/\/pubeurope.com\/@lt\/117173886162356147","error":""},"_links":{"self":[{"href":"https:\/\/www.europesays.com\/lt\/wp-json\/wp\/v2\/posts\/263941","targetHints":{"allow":["GET"]}}],"collection":[{"href":"https:\/\/www.europesays.com\/lt\/wp-json\/wp\/v2\/posts"}],"about":[{"href":"https:\/\/www.europesays.com\/lt\/wp-json\/wp\/v2\/types\/post"}],"author":[{"embeddable":true,"href":"https:\/\/www.europesays.com\/lt\/wp-json\/wp\/v2\/users\/2"}],"replies":[{"embeddable":true,"href":"https:\/\/www.europesays.com\/lt\/wp-json\/wp\/v2\/comments?post=263941"}],"version-history":[{"count":0,"href":"https:\/\/www.europesays.com\/lt\/wp-json\/wp\/v2\/posts\/263941\/revisions"}],"wp:featuredmedia":[{"embeddable":true,"href":"https:\/\/www.europesays.com\/lt\/wp-json\/wp\/v2\/media\/263942"}],"wp:attachment":[{"href":"https:\/\/www.europesays.com\/lt\/wp-json\/wp\/v2\/media?parent=263941"}],"wp:term":[{"taxonomy":"category","embeddable":true,"href":"https:\/\/www.europesays.com\/lt\/wp-json\/wp\/v2\/categories?post=263941"},{"taxonomy":"post_tag","embeddable":true,"href":"https:\/\/www.europesays.com\/lt\/wp-json\/wp\/v2\/tags?post=263941"}],"curies":[{"name":"wp","href":"https:\/\/api.w.org\/{rel}","templated":true}]}}