{"id":26399,"date":"2025-10-27T10:27:33","date_gmt":"2025-10-27T10:27:33","guid":{"rendered":"https:\/\/www.europesays.com\/lt\/26399\/"},"modified":"2025-10-27T10:27:33","modified_gmt":"2025-10-27T10:27:33","slug":"poligonas-dronus-mokomasi-naikinti-turimomis-priemonemis-delfi","status":"publish","type":"post","link":"https:\/\/www.europesays.com\/lt\/26399\/","title":{"rendered":"Poligonas. Dronus mokomasi naikinti turimomis priemon\u0117mis &#8211; Delfi"},"content":{"rendered":"<ol>\n<li><a href=\"https:\/\/news.google.com\/rss\/articles\/CBMiqwFBVV95cUxPcFc2NWJCQkZydzVFY19VcHFOLXZKNWFsSUFEdXpDeFRURmQ4c0c4SzF2MEdmdGtYU2s4bmtpYmdGT3hpY0l4cGU4YXZjcWZKMHVZNk5JTFpJd0NXYkRFRzVfdG9pVlMybTFQYnVxS0JvZGlYOFREcmF2X2tSSF9ZT2plNlBoa0x6YzFMQ1g1d2hoRjY4THRVTm9aTHN0X216LUNaT2hOTXRxS1U?oc=5\" target=\"_blank\" rel=\"nofollow noopener\">Poligonas. Dronus mokomasi naikinti turimomis priemon\u0117mis<\/a>&nbsp;&nbsp;Delfi<\/li>\n<li><a href=\"https:\/\/news.google.com\/rss\/articles\/CBMikwFBVV95cUxPZWdhY0pxMk5pZlFrb3lLNjU5MGQxc2lpanFMa1V0TWZCR2hQbk5PMHhtVm9fSXg2Y2F1OVc3a0VRbEw4dWVUdTRfM0o3aVRUaDBJeFhrbVhTRGNJZGhzY0NzcTh1NG9NR0tXWmhRU0JTa2hoZzZ2MTk3QlhJbFVXeWNJMm5DMlViTmtFMEhqSlo5dzQ?oc=5\" target=\"_blank\" rel=\"nofollow noopener\">Lietuvos kariuomen\u0117 i\u0161band\u0117 sunkiuosius kulkosvaid\u017eius ir \u0161vedi\u0161kas raketas<\/a>&nbsp;&nbsp;77.lt<\/li>\n<li><a href=\"https:\/\/news.google.com\/rss\/articles\/CBMizwFBVV95cUxObkRGYXkxQ3FNSXJIUGpoT0hKcU5MWGVLQndSbXpnTUI1Y1lCZEpSU3lzZDNFRWVVM09wTGprTEl1OW93bXl5Ty1WUXdseXBjYWJ0dC0wV29IN1BRbTNibjV3d0NfeXowVDB1c1VJYWo3NFNXMms5cEd0N25rNGd6THhPZ0FDaTFlM1BSNkIyYjNlVllkUDE2V3ZPTXlSNmU0MnVENzhpSmxVYmIta1ZjQXJUMFR6eERvY0hnTEF3RUp4Zi16R0V5MG1sckRyWWc?oc=5\" target=\"_blank\" rel=\"nofollow noopener\">Lietuvi\u0161kasis dron\u0173 pasaulis \u2013 nuo \u201e\u017eiogo\u201c iki gynybai Baltijos j\u016broje skirto j\u016brinio drono<\/a>&nbsp;&nbsp;Delfi<\/li>\n<li><a href=\"https:\/\/news.google.com\/rss\/articles\/CBMiowFBVV95cUxNUUx3eVNpR2p5dl95NzVNTkpMSm02RjQ4TU9ZTjBKZ0Z2SVFGNnhxVXBpUHdHRzM2WDdWMFpaWG1tckNjZ3RZRno4UzQ1ZGhlMm5uSDEzRzZYSlNFVXhHMzlOM19ValpfOV9LQjFRWlUzV2pUcVU3Zm9nTHhaeHJVZHNLc21RRXgtc00xVkRKQnF4ZHBjUFhON1hTMG5OVW9sNndV?oc=5\" target=\"_blank\" rel=\"nofollow noopener\">Poligonas. Kas naujo lietuvi\u0161k\u0173 antidron\u0173 pasaulyje?<\/a>&nbsp;&nbsp;Delfi<\/li>\n<\/ol>\n","protected":false},"excerpt":{"rendered":"Poligonas. Dronus mokomasi naikinti turimomis priemon\u0117mis&nbsp;&nbsp;Delfi Lietuvos kariuomen\u0117 i\u0161band\u0117 sunkiuosius kulkosvaid\u017eius ir \u0161vedi\u0161kas raketas&nbsp;&nbsp;77.lt Lietuvi\u0161kasis dron\u0173 pasaulis \u2013&hellip;\n","protected":false},"author":2,"featured_media":26400,"comment_status":"","ping_status":"","sticky":false,"template":"","format":"standard","meta":{"footnotes":""},"categories":[13],"tags":[25,30,31,267,34,35,24,32,33,37,39,36,38,40,23,22,2505,28,29,4447,26,27],"class_list":{"0":"post-26399","1":"post","2":"type-post","3":"status-publish","4":"format-standard","5":"has-post-thumbnail","7":"category-lietuva","8":"tag-antrastes","9":"tag-breaking-news","10":"tag-breakingnews","11":"tag-dronai","12":"tag-featured-news","13":"tag-featurednews","14":"tag-headlines","15":"tag-latest-news","16":"tag-latestnews","17":"tag-lietuva","18":"tag-lietuviu","19":"tag-lithuania","20":"tag-lithuanian","21":"tag-lt","22":"tag-naujienos","23":"tag-news","24":"tag-poligonas","25":"tag-populiariausios-naujienos","26":"tag-populiariausiosnaujienos","27":"tag-pratybos","28":"tag-top-stories","29":"tag-topstories"},"share_on_mastodon":{"url":"https:\/\/pubeurope.com\/@lt\/115445658933454789","error":""},"_links":{"self":[{"href":"https:\/\/www.europesays.com\/lt\/wp-json\/wp\/v2\/posts\/26399","targetHints":{"allow":["GET"]}}],"collection":[{"href":"https:\/\/www.europesays.com\/lt\/wp-json\/wp\/v2\/posts"}],"about":[{"href":"https:\/\/www.europesays.com\/lt\/wp-json\/wp\/v2\/types\/post"}],"author":[{"embeddable":true,"href":"https:\/\/www.europesays.com\/lt\/wp-json\/wp\/v2\/users\/2"}],"replies":[{"embeddable":true,"href":"https:\/\/www.europesays.com\/lt\/wp-json\/wp\/v2\/comments?post=26399"}],"version-history":[{"count":0,"href":"https:\/\/www.europesays.com\/lt\/wp-json\/wp\/v2\/posts\/26399\/revisions"}],"wp:featuredmedia":[{"embeddable":true,"href":"https:\/\/www.europesays.com\/lt\/wp-json\/wp\/v2\/media\/26400"}],"wp:attachment":[{"href":"https:\/\/www.europesays.com\/lt\/wp-json\/wp\/v2\/media?parent=26399"}],"wp:term":[{"taxonomy":"category","embeddable":true,"href":"https:\/\/www.europesays.com\/lt\/wp-json\/wp\/v2\/categories?post=26399"},{"taxonomy":"post_tag","embeddable":true,"href":"https:\/\/www.europesays.com\/lt\/wp-json\/wp\/v2\/tags?post=26399"}],"curies":[{"name":"wp","href":"https:\/\/api.w.org\/{rel}","templated":true}]}}