{"id":264062,"date":"2026-08-28T20:12:14","date_gmt":"2026-08-28T20:12:14","guid":{"rendered":"https:\/\/www.europesays.com\/lt\/264062\/"},"modified":"2026-08-28T20:12:14","modified_gmt":"2026-08-28T20:12:14","slug":"is-muziejaus-vienoje-pavogtas-milijonu-vertes-deimantu-verinys-respublika-lt","status":"publish","type":"post","link":"https:\/\/www.europesays.com\/lt\/264062\/","title":{"rendered":"I\u0161 muziejaus Vienoje pavogtas milijon\u0173 vert\u0117s deimant\u0173 v\u0117rinys &#8211; Respublika.lt"},"content":{"rendered":"<p>    \u00d7<\/p>\n<p>    (1\/2) V\u0117rinys kadaise priklaus\u0117 Egipto karalienei Nazli. Stop kadras <a href=\"https:\/\/www.respublika.lt\/uploads\/img\/catalog\/1\/photo_1_21776379.png\" class=\"swiper-photo-download\" download=\"\" rel=\"nofollow noopener\" target=\"_blank\">Atsisi\u0173sti<\/a><\/p>\n<p>    (2\/2) V\u0117rinys kadaise priklaus\u0117 Egipto karalienei Nazli. Stop kadras <a href=\"https:\/\/www.respublika.lt\/uploads\/img\/catalog\/1\/photo_1_75903841.png\" class=\"swiper-photo-download\" download=\"\" rel=\"nofollow noopener\" target=\"_blank\">Atsisi\u0173sti<\/a><\/p>\n<p><img loading=\"lazy\" decoding=\"async\" src=\"https:\/\/www.respublika.lt\/lt\/naujienos\/pasaulis\/nusikaltimai_ir_nelaimes\/is-muziejaus-vienoje-pavogtas-milijonu-vertes-deimantu-verinys\/images\/ico_camera_white.gif\" class=\"camera\" width=\"22\" height=\"15\" alt=\"nuotr.\" style=\"position:relative; top:-2px; right:2px;\"\/> 2 nuotr.<\/p>\n<p>V\u0117rinys kadaise priklaus\u0117 Egipto karalienei Nazli. Stop kadras<\/p>\n<p style=\"text-align: left;\">Viename Vienos muziejuje pavogtas vertingas deimant\u0173 v\u0117rinys. Policija paskelb\u0117 papuo\u0161alo, kur\u012f suk\u016br\u0117 Pary\u017eiaus prabangi\u0173 juvelyrini\u0173 dirbini\u0173 namai \u201eVan Cleef &amp; Arpels\u201c, nuotrauk\u0105.<\/p>\n<p style=\"text-align: justify;\" class=\"desktop_banner\">\u00a0<\/p>\n<p style=\"text-align: left;\">\u00a0<\/p>\n<p style=\"text-align: left;\">Taikomojo meno muziejus (MAK) detali\u0173 neatskleid\u0117, ta\u010diau muziejaus svetain\u0117je galima rasti informacijos apie \u0161\u012f eksponat\u0105. Remiantis ja, tai tikriausiai karali\u0161kas kaklo papuo\u0161alas su 673 deimantais, kuri\u0173 bendras svoris vir\u0161ija 200 karat\u0173.<\/p>\n<p style=\"text-align: left;\">MAK trumpame prane\u0161ime tik patvirtino, kad vagyst\u0117 \u012fvyko papuo\u0161al\u0173 parodos metu. \u017dmon\u0117s per incident\u0105 nenukent\u0117jo. Muziejus nurod\u0117, kad apie vykstant\u012f tyrim\u0105 informacija \u00a0neteikiama.<\/p>\n<p style=\"text-align: left;\">Nuo bir\u017eelio prad\u017eios parodoje \u201eGlanzst\u00fccke\u201c MAK muziejus eksponuoja daugiau nei 300 objekt\u0173 i\u0161 \u201eVan Cleef &amp; Arpels\u201c kolekcijos. Muziejaus svetain\u0117je paskelbtoje parodos nuotraukoje policijos ie\u0161komas papuo\u0161alas matomas u\u017e stiklo sienel\u0117s. I\u0161 eksponato apra\u0161o matyti, kad \u0161is v\u0117rinys kadaise priklaus\u0117 Egipto karalienei Nazli.<\/p>\n<p style=\"text-align: left;\">Ji \u0161\u012f papuo\u0161al\u0105 d\u0117v\u0117jo 1939 metais per savo dukters Fauzijos ir tuometinio Irano sosto \u012fp\u0117dinio Mohammado Rezos Pahlavio, kuris netrukus po to tapo \u0161achu, vestuves. Kaip matyti i\u0161 aukcion\u0173 nam\u0173 \u201eSotheby&#8217;s\u201c duomen\u0173 baz\u0117, v\u0117rinys 2015 m. aukcione Niujorke buvo parduotas u\u017e beveik 4,3 mln. doleri\u0173 (3,7 mln. eur\u0173).<\/p>\n<p style=\"text-align: left;\">Policijos teigimu, du iki \u0161iol nenustatyti vyrai parodos lankymo valandomis i\u0161dau\u017e\u0117 vitrin\u0105 ir pagrob\u0117 eksponat\u0105. Tada jie su grobiu paspruko.\u00a0<\/p>\n<p>Patiko straipsnis? Leisk mums apie tai su\u017einoti. Nepamir\u0161k pasidalinti Facebook! <\/p>\n<p><img loading=\"lazy\" decoding=\"async\" class=\"p2_social_circle_icon\" src=\"https:\/\/www.respublika.lt\/images\/thumbs_up.svg\" width=\"21\" height=\"22\" alt=\"L\"\/><\/p>\n<p><img loading=\"lazy\" decoding=\"async\" class=\"p2_social_circle_icon\" src=\"https:\/\/www.respublika.lt\/images\/facebook.svg\" alt=\"F\" width=\"22\" height=\"22\" style=\"filter: invert(37%) sepia(55%) saturate(2351%) hue-rotate(187deg) brightness(102%) contrast(106%);\"\/><\/p>\n<p>&#13;<br \/>\n              Respublika.lt pasilieka teis\u0119 pa\u0161alinti nekult\u016bringus, keiksma\u017eod\u017eiais pagardintus, su tema nesusijusius, kito asmens vardu pasira\u0161ytus, \u012fstatymus pa\u017eeid\u017eian\u010dius, \u0161lam\u0161t\u0105 reklamuojan\u010dius ar nusikalsti kurstan\u010dius komentarus. Jei kurstysite smurt\u0105, rasin\u0119, tautin\u0119, religin\u0119 ar kitokio pob\u016bd\u017eio neapykant\u0105, \u017evirbliu i\u0161skrid\u0119 j\u016bs\u0173 \u017eod\u017eiai gr\u012f\u017edami gali virsti ton\u0105 sverian\u010diu jau\u010diu &#8211; specialiosioms Lietuvos tarnyboms pareikalavus suteiksime j\u016bs\u0173 duomenis.\n            <\/p>\n","protected":false},"excerpt":{"rendered":"\u00d7 (1\/2) V\u0117rinys kadaise priklaus\u0117 Egipto karalienei Nazli. Stop kadras Atsisi\u0173sti (2\/2) V\u0117rinys kadaise priklaus\u0117 Egipto karalienei Nazli.&hellip;\n","protected":false},"author":2,"featured_media":264063,"comment_status":"","ping_status":"","sticky":false,"template":"","format":"standard","meta":{"footnotes":"","_share_on_mastodon":"0"},"categories":[17],"tags":[3841,81,37,39,36,38,40,2341,8363,46],"class_list":["post-264062","post","type-post","status-publish","format-standard","has-post-thumbnail","category-verslas","tag-austrija","tag-business","tag-lietuva","tag-lietuviu","tag-lithuania","tag-lithuanian","tag-lt","tag-vagyste","tag-verinys","tag-verslas"],"share_on_mastodon":{"url":"https:\/\/pubeurope.com\/@lt\/117174963368602804","error":""},"_links":{"self":[{"href":"https:\/\/www.europesays.com\/lt\/wp-json\/wp\/v2\/posts\/264062","targetHints":{"allow":["GET"]}}],"collection":[{"href":"https:\/\/www.europesays.com\/lt\/wp-json\/wp\/v2\/posts"}],"about":[{"href":"https:\/\/www.europesays.com\/lt\/wp-json\/wp\/v2\/types\/post"}],"author":[{"embeddable":true,"href":"https:\/\/www.europesays.com\/lt\/wp-json\/wp\/v2\/users\/2"}],"replies":[{"embeddable":true,"href":"https:\/\/www.europesays.com\/lt\/wp-json\/wp\/v2\/comments?post=264062"}],"version-history":[{"count":0,"href":"https:\/\/www.europesays.com\/lt\/wp-json\/wp\/v2\/posts\/264062\/revisions"}],"wp:featuredmedia":[{"embeddable":true,"href":"https:\/\/www.europesays.com\/lt\/wp-json\/wp\/v2\/media\/264063"}],"wp:attachment":[{"href":"https:\/\/www.europesays.com\/lt\/wp-json\/wp\/v2\/media?parent=264062"}],"wp:term":[{"taxonomy":"category","embeddable":true,"href":"https:\/\/www.europesays.com\/lt\/wp-json\/wp\/v2\/categories?post=264062"},{"taxonomy":"post_tag","embeddable":true,"href":"https:\/\/www.europesays.com\/lt\/wp-json\/wp\/v2\/tags?post=264062"}],"curies":[{"name":"wp","href":"https:\/\/api.w.org\/{rel}","templated":true}]}}