{"id":264189,"date":"2026-08-29T06:27:39","date_gmt":"2026-08-29T06:27:39","guid":{"rendered":"https:\/\/www.europesays.com\/lt\/264189\/"},"modified":"2026-08-29T06:27:39","modified_gmt":"2026-08-29T06:27:39","slug":"ispeja-vairuotojus-sestadieni-miesto-centre-lauks-eismo-ribojimai","status":"publish","type":"post","link":"https:\/\/www.europesays.com\/lt\/264189\/","title":{"rendered":"\u012esp\u0117ja vairuotojus: \u0161e\u0161tadien\u012f miesto centre lauks eismo ribojimai"},"content":{"rendered":"<p>\u0160e\u0161tadien\u012f d\u0117l Kaune vyksian\u010dio pusmaratonio Kauno vairuotoj\u0173 mieste lauks laikini <a href=\"https:\/\/kaunas.kasvyksta.lt\/eismo-ribojimai\" title=\"Eismo ribojimai\" rel=\"nofollow noopener\" target=\"_blank\">eismo ribojimai<\/a>.<\/p>\n<p>\u201eKaunas b\u0117ga!<\/p>\n<p>\u0160e\u0161tadien\u012f d\u0117l Temple Kauno pusmaratonio renginio mieste numatyti laikini eismo ribojimai. Pra\u0161ome vairuotoj\u0173 b\u016bti atidiems\u201c, \u2013 dalijosi Kauno savivaldyb\u0117.<\/p>\n<p>Paskelbtame \u012fra\u0161e nurodyta, kad \u0161e\u0161tadien\u012f, rugpj\u016b\u010dio 29 d., nuo 9 val. iki 16.30 val. bus ribojamas eismas Karmelit\u0173 tiltu \u012f Nemuno sal\u0105.<\/p>\n<p>Eismas 8\u201311.30 val. bus u\u017edarytas Papilio gatv\u0117je, A. Jak\u0161to g., Rotu\u0161\u0117s aik\u0161teje ir Aleksoto g.<\/p>\n<p>8\u201317 val. eismas bus u\u017edarytas nuo Nemuno g. 3 iki A. Juozapavi\u010diaus pr. 103 (u\u017edaroma 1 juosta).<\/p>\n<p>Vairuotojai taip pat tur\u0117t\u0173 atkreipti d\u0117mes\u012f, kad nuo 8 val. iki 16.30 val. Kauno centre bus negalimas parkavimas nuo Mokslo salos iki P\u0117s\u010di\u0173j\u0173 tilto.<\/p>\n","protected":false},"excerpt":{"rendered":"\u0160e\u0161tadien\u012f d\u0117l Kaune vyksian\u010dio pusmaratonio Kauno vairuotoj\u0173 mieste lauks laikini eismo ribojimai. \u201eKaunas b\u0117ga! \u0160e\u0161tadien\u012f d\u0117l Temple Kauno&hellip;\n","protected":false},"author":2,"featured_media":264190,"comment_status":"","ping_status":"","sticky":false,"template":"","format":"standard","meta":{"footnotes":"","_share_on_mastodon":"0"},"categories":[13],"tags":[25,30,31,563,11308,34,35,24,1061,32,33,37,39,36,38,40,35825,23,38390,8070,22,28,29,10669,26,27],"class_list":["post-264189","post","type-post","status-publish","format-standard","has-post-thumbnail","category-lietuva","tag-antrastes","tag-breaking-news","tag-breakingnews","tag-eismas","tag-eismo-ribojimai","tag-featured-news","tag-featurednews","tag-headlines","tag-kaunas","tag-latest-news","tag-latestnews","tag-lietuva","tag-lietuviu","tag-lithuania","tag-lithuanian","tag-lt","tag-mokslo-sala","tag-naujienos","tag-nemuno-gatve","tag-nemuno-sala","tag-news","tag-populiariausios-naujienos","tag-populiariausiosnaujienos","tag-rotuses-aikste","tag-top-stories","tag-topstories"],"share_on_mastodon":{"url":"https:\/\/pubeurope.com\/@lt\/117177381264754778","error":""},"_links":{"self":[{"href":"https:\/\/www.europesays.com\/lt\/wp-json\/wp\/v2\/posts\/264189","targetHints":{"allow":["GET"]}}],"collection":[{"href":"https:\/\/www.europesays.com\/lt\/wp-json\/wp\/v2\/posts"}],"about":[{"href":"https:\/\/www.europesays.com\/lt\/wp-json\/wp\/v2\/types\/post"}],"author":[{"embeddable":true,"href":"https:\/\/www.europesays.com\/lt\/wp-json\/wp\/v2\/users\/2"}],"replies":[{"embeddable":true,"href":"https:\/\/www.europesays.com\/lt\/wp-json\/wp\/v2\/comments?post=264189"}],"version-history":[{"count":0,"href":"https:\/\/www.europesays.com\/lt\/wp-json\/wp\/v2\/posts\/264189\/revisions"}],"wp:featuredmedia":[{"embeddable":true,"href":"https:\/\/www.europesays.com\/lt\/wp-json\/wp\/v2\/media\/264190"}],"wp:attachment":[{"href":"https:\/\/www.europesays.com\/lt\/wp-json\/wp\/v2\/media?parent=264189"}],"wp:term":[{"taxonomy":"category","embeddable":true,"href":"https:\/\/www.europesays.com\/lt\/wp-json\/wp\/v2\/categories?post=264189"},{"taxonomy":"post_tag","embeddable":true,"href":"https:\/\/www.europesays.com\/lt\/wp-json\/wp\/v2\/tags?post=264189"}],"curies":[{"name":"wp","href":"https:\/\/api.w.org\/{rel}","templated":true}]}}