{"id":264294,"date":"2026-08-29T10:04:21","date_gmt":"2026-08-29T10:04:21","guid":{"rendered":"https:\/\/www.europesays.com\/lt\/264294\/"},"modified":"2026-08-29T10:04:21","modified_gmt":"2026-08-29T10:04:21","slug":"vitalijus-digrevicius-spuogu-protrukio-numalsinimas-respublika-lt","status":"publish","type":"post","link":"https:\/\/www.europesays.com\/lt\/264294\/","title":{"rendered":"Vitalijus DIGREVI\u010cIUS: Spuog\u0173 protr\u016bkio numal\u0161inimas &#8211; Respublika.lt"},"content":{"rendered":"<p><img loading=\"lazy\" decoding=\"async\" src=\"https:\/\/www.respublika.lt\/lt\/naujienos\/nuomones_ir_komentarai\/isklausyk-respublika\/vitalijus-digrevicius-spuogu-protrukio-numalsinimas\/images\/ico_camera_white.gif\" class=\"camera\" width=\"22\" height=\"15\" alt=\"nuotr.\" style=\"position:relative; top:-2px; right:2px;\"\/> 1 nuotr.<\/p>\n<p>Asociatyvi Dirbtinio intelekto sugeneruota nuotrauka<\/p>\n<p style=\"text-align: justify;\" class=\"desktop_banner\">\u00a0<\/p>\n<p>Registravausi internetu, gavau vizit\u0105 po keturi\u0173 m\u0117nesi\u0173 ir trij\u0173 dien\u0173. Palauksiu.<\/p>\n<p>Po keturi\u0173 m\u0117nesi\u0173 i\u0161b\u0117rimas buvo seniai pra\u0117j\u0119s, ta\u010diau buvo gaila u\u017esakytos eil\u0117s, tod\u0117l pas gydytoj\u0105 nuvykau. Tuo labiau, kad ant u\u017epakalio labai nepatogioje vietoje buvo i\u0161kil\u0119s skausmingas didelis spuogas.<\/p>\n<p>Poliklinikos koridorius buvo tu\u0161\u010dias kaip pensininko pinigin\u0117. Iki vizito laiko buvo lik\u0119 dvide\u0161imt minu\u010di\u0173, tod\u0117l atsis\u0117dau laukti, nors i\u0161 kikenim\u0173 supratau, kad ir gydytojas, ir slaugytoja buvo darbo vietoje.<\/p>\n<p>Bet deg\u0117 raudona lemput\u0117 vir\u0161 kabineto dur\u0173.<\/p>\n<p>Visai art\u0117jant vizito laikui u\u017espaud\u0117 \u012f tualet\u0105. Nedelsdamas nub\u0117gau, o gr\u012f\u017e\u0119s supratau, kad nuk\u0117liau vizit\u0105 dar keturiems m\u0117nesiams, nes beb\u0117gant \u017ealia lemput\u0117 v\u0117l tapo raudona.<\/p>\n<p>Ant kabineto dur\u0173 puikavosi lipdukas \u201eGeriausia pad\u0117ka gydytojui &#8211; \u0161ypsena&#8221;. Pla\u010diai i\u0161si\u0161iep\u0119s pabeld\u017eiau \u012f duris.<\/p>\n<p>Gydytojas buvo gerokai pensininkas, slaugytoja &#8211; visi\u0161kai jaunut\u0117, dar nema\u010diusi kraujo.<\/p>\n<p>Jaunasis kabineto gydytojas jau tre\u010dius metus sta\u017eavosi \u0160vedijos klinikoje.<\/p>\n<p>&#8211; Mes \u010dia seno dar tipo, nelabai visokiais u\u017era\u0161ais tikim, &#8211; sumurm\u0117jo gydytojas, imdamas vizito laiko prat\u0119simo kupi\u016br\u0105, &#8211; parodykit, kokios b\u0117dos.<\/p>\n<p>Nusmaukiau \u017eemyn kelnes ir kelnaites. Slaugytoja i\u0161raudo ir pasi\u0161lyk\u0161t\u0117jusi \u017eiauk\u010diodama i\u0161b\u0117go \u012f proced\u016brin\u012f.<\/p>\n<p>&#8211; Eikit \u012f rentgen\u0105, pasidarykit nuotrauk\u0105. Ten jie s\u0117di be darbo dabar.<\/p>\n<p>Rentgeno princes\u0117 buvo prisirpusi koket\u0117. Ap\u017ei\u016br\u0117jo mano spuog\u0105:<\/p>\n<p>&#8211; Ar tik neb\u016bsit kur sifilio \u012fsitais\u0119s?<\/p>\n<p>&#8211; Na, koks gi sifilis ant \u0161iknos gali b\u016bti&#8230;<\/p>\n<p>&#8211; Ka\u017ein, ka\u017ein&#8230; jo, \u010dia kaulas neliestas, rentgeno nereikia.<\/p>\n<p>Kad tas senas krienas nesikabin\u0117t\u0173, padarysiu paprast\u0105 nuotrauk\u0105, &#8211; pasak\u0117, atsine\u0161dama skaitmenin\u012f fotoaparat\u0105.<\/p>\n<p>Kabinete korif\u0117jus ilgai lygino foto su originalu ir konstatavo, kad gijimo progresas juntamas, bet pjauti vis tiek reikia. Liep\u0117 slaugytojai stipriai prispausti, kad u\u017epakalis b\u016bt\u0173 visi\u0161kai stabilus.<\/p>\n<p>Gal man nuo \u012ftampos, gal ji stipriau paspaud\u0117, bet spuogas staiga i\u0161try\u0161ko pats, apt\u0117k\u0161damas slaugytojai rankov\u0119.<\/p>\n<p>Ji klykdama puol\u0117 \u012f proced\u016brin\u012f dezinfekuotis.<\/p>\n<p>Kai gr\u012f\u017eo atgal, korif\u0117jus liep\u0117 u\u017ed\u0117ti pleistr\u0105 ant objekto.<\/p>\n<p>Slaugytoja kategori\u0161kai atsisak\u0117, motyvuodama u\u017esikr\u0117timo rizika.<\/p>\n<p>\u201eDaktaras&#8221; pabr\u0117\u017e\u0117, kad pleistro klijavimas ne\u012feina \u012f jo pareigybes.<\/p>\n<p>Po trumpo gin\u010do i\u0161 koridoriaus buvo pakviesta valytoja, d\u0117vinti dideles m\u0117lynas smirdin\u010dias gumines pir\u0161tines, kuri ir atliko proced\u016br\u0105.<\/p>\n<p>Atsisveikinant gydytojas primin\u0117, kad u\u017esiregistruo\u010diau \u012f pakartotin\u0119 konsultacij\u0105 po keturi\u0173 m\u0117nesi\u0173.<\/p>\n<p>Tada bus galima konstatuoti gydymo eigos efektyvum\u0105 ir tolesn\u0119 reabilitacij\u0105.<\/p>\n","protected":false},"excerpt":{"rendered":"1 nuotr. Asociatyvi Dirbtinio intelekto sugeneruota nuotrauka \u00a0 Registravausi internetu, gavau vizit\u0105 po keturi\u0173 m\u0117nesi\u0173 ir trij\u0173 dien\u0173.&hellip;\n","protected":false},"author":2,"featured_media":264295,"comment_status":"","ping_status":"","sticky":false,"template":"","format":"standard","meta":{"footnotes":"","_share_on_mastodon":"0"},"categories":[15],"tags":[25,30,31,374,34,35,4085,38403,24,32,33,37,39,36,38,40,23,22,38402,44,28,29,38401,26,27,74,75,76],"class_list":["post-264294","post","type-post","status-publish","format-standard","has-post-thumbnail","category-pasaulis","tag-antrastes","tag-breaking-news","tag-breakingnews","tag-digrevicius","tag-featured-news","tag-featurednews","tag-feljetonas","tag-gygytojas","tag-headlines","tag-latest-news","tag-latestnews","tag-lietuva","tag-lietuviu","tag-lithuania","tag-lithuanian","tag-lt","tag-naujienos","tag-news","tag-numalsinimas","tag-pasaulis","tag-populiariausios-naujienos","tag-populiariausiosnaujienos","tag-spuogas","tag-top-stories","tag-topstories","tag-world","tag-world-news","tag-worldnews"],"share_on_mastodon":{"url":"https:\/\/pubeurope.com\/@lt\/117178234862841788","error":""},"_links":{"self":[{"href":"https:\/\/www.europesays.com\/lt\/wp-json\/wp\/v2\/posts\/264294","targetHints":{"allow":["GET"]}}],"collection":[{"href":"https:\/\/www.europesays.com\/lt\/wp-json\/wp\/v2\/posts"}],"about":[{"href":"https:\/\/www.europesays.com\/lt\/wp-json\/wp\/v2\/types\/post"}],"author":[{"embeddable":true,"href":"https:\/\/www.europesays.com\/lt\/wp-json\/wp\/v2\/users\/2"}],"replies":[{"embeddable":true,"href":"https:\/\/www.europesays.com\/lt\/wp-json\/wp\/v2\/comments?post=264294"}],"version-history":[{"count":0,"href":"https:\/\/www.europesays.com\/lt\/wp-json\/wp\/v2\/posts\/264294\/revisions"}],"wp:featuredmedia":[{"embeddable":true,"href":"https:\/\/www.europesays.com\/lt\/wp-json\/wp\/v2\/media\/264295"}],"wp:attachment":[{"href":"https:\/\/www.europesays.com\/lt\/wp-json\/wp\/v2\/media?parent=264294"}],"wp:term":[{"taxonomy":"category","embeddable":true,"href":"https:\/\/www.europesays.com\/lt\/wp-json\/wp\/v2\/categories?post=264294"},{"taxonomy":"post_tag","embeddable":true,"href":"https:\/\/www.europesays.com\/lt\/wp-json\/wp\/v2\/tags?post=264294"}],"curies":[{"name":"wp","href":"https:\/\/api.w.org\/{rel}","templated":true}]}}