{"id":264322,"date":"2026-08-29T10:33:09","date_gmt":"2026-08-29T10:33:09","guid":{"rendered":"https:\/\/www.europesays.com\/lt\/264322\/"},"modified":"2026-08-29T10:33:09","modified_gmt":"2026-08-29T10:33:09","slug":"rugsejo-1-oji-alytuje-kelsis-i-sodo-estrada-nuo-profesijos-paiesku-iki-gabrieles-vilkickytes-koncerto","status":"publish","type":"post","link":"https:\/\/www.europesays.com\/lt\/264322\/","title":{"rendered":"Rugs\u0117jo 1-oji Alytuje kelsis \u012f Sodo estrad\u0105: nuo profesijos paie\u0161k\u0173 iki Gabriel\u0117s Vilkickyt\u0117s koncerto"},"content":{"rendered":"<p>Klausykite Jums patogiu metu \u2013 prenumeruokite podcast\u2019\u0105:<\/p>\n<p class=\"wp-block-paragraph\">Rugs\u0117jo 1-\u0105j\u0105 Alytuje \u0161iemet bus \u0161ven\u010diama ne tik mokyklose ir kitose mokymo \u012fstaigose. Nuo 15 valandos moksleiviai, studentai, \u0161eimos ir kiti alyti\u0161kiai kvie\u010diami \u012f Sodo estrad\u0105, kur vyks Mokslo ir \u017eini\u0173 dienai skirtas renginys \u201ePails\u0117jome \u2013 laikas \u0161v\u0119sti!\u201c.<\/p>\n<p class=\"wp-block-paragraph\">Apie \u0161vent\u0119 ir platesn\u012f klausim\u0105, k\u0105 Alytus \u0161iandien gali pasi\u016blyti jaunam \u017emogui, FM99 \u201eDienos temoje\u201c kalb\u0117josi Alytaus miesto savivaldyb\u0117s vicemer\u0117 Kristina Daugelevi\u010dien\u0117, Alytaus kult\u016bros centro direktor\u0117 Jurgita Kri\u010denait\u0117, Kauno kolegijos Alytaus fakulteto komunikacijos koordinator\u0117 \u0160ar\u016bn\u0117 Ramanavi\u010d\u0117 ir Alytaus profesinio rengimo centro direktorius Vytautas Zubras.<\/p>\n<p class=\"wp-block-paragraph\">Svarbiausia:<\/p>\n<ul class=\"wp-block-list\">\n<li>Rugs\u0117jo 1-osios renginys Alytaus Sodo estradoje prasid\u0117s 15 val.<\/li>\n<li>Nuo 15 iki 20 val. veiks mug\u0117, nuo 15 val. prasid\u0117s edukacijos, eksperimentai, \u017eaidimai ir kitos veiklos.<\/li>\n<li>\u201eAteities al\u0117joje\u201c bus pristatomos studij\u0173 ir profesinio mokymo galimyb\u0117s.<\/li>\n<li>Nuo 18 val. vyks vakaro koncertas, kuriame pasirodys Gabriel\u0117 Vilkickyt\u0117 ir \u201eProflame\u201c, v\u0117liau numatyta DJ programa.<\/li>\n<li>Alytaus profesinio rengimo centro direktoriaus Vytauto Zubro teigimu, rugs\u0117jo 1-\u0105j\u0105 centre mokslus tur\u0117t\u0173 prad\u0117ti apie 900 \u017emoni\u0173.<\/li>\n<li>Tarp paklausi\u0173 profesinio mokymo kryp\u010di\u0173 Alytuje \u012fvardijamos in\u017einerin\u0117s profesijos, transporto priemoni\u0173 remontas, suvirinimas ir elektriko specialyb\u0117.<\/li>\n<\/ul>\n<p>\u201eGr\u012f\u017etam \u012f veiksm\u0105\u201c<\/p>\n<p class=\"wp-block-paragraph\">Alytaus kult\u016bros centro direktor\u0117 Jurgita Kri\u010denait\u0117 sako, kad renginio pavadinimas atsirado svarstant, su kokia nuotaika da\u017eniausiai pasitinkama vasaros pabaiga.<\/p>\n<p class=\"wp-block-paragraph\">\u201eNor\u0117josi kaip tik pakviesti visus, kad n\u0117ra ko li\u016bd\u0117ti. I\u0161 tikr\u0173j\u0173 reikia \u0161v\u0119sti, nes gr\u012f\u017etam \u012f veiksm\u0105, gr\u012f\u017etam \u012f aktyvum\u0105, gr\u012f\u017etam \u012f laik\u0105, kai galim auginti save \u017einiomis\u201c, \u2013 FM99 sak\u0117 J. Kri\u010denait\u0117.<\/p>\n<p><a href=\"https:\/\/fm99.lt\/wp-content\/uploads\/2026\/08\/IMG_0061-scaled.jpeg\" rel=\"nofollow noopener\" target=\"_blank\"><img loading=\"lazy\" data-lazyloaded=\"1\" decoding=\"async\" width=\"1920\" height=\"1440\" src=\"https:\/\/www.europesays.com\/lt\/wp-content\/uploads\/2026\/08\/IMG_0061-1920x1440.jpeg\" alt=\"IMG 0061\" class=\"wp-image-252449\" data-fancybox=\"\"  data-\/><\/a>Jurgita Kri\u010denait\u0117 FM99 studijoje<\/p>\n<p class=\"wp-block-paragraph\">Organizatoriai siekia, kad \u0161vent\u0117 neb\u016bt\u0173 skirta tik vienai am\u017eiaus grupei. Dienos programoje numatyti jaun\u0173j\u0173 alyti\u0161ki\u0173 muzikos atlik\u0117j\u0173 pasirodymai, edukacijos, pramogos ir mug\u0117.<\/p>\n<p class=\"wp-block-paragraph\">Atskira renginio dalis \u2013 \u201eAteities al\u0117ja\u201c. Joje jauni \u017emon\u0117s gal\u0117s susipa\u017einti su Kauno kolegijos Alytaus fakulteto studijomis ir Alytaus profesinio rengimo centro si\u016blomomis galimyb\u0117mis.<\/p>\n<p class=\"wp-block-paragraph\">Oficialiai skelbiama, kad mug\u0117 veiks nuo 15 iki 20 val., o 18 val. prasid\u0117s vakaro koncertas. Jame pasirodys Gabriel\u0117 Vilkickyt\u0117 ir \u201eProflame\u201c, po j\u0173 numatyta DJ programa.<\/p>\n<p>Kod\u0117l pasirinkta Sodo estrada?<\/p>\n<p class=\"wp-block-paragraph\">Alytaus miesto savivaldyb\u0117s vicemer\u0117 Kristina Daugelevi\u010dien\u0117 pabr\u0117\u017e\u0117, kad Rugs\u0117jo 1-osios renginiai mieste n\u0117ra naujiena, ta\u010diau j\u0173 formatas kei\u010diasi.<\/p>\n<p><a href=\"https:\/\/fm99.lt\/wp-content\/uploads\/2026\/08\/Kristina-Daugeleviciene-scaled.jpeg\" rel=\"nofollow noopener\" target=\"_blank\"><img loading=\"lazy\" data-lazyloaded=\"1\" decoding=\"async\" width=\"1374\" height=\"1920\" src=\"https:\/\/www.europesays.com\/lt\/wp-content\/uploads\/2026\/08\/Kristina-Daugeleviciene-1374x1920.jpeg\" alt=\"Kristina Daugelevi\u010dien\u0117\" class=\"wp-image-252454\" data-fancybox=\"\"  data-\/><\/a>Kristina Daugelevi\u010dien\u0117 FM99 studijoje<\/p>\n<p class=\"wp-block-paragraph\">\u0160iemet pasirinkta Sodo estrada, kurioje vasar\u0105 jau vyko \u012fvair\u016bs renginiai.<\/p>\n<p class=\"wp-block-paragraph\">\u201ePer vasaros laikotarp\u012f tikrai \u017einome, kad miestie\u010diai jau prisijaukino t\u0105 erdv\u0119. Ji buvo pilna \u012fvairiausi\u0173 patir\u010di\u0173 \u2013 koncertai, \u201estand-up\u201c vakarai, visokios veiklos. Tai labai tikime, kad ir Rugs\u0117jo 1-oji puikiai ten \u012fvyks\u201c, \u2013 kalb\u0117jo vicemer\u0117.<\/p>\n<p class=\"wp-block-paragraph\">Rengin\u012f kartu rengia savivaldyb\u0117, Alytaus kult\u016bros centras, Kauno kolegijos Alytaus fakultetas ir Alytaus profesinio rengimo centras.<\/p>\n<p>\u201eAteities al\u0117joje\u201c \u2013 ne vien lankstinukai<\/p>\n<p class=\"wp-block-paragraph\">Kauno kolegijos Alytaus fakulteto komunikacijos koordinator\u0117 \u0160ar\u016bn\u0117 Ramanavi\u010d\u0117 \u017eada, kad studij\u0173 pristatymas neapsiribos vien informacijos dalijimu.<\/p>\n<p class=\"wp-block-paragraph\">\u201eBus veikl\u0173 begal\u0117s. Kviesime bandyti, eksperimentuoti, susipa\u017einti, bendrauti, \u017eaisti, laim\u0117ti\u201c, \u2013 sak\u0117 \u0160. Ramanavi\u010d\u0117.<\/p>\n<p><a href=\"https:\/\/fm99.lt\/wp-content\/uploads\/2026\/08\/Sarune-Ramanavice--scaled.jpeg\" rel=\"nofollow noopener\" target=\"_blank\"><img loading=\"lazy\" data-lazyloaded=\"1\" decoding=\"async\" width=\"1691\" height=\"1920\" src=\"https:\/\/www.europesays.com\/lt\/wp-content\/uploads\/2026\/08\/Sarune-Ramanavice--1691x1920.jpeg\" alt=\"\u0160ar\u016bn\u0117 Ramanavi\u010d\u0117\" class=\"wp-image-252452\" data-fancybox=\"\"  data-\/><\/a>\u0160ar\u016bn\u0117 Ramanavi\u010d\u0117 FM99 studijoje<\/p>\n<p class=\"wp-block-paragraph\">Pasak jos, \u201eAteities al\u0117joje\u201c taip pat dalyvaus STEAM Alytaus komanda, Jaun\u0173j\u0173 informatik\u0173 akademija, \u201eEurope Direct\u201c atstovai, fakulteto d\u0117stytojai, lektoriai ir studentai.<\/p>\n<p class=\"wp-block-paragraph\">Alytaus profesinio rengimo centras savo ruo\u017etu ketina parodyti dal\u012f naujausi\u0173 technologij\u0173. Centro direktorius V. Zubras min\u0117jo bepilo\u010dius orlaivius, galvos\u016bkius, konkursus ir kitas praktines veiklas.<\/p>\n<p>Profesinis mokymas \u2013 ir auk\u0161t\u0105j\u012f i\u0161silavinim\u0105 turintiems \u017emon\u0117ms<\/p>\n<p class=\"wp-block-paragraph\">Pokalbyje paliestas ir vis dar pasitaikantis po\u017ei\u016bris, kad profesinis mokymas yra antrasis pasirinkimas ne\u012fstojus \u012f auk\u0161t\u0105j\u0105 mokykl\u0105.<\/p>\n<p class=\"wp-block-paragraph\">V. Zubras su tokiu vertinimu nesutinka.<\/p>\n<p class=\"wp-block-paragraph\">\u201eA\u0161 galvoju, kad mes jau sugriov\u0117m t\u0105 stereotip\u0105. Tikrai yra nema\u017eai \u017emoni\u0173, kurie pasirink\u0119 studijas ir baig\u0119 studijas, tur\u0117dami magistro diplom\u0105, ateina \u012f Alytaus profesinio rengimo centr\u0105\u201c, \u2013 sak\u0117 jis.<\/p>\n<p class=\"wp-block-paragraph\">Centro interneto svetain\u0117je nurodoma, kad t\u0119stinis profesinis mokymas si\u016blomas ir jau turintiems profesin\u0119 kvalifikacij\u0105 arba auk\u0161t\u0105j\u012f i\u0161silavinim\u0105.<\/p>\n<p><a href=\"https:\/\/fm99.lt\/wp-content\/uploads\/2026\/08\/Vytautas-scaled.jpeg\" rel=\"nofollow noopener\" target=\"_blank\"><img data-lazyloaded=\"1\" loading=\"lazy\" decoding=\"async\" width=\"1689\" height=\"1920\" src=\"https:\/\/www.europesays.com\/lt\/wp-content\/uploads\/2026\/08\/Vytautas-1689x1920.jpeg\" alt=\"Vytautas\" class=\"wp-image-252455\" data-fancybox=\"\"  data-\/><\/a>Vytautas Zubras FM99 studijoje<\/p>\n<p class=\"wp-block-paragraph\">Paklaustas, koki\u0173 profesij\u0173 poreikis \u0161iuo metu ry\u0161kiausias, V. Zubras pirmiausia i\u0161skyr\u0117 in\u017einerin\u0119 pramon\u0119.<\/p>\n<p class=\"wp-block-paragraph\">\u201eTransporto priemoni\u0173 remontininko, suvirintojo mokymo programa, elektriko mokymo programa \u2013 tikrai did\u017eiul\u0117 ir paklausa, ir noras mokytis\u201c, \u2013 teig\u0117 centro vadovas.<\/p>\n<p class=\"wp-block-paragraph\">Jis taip pat min\u0117jo pedagogo pad\u0117j\u0117jo, ikimokyklinio ugdymo, slaugytojo pad\u0117j\u0117jo ir kitas sveikatos bei paslaug\u0173 srities programas.<\/p>\n<p class=\"wp-block-paragraph\">Pasak V. Zubro, \u0161i\u0173 met\u0173 rugs\u0117jo 1-\u0105j\u0105 Alytaus profesinio rengimo centre moksl\u0105 tur\u0117t\u0173 prad\u0117ti apie 900 \u017emoni\u0173.<\/p>\n<p class=\"wp-block-paragraph\">Centro skelbiamas 2026 met\u0173 pri\u0117mimo grafikas rodo, kad papildomo pri\u0117mimo pra\u0161ymai buvo priimami rugpj\u016b\u010dio 24\u201326 dienomis, o nuo rugs\u0117jo 1-osios iki spalio 30-osios dar numatytas likusi\u0173 valstyb\u0117s finansuojam\u0173 ar nefinansuojam\u0173 viet\u0173 u\u017epildymas pagal nustatyt\u0105 tvarkara\u0161t\u012f.<\/p>\n<p>Savanoryst\u0117 \u2013 kartu ir praktika<\/p>\n<p class=\"wp-block-paragraph\">Profesinio rengimo centro mokinius alyti\u0161kiai neretai gali sutikti miesto renginiuose ne tik kaip \u017ei\u016brovus, bet ir kaip savanorius.<\/p>\n<p class=\"wp-block-paragraph\">V. Zubras sako, kad tokia veikla profesiniame mokyme turi ir praktin\u0119 vert\u0119.<\/p>\n<p class=\"wp-block-paragraph\">\u201eKiekviena galimyb\u0117 mokiniams dalyvauti \u012fvairiuose renginiuose, prisid\u0117ti prie rengini\u0173, juos augina, augina j\u0173 profesionalum\u0105 \u2013 tiek mokini\u0173, tiek mokytoj\u0173\u201c, \u2013 kalb\u0117jo centro direktorius.<\/p>\n<p class=\"wp-block-paragraph\">Jis pabr\u0117\u017e\u0117, kad centro bendruomen\u0117s veikla neapsiriboja Alytumi, o praktiniai darbai ir savanoryst\u0117 prisideda ne tik prie profesini\u0173 geb\u0117jim\u0173, bet ir prie asmenyb\u0117s ugdymo.<\/p>\n<p>Kaip pasiekti vyresnius paauglius?<\/p>\n<p class=\"wp-block-paragraph\">Alytaus kult\u016bros centro direktor\u0117 J. Kri\u010denait\u0117 pripa\u017eino, kad kult\u016bros \u012fstaigoms viena sud\u0117tingesni\u0173 auditorij\u0173 yra vyresni vaikai ir jaunuoliai.<\/p>\n<p class=\"wp-block-paragraph\">\u201eMes puikiai pasiekiam \u0161eimas su jaunais vaikais, o tie vyresni vaikai vis dar \u0161iek tiek m\u012fsl\u0117 ir \u0161iek tiek didesn\u0117 u\u017eduotis, kaip juos pritraukti\u201c, \u2013 sak\u0117 ji.<\/p>\n<p class=\"wp-block-paragraph\">Bendras Rugs\u0117jo 1-osios renginys, anot direktor\u0117s, gali tapti galimybe kult\u016bros \u012fstaigai priart\u0117ti prie \u0161ios auditorijos, o skirtingoms miesto institucijoms \u2013 i\u0161eiti i\u0161 \u012fprast\u0173 savo veiklos rib\u0173.<\/p>\n<p class=\"wp-block-paragraph\">\u201ePatogu u\u017esidaryti savo \u017eini\u0173 rate, veikti savo patogiam veikimo lauke. Ir \u010dia staiga mes i\u0161\u0161okam \u0161iek tiek vieni \u012f kit\u0173 laukus\u201c, \u2013 kalb\u0117jo J. Kri\u010denait\u0117.<\/p>\n<p>K\u0105 \u0161iandien rinkt\u0173si patys?<\/p>\n<p class=\"wp-block-paragraph\">FM99 pa\u0161nekov\u0173 paklaus\u0117 ir asmeni\u0161kai \u2013 k\u0105 jie daryt\u0173, jeigu v\u0117l b\u016bt\u0173 16 ar 17 met\u0173 ir reik\u0117t\u0173 rinktis savo keli\u0105.<\/p>\n<p class=\"wp-block-paragraph\">\u0160. Ramanavi\u010d\u0117 sak\u0117, kad \u0161iandien mato gerokai daugiau galimybi\u0173 savo gimtajame mieste.<\/p>\n<p class=\"wp-block-paragraph\">V. Zubras jaunam \u017emogui pirmiausia patart\u0173 planuoti savo gyvenim\u0105, skirti d\u0117mesio mokslui ir k\u016brybi\u0161kumui.<\/p>\n<p class=\"wp-block-paragraph\">J. Kri\u010denait\u0117 akcentavo geb\u0117jim\u0105 \u012fsiklausyti \u012f save.<\/p>\n<p class=\"wp-block-paragraph\">\u201eTikrai nereikia ignoruoti to vidaus balso. Norisi palink\u0117ti tam jaunam \u017emogui atrasti savo talentus. O j\u0173 spektras tikrai labai \u012fvairus\u201c, \u2013 sak\u0117 ji.<\/p>\n<p class=\"wp-block-paragraph\">Rugs\u0117jo 1-osios \u0161vent\u0117 Alytaus Sodo estradoje prasid\u0117s 15 val. Vakaro koncertas \u2013 nuo 18 val. Renginys nemokamas.<\/p>\n","protected":false},"excerpt":{"rendered":"Klausykite Jums patogiu metu \u2013 prenumeruokite podcast\u2019\u0105: Rugs\u0117jo 1-\u0105j\u0105 Alytuje \u0161iemet bus \u0161ven\u010diama ne tik mokyklose ir kitose&hellip;\n","protected":false},"author":2,"featured_media":264323,"comment_status":"","ping_status":"","sticky":false,"template":"","format":"standard","meta":{"footnotes":"","_share_on_mastodon":"0"},"categories":[6],"tags":[7005,2550,25,30,31,34,35,7006,24,49,32,33,37,39,36,38,40,23,22,28,29,5554,129,26,27],"class_list":["post-264322","post","type-post","status-publish","format-standard","has-post-thumbnail","category-antrastes","tag-alytaus-radijas","tag-alytus","tag-antrastes","tag-breaking-news","tag-breakingnews","tag-featured-news","tag-featurednews","tag-fm99","tag-headlines","tag-kultura","tag-latest-news","tag-latestnews","tag-lietuva","tag-lietuviu","tag-lithuania","tag-lithuanian","tag-lt","tag-naujienos","tag-news","tag-populiariausios-naujienos","tag-populiariausiosnaujienos","tag-svente","tag-svietimas","tag-top-stories","tag-topstories"],"share_on_mastodon":{"url":"https:\/\/pubeurope.com\/@lt\/117178349215928556","error":""},"_links":{"self":[{"href":"https:\/\/www.europesays.com\/lt\/wp-json\/wp\/v2\/posts\/264322","targetHints":{"allow":["GET"]}}],"collection":[{"href":"https:\/\/www.europesays.com\/lt\/wp-json\/wp\/v2\/posts"}],"about":[{"href":"https:\/\/www.europesays.com\/lt\/wp-json\/wp\/v2\/types\/post"}],"author":[{"embeddable":true,"href":"https:\/\/www.europesays.com\/lt\/wp-json\/wp\/v2\/users\/2"}],"replies":[{"embeddable":true,"href":"https:\/\/www.europesays.com\/lt\/wp-json\/wp\/v2\/comments?post=264322"}],"version-history":[{"count":0,"href":"https:\/\/www.europesays.com\/lt\/wp-json\/wp\/v2\/posts\/264322\/revisions"}],"wp:featuredmedia":[{"embeddable":true,"href":"https:\/\/www.europesays.com\/lt\/wp-json\/wp\/v2\/media\/264323"}],"wp:attachment":[{"href":"https:\/\/www.europesays.com\/lt\/wp-json\/wp\/v2\/media?parent=264322"}],"wp:term":[{"taxonomy":"category","embeddable":true,"href":"https:\/\/www.europesays.com\/lt\/wp-json\/wp\/v2\/categories?post=264322"},{"taxonomy":"post_tag","embeddable":true,"href":"https:\/\/www.europesays.com\/lt\/wp-json\/wp\/v2\/tags?post=264322"}],"curies":[{"name":"wp","href":"https:\/\/api.w.org\/{rel}","templated":true}]}}