{"id":264636,"date":"2026-08-29T23:05:22","date_gmt":"2026-08-29T23:05:22","guid":{"rendered":"https:\/\/www.europesays.com\/lt\/264636\/"},"modified":"2026-08-29T23:05:22","modified_gmt":"2026-08-29T23:05:22","slug":"kelininkai-mokslo-metu-nelaukia-savivaldybe-isvardijo-ko-nespes-bet-bendro-saraso-taip-ir-nepateike","status":"publish","type":"post","link":"https:\/\/www.europesays.com\/lt\/264636\/","title":{"rendered":"Kelininkai mokslo met\u0173 nelaukia: savivaldyb\u0117 i\u0161vardijo, ko nesp\u0117s, bet bendro s\u0105ra\u0161o taip ir nepateik\u0117"},"content":{"rendered":"<p>Likus kelioms dienoms iki rugs\u0117jo 1-osios, Kauno miesto savivaldyb\u0117 portalui \u201eKas vyksta Kaune\u201c atsak\u0117, kokioje stadijoje yra did\u017eiausi \u0161ios vasaros gatvi\u0173 remontai. Atsakymai paai\u0161kina, kod\u0117l dalis kaunie\u010di\u0173 \u012f mokyklas ir darbus rugs\u0117j\u012f va\u017eiuos apylankomis: bent trys stamb\u016bs objektai bus baigti tik ruden\u012f arba met\u0173 pabaigoje.<\/p>\n<p>K\u0105 pa\u017ead\u0117jo savivaldyb\u0117<\/p>\n<p>Miesto tvarkymo skyriaus ved\u0117jo Aloyzo Pakalni\u0161kio pateiktais duomenimis, geriausia \u017einia \u2013 Vai\u0161vydavai. Paklaustas, kada bus atidarytas eismas, atsak\u0117: \u201eJau ateinant\u012f pirmadien\u012f, rugpj\u016b\u010dio 31 d.\u201c.<\/p>\n<p>Prane\u0161ime spaudai savivaldyb\u0117s Ry\u0161i\u0173 su visuomene skyrius taip pat papild\u0117, kad ruden\u012f \u0161ioje susisiekimo arterijoje rangovams liks tik visi\u0161kai \u012frengti takus ir u\u017ebaigti kitus smulkius darbus.<\/p>\n<p>Kiti terminai tolimesni:\n<\/p>\n<p>&#8211; M. K. \u010ciurlionio tiltas \u2013 remontas bus baigtas rugs\u0117jo pabaigoje.<\/p>\n<p>&#8211; U\u017enemun\u0117s g. \u2013 \u201edarbai vyksta pagal plan\u0105\u201c; visi darbai turi b\u016bti baigti iki rugs\u0117jo pabaigos.<\/p>\n<p>&#8211; Julijanavos g. \u2013 atkarpa nuo Marvel\u0117s sl\u0117nio iki Paupelio g. eismui bus atidaryta tik nuo lapkri\u010dio 1 d.<\/p>\n<p>&#8211; \u0160ilaini\u0173 pl., Pr\u016bs\u0173 g. ir Balt\u0173 pr. \u017eiedin\u0117 sankry\u017ea \u2013 planuojama suremontuoti iki met\u0173 pabaigos.<\/p>\n<p>&#8211; K. Mindaugo pr. \u2013 darbai bus baigti \u201eartimiausiomis dienomis\u201c.<\/p>\n<p>&#8211; Bir\u017eelio 23-osios g. \u2013 gatv\u0117 jau i\u0161asfaltuota ir su\u017eenklinta.<\/p>\n<p>Vis d\u0117lto vakar i\u0161platintame prane\u0161ime savivaldyb\u0117 pa\u017eym\u0117jo, kad <a href=\"https:\/\/kaunas.kasvyksta.lt\/kelio-darbai\" title=\"Kelio darbai\" rel=\"nofollow noopener\" target=\"_blank\">kelio darbai<\/a> Karaliaus Mindaugo prospekte ir Bir\u017eelio 23-iosios gatv\u0117je \u2013 baigti.<\/p>\n<p>D\u0117l \u0160ilaini\u0173 plento A. Pakalni\u0161kis nurod\u0117, kad atkarpoje nuo Balt\u0173 pr. iki Alytaus g. darbai atlikti, o toliau dirbama nuo Alytaus g. iki Girios g. Ta\u010diau \u010dia paki\u0161o koj\u0105 tinkl\u0173 i\u0161k\u0117limas: \u201e\u0160iuo metu susid\u016br\u0117me su tinkl\u0173 i\u0161k\u0117limo klausimu \u0161alia \u0160ilaini\u0173 pl. Kol nebus rekonstruoti duj\u0173 tinklai ir vandentiekis, negal\u0117sime atidaryti \u0160ilaini\u0173 plento.\u201c<\/p>\n<p>Ry\u0161i\u0173 su visuomene skyrius papild\u0117, kad atnaujinamas ruo\u017eas \u0160ilaini\u0173 plente bus suremontuotas iki met\u0173 pabaigos.<\/p>\n<p>Tuo metu H. ir O. Minkovski\u0173, Baltijos gatv\u0117se ir Balt\u0173 prospekte vykdom\u0173 kelio darb\u0173 pabaigos terminas \u012fvardytas nebuvo, pa\u017eym\u0117ta tik, kad \u0161iose vietose \u201etaip pat toliau intensyviai bus dirbama\u201c.<\/p>\n<p>Ruden\u012f darbai, anot savivaldyb\u0117s, toliau bus t\u0119siami ir Nemuno ir Neries krantin\u0117se, b\u016bsimame Vilijampol\u0117s transporto mazge ties P. Vilei\u0161io tiltu.<\/p>\n<p>\u201eLaikinai ribojant eism\u0105 Brastos ir A. Kri\u0161\u010diukai\u010dio g. atkarpose, didesn\u012f transporto sraut\u0105 teks atlaikyti Jurbarko gatvei\u201c, \u2013 prane\u0161ime nurod\u0117 Kauno savivaldyb\u0117s Ry\u0161i\u0173 su visuomene skyrius.<\/p>\n<p>Terminai, kurie jau buvo pasislink\u0119 <\/p>\n<p>Dalis \u0161i\u0173 dat\u0173 n\u0117ra pirmosios. Skelbdama apie \u0160ilaini\u0173 plento kapitalinio remonto prad\u017ei\u0105 baland\u017eio 13 d., savivaldyb\u0117 nurod\u0117, kad kilometro ilgio atkarpa tarp Balt\u0173 pr. ir Alytaus g. bus u\u017edaryta \u201ema\u017eiausiai iki rudens\u201c. Darbus atlieka UAB \u201eKauno keliai\u201c, j\u0173 vert\u0117 su PVM \u2013 4,15 mln. eur\u0173. Rugpj\u016b\u010dio pabaigoje paai\u0161k\u0117jo, kad plentas iki rudens neatsidarys \u2013 jo atnaujinimas u\u017esit\u0119s iki tol, kol bus sutvarkyti po\u017eeminiai tinklai, o gretim\u0105 \u017eiedin\u0119 sankry\u017e\u0105 planuojama u\u017ebaigti tik \u0161i\u0173 met\u0173 pabaigoje.<\/p>\n<p>M. K. \u010ciurlionio tilto ir prietil\u010dio remont\u0105 AB \u201eKauno tiltai\u201c prad\u0117jo kovo 18 d. Tuomet skelbta, kad darbai vienoje tilto pus\u0117je truks apie du m\u0117nesius. Antrasis etapas prad\u0117tas tik liepos viduryje, o pabaiga dabar nukelta \u012f rugs\u0117jo pabaig\u0105 \u2013 i\u0161 viso beveik pusmetis.<\/p>\n<p>Julijanavos g. rekonstrukcija startavo baland\u017eio 21 d. Skelbiant apie darb\u0173 prad\u017ei\u0105 buvo nurodyta, kad eismas u\u017edaromas trims m\u0117nesiams. Dabar savivaldyb\u0117 kalba, kad gatv\u0117 eismui bus atidaryta lapkri\u010dio 1 d. Vis d\u0117lto svarbu atkreipti d\u0117mes\u012f, kad pavasar\u012f ir dabar nurodomos skirtingos gatv\u0117s atkarpos, tod\u0117l \u0161i\u0173 dat\u0173 tiesiogiai lyginti nereik\u0117t\u0173.<\/p>\n<p>Vai\u0161vydava \u0161iame kontekste \u2013 i\u0161imtis. Did\u017eiosios g. atkarpa tarp R\u016bko ir V. Borisevi\u010diaus gatvi\u0173 u\u017edaryta nuo baland\u017eio 7 d., o rekonstrukcija tur\u0117jo trukti \u201ema\u017eiausiai iki rugs\u0117jo\u201c. Eismas atveriamas rugpj\u016b\u010dio 31-\u0105j\u0105, tad \u0161\u012fkart rangov\u0117 \u201eAutokausta\u201c \u012f skelbt\u0105 termin\u0105 telpa.<\/p>\n<p>Ta pati prie\u017eastis \u2013 ne pirm\u0105 kart\u0105<\/p>\n<p>Ai\u0161kinimas, kad darbus stabdo nenumatyti po\u017eemini\u0173 tinkl\u0173 perk\u0117limo darbai, Kaune girdimas ne pirmus metus. 2025-\u0173j\u0173 gruod\u012f, ap\u017evelgdamas sezono rezultatus, A. Pakalni\u0161kis tuo pa\u010diu argumentu ai\u0161kino, kod\u0117l u\u017esit\u0119s\u0117 H. ir O. Minkovski\u0173 g. rekonstrukcija \u2013 ten darbus stabd\u0117 nesutvarkyti ESO tinklai. Tuomet \u012f 2026-uosius buvo perkelti ir Julijanavos bei U\u017evingi\u0173 gatvi\u0173 darbai.<\/p>\n<p>Kyla klausimas, ar tinkl\u0173 b\u016bkl\u0117 ir j\u0173 perk\u0117limo poreikis \u2013 tikrai nenumatoma aplinkyb\u0117, ar vis d\u0117lto projektavimo ir derinimo su tinkl\u0173 valdytojais spraga, kuri kartojasi objektas po objekto.<\/p>\n<p>Bendro gatvi\u0173 s\u0105ra\u0161o nepateik\u0117<\/p>\n<p>Naujien\u0173 portalas \u201eKas vyksta Kaune\u201c savivaldyb\u0117s klaus\u0117 ir bendrai: kuri\u0173 kelio remonto bei rekonstrukcijos darb\u0173 nebus sp\u0117ta atlikti iki rugs\u0117jo 1 d. ir kuriose Kauno gatv\u0117se kelininkai darbuosis po \u0161ios datos. Atsakyme \u2013 tik komentarai apie konkre\u010dias redakcijos \u012fvardytas gatves. Bendro s\u0105ra\u0161o, kuris leist\u0173 kaunie\u010diams i\u0161 anksto susiplanuoti rugs\u0117jo mar\u0161rutus, pateikta nebuvo.<\/p>\n<p>Portalas kreipsis \u012f savivaldyb\u0119 pakartotinai ir pra\u0161ys pateikti vis\u0105 po rugs\u0117jo 1 d. tvarkom\u0173 gatvi\u0173 s\u0105ra\u0161\u0105.<\/p>\n","protected":false},"excerpt":{"rendered":"Likus kelioms dienoms iki rugs\u0117jo 1-osios, Kauno miesto savivaldyb\u0117 portalui \u201eKas vyksta Kaune\u201c atsak\u0117, kokioje stadijoje yra did\u017eiausi&hellip;\n","protected":false},"author":2,"featured_media":264637,"comment_status":"","ping_status":"","sticky":false,"template":"","format":"standard","meta":{"footnotes":"","_share_on_mastodon":"0"},"categories":[13],"tags":[23161,25,30,31,24937,563,34,35,23162,24,38445,1061,14628,18096,22363,32,33,37,39,36,38,40,23,22,28,29,19966,26,27,25358],"class_list":["post-264636","post","type-post","status-publish","format-standard","has-post-thumbnail","category-lietuva","tag-aloyzas-pakalniskis","tag-antrastes","tag-breaking-news","tag-breakingnews","tag-didzioji-gatve","tag-eismas","tag-featured-news","tag-featurednews","tag-h-ir-o-minkovskiu-gatve","tag-headlines","tag-julijanavos-gatve","tag-kaunas","tag-kauno-savivaldybe","tag-kelio-darbai","tag-keliu-remonto-darbai","tag-latest-news","tag-latestnews","tag-lietuva","tag-lietuviu","tag-lithuania","tag-lithuanian","tag-lt","tag-naujienos","tag-news","tag-populiariausios-naujienos","tag-populiariausiosnaujienos","tag-rekomenduojame","tag-top-stories","tag-topstories","tag-uznemunes-gatve"],"share_on_mastodon":{"url":"","error":"Validation failed: Text character limit of 500 exceeded"},"_links":{"self":[{"href":"https:\/\/www.europesays.com\/lt\/wp-json\/wp\/v2\/posts\/264636","targetHints":{"allow":["GET"]}}],"collection":[{"href":"https:\/\/www.europesays.com\/lt\/wp-json\/wp\/v2\/posts"}],"about":[{"href":"https:\/\/www.europesays.com\/lt\/wp-json\/wp\/v2\/types\/post"}],"author":[{"embeddable":true,"href":"https:\/\/www.europesays.com\/lt\/wp-json\/wp\/v2\/users\/2"}],"replies":[{"embeddable":true,"href":"https:\/\/www.europesays.com\/lt\/wp-json\/wp\/v2\/comments?post=264636"}],"version-history":[{"count":0,"href":"https:\/\/www.europesays.com\/lt\/wp-json\/wp\/v2\/posts\/264636\/revisions"}],"wp:featuredmedia":[{"embeddable":true,"href":"https:\/\/www.europesays.com\/lt\/wp-json\/wp\/v2\/media\/264637"}],"wp:attachment":[{"href":"https:\/\/www.europesays.com\/lt\/wp-json\/wp\/v2\/media?parent=264636"}],"wp:term":[{"taxonomy":"category","embeddable":true,"href":"https:\/\/www.europesays.com\/lt\/wp-json\/wp\/v2\/categories?post=264636"},{"taxonomy":"post_tag","embeddable":true,"href":"https:\/\/www.europesays.com\/lt\/wp-json\/wp\/v2\/tags?post=264636"}],"curies":[{"name":"wp","href":"https:\/\/api.w.org\/{rel}","templated":true}]}}