{"id":264674,"date":"2026-08-30T03:12:09","date_gmt":"2026-08-30T03:12:09","guid":{"rendered":"https:\/\/www.europesays.com\/lt\/264674\/"},"modified":"2026-08-30T03:12:09","modified_gmt":"2026-08-30T03:12:09","slug":"vilniaus-verslo-centre-artery-beveik-nebeliko-laisvu-vietu-pasirasyta-nauja-sutartis","status":"publish","type":"post","link":"https:\/\/www.europesays.com\/lt\/264674\/","title":{"rendered":"Vilniaus verslo centre \u201eArtery\u201c beveik nebeliko laisv\u0173 viet\u0173: pasira\u0161yta nauja sutartis"},"content":{"rendered":"<p class=\"wp-block-paragraph\">Vilniaus centriniame verslo rajone \u012fsik\u016brusio verslo centro \u201eArtery\u201c u\u017eimtumas pasiek\u0117 98 proc. Naujausia nuomos sutartis pasira\u0161yta su technologij\u0173 \u012fmone \u201eNeara Software\u201c, kuri verslo centre nuomosis apie 450 kv. m ploto biur\u0105.<\/p>\n<p class=\"wp-block-paragraph\">Per pastaruosius metus \u201eArtery\u201c nuominink\u0173 bendruomen\u0119 papild\u0117 finans\u0173, technologij\u0173, investicij\u0173 valdymo ir kit\u0173 profesionali\u0173 paslaug\u0173 sektori\u0173 \u012fmon\u0117s.<\/p>\n<p class=\"wp-block-paragraph\">\u201eArtery\u201c valdan\u010dio \u201eLords LB Asset Management\u201c fondo \u201eLords LB Special Fund I Subfund A\u201c valdytojo ir \u201eLords LB Asset Management\u201c valdybos nario Mariaus \u017demai\u010dio teigimu, 98 proc. u\u017eimtumas dar kart\u0105 patvirtina i\u0161skirtin\u0119 \u201eArtery\u201c pozicij\u0105 ir patrauklum\u0105 nuomininkams.<\/p>\n<p>Skaitykite taip pat<a class=\"miv-ax-rel-link\" href=\"https:\/\/madeinvilnius.lt\/naujienos\/miestas\/vilniaus-vingio-parka-drebina-antrasis-jessicos-shy-koncertas\/\" rel=\"nofollow noopener\" target=\"_blank\">Vilniaus Vingio park\u0105 drebina antrasis Jessicos Shy koncertas<\/a><a class=\"miv-ax-rel-link\" href=\"https:\/\/madeinvilnius.lt\/orai-vilniuje\/sinoptike-perspeja-del-rugsejo-1-osios-oru-2\/\" rel=\"nofollow noopener\" target=\"_blank\">Sinoptik\u0117 persp\u0117ja d\u0117l rugs\u0117jo 1-osios or\u0173<\/a><\/p>\n<p class=\"wp-block-paragraph\">\u201ePasiekus 98 proc. u\u017eimtum\u0105, laisv\u0173 biuro erdvi\u0173 pastate liko labai nedaug. Matome, kad \u012fmon\u0117ms renkantis biur\u0105 svarbi ne tik vieta, bet ir pastato kokyb\u0117, infrastrukt\u016bra bei aplinka, kuri\u0105 jos gali pasi\u016blyti savo darbuotojams\u201c, \u2013 sako M. \u017demaitis.<\/p>\n<p class=\"wp-block-paragraph\">Naujausia \u201eArtery\u201c nuominink\u0117 \u2013 \u201eNeara Software\u201c, Lietuvoje veikianti Australijos technologij\u0173 \u012fmon\u0117s \u201eNeara\u201c dalis.<\/p>\n<p class=\"wp-block-paragraph\">\u201eNeara\u201c kuria skaitmeninio dvynio platform\u0105 elektros tinklams, padedan\u010di\u0105 modeliuoti infrastrukt\u016br\u0105 ir tiksliau planuoti investicijas.<\/p>\n<p class=\"wp-block-paragraph\">Vilniaus komand\u0105 daugiausia sudaro in\u017einieriai, dirbantys su tinkl\u0173 operatoriais visame pasaulyje, bei dirbtinio intelekto specialistai.\u00a0<\/p>\n<p class=\"wp-block-paragraph\">\u201eRenkantis biur\u0105 mums buvo svarbi vieta \u2013 tiek patogus susisiekimas, tiek tai, kad viskas, ko reikia darbo dienos metu, yra vos keli\u0173 minu\u010di\u0173 atstumu. Taip ma\u017eiau laiko sugai\u0161tama smulkmenoms, o daugiau jo lieka darbui su klientais ir komanda\u201d, \u2013\u00a0sako \u201eNeara Software\u201c Lietuvos padalinio vadovas Vytautas Ozolin\u0161.<\/p>\n<p class=\"wp-block-paragraph\">Apie 21 t\u016bkst. kv. m ploto \u201eArtery\u201c nuominink\u0173 bendruomen\u0119 sudaro \u201eVisma Tech\u201c, \u201eRoche Lietuva\u201c, \u201eBMI Executive Institute\u201c, \u201eJohnson Matthey\u201c paslaug\u0173 centras, URBO bankas, \u201eCitadele\u201c banko Lietuvos filialas, \u201eInbank\u201c, \u201eOrion Securities\u201c, RATO bankas, \u201eGroa Capital\u201c, \u201eWatts Lithuania\u201c ir kitos Lietuvos bei tarptautin\u0117s \u012fmon\u0117s.<\/p>\n<p class=\"wp-block-paragraph\">\u201eArtery\u201c suprojektavo garsaus <a style=\"font-weight:bold;\" href=\"https:\/\/madeinvilnius.lt\/tema\/jav\/\" target=\"_blank\" rel=\"nofollow noopener\">JAV<\/a> architekto Danielio Libeskindo studija \u201eStudio Libeskind\u201c kartu su Lietuvos architekt\u0173 biuru \u201eArchinova\u201c. A+ energin\u0117s klas\u0117s verslo centras sertifikuotas pagal tarptautin\u012f tvarumo standart\u0105 BREEAM \u201eOutstanding\u201c.<\/p>\n","protected":false},"excerpt":{"rendered":"Vilniaus centriniame verslo rajone \u012fsik\u016brusio verslo centro \u201eArtery\u201c u\u017eimtumas pasiek\u0117 98 proc. Naujausia nuomos sutartis pasira\u0161yta su technologij\u0173&hellip;\n","protected":false},"author":2,"featured_media":264675,"comment_status":"","ping_status":"","sticky":false,"template":"","format":"standard","meta":{"footnotes":"","_share_on_mastodon":"0"},"categories":[17],"tags":[33156,81,37,39,36,38,40,65,2050,46],"class_list":["post-264674","post","type-post","status-publish","format-standard","has-post-thumbnail","category-verslas","tag-artery","tag-business","tag-lietuva","tag-lietuviu","tag-lithuania","tag-lithuanian","tag-lt","tag-naujiena","tag-nt","tag-verslas"],"share_on_mastodon":{"url":"https:\/\/pubeurope.com\/@lt\/117182276995824288","error":""},"_links":{"self":[{"href":"https:\/\/www.europesays.com\/lt\/wp-json\/wp\/v2\/posts\/264674","targetHints":{"allow":["GET"]}}],"collection":[{"href":"https:\/\/www.europesays.com\/lt\/wp-json\/wp\/v2\/posts"}],"about":[{"href":"https:\/\/www.europesays.com\/lt\/wp-json\/wp\/v2\/types\/post"}],"author":[{"embeddable":true,"href":"https:\/\/www.europesays.com\/lt\/wp-json\/wp\/v2\/users\/2"}],"replies":[{"embeddable":true,"href":"https:\/\/www.europesays.com\/lt\/wp-json\/wp\/v2\/comments?post=264674"}],"version-history":[{"count":0,"href":"https:\/\/www.europesays.com\/lt\/wp-json\/wp\/v2\/posts\/264674\/revisions"}],"wp:featuredmedia":[{"embeddable":true,"href":"https:\/\/www.europesays.com\/lt\/wp-json\/wp\/v2\/media\/264675"}],"wp:attachment":[{"href":"https:\/\/www.europesays.com\/lt\/wp-json\/wp\/v2\/media?parent=264674"}],"wp:term":[{"taxonomy":"category","embeddable":true,"href":"https:\/\/www.europesays.com\/lt\/wp-json\/wp\/v2\/categories?post=264674"},{"taxonomy":"post_tag","embeddable":true,"href":"https:\/\/www.europesays.com\/lt\/wp-json\/wp\/v2\/tags?post=264674"}],"curies":[{"name":"wp","href":"https:\/\/api.w.org\/{rel}","templated":true}]}}