{"id":264698,"date":"2026-08-30T05:30:04","date_gmt":"2026-08-30T05:30:04","guid":{"rendered":"https:\/\/www.europesays.com\/lt\/264698\/"},"modified":"2026-08-30T05:30:04","modified_gmt":"2026-08-30T05:30:04","slug":"vairuotojams-ir-dviratininkams-ruosiami-svarbus-ket-pakeitimai-kilo-pasipriesinimas","status":"publish","type":"post","link":"https:\/\/www.europesays.com\/lt\/264698\/","title":{"rendered":"Vairuotojams ir dviratininkams ruo\u0161iami svarb\u016bs KET pakeitimai: kilo pasiprie\u0161inimas"},"content":{"rendered":"<p class=\"wp-block-paragraph\">\u0160alies dviratininkus vienijanti nevyriausybin\u0117 organizacija \u201eMinam100\u201c kreip\u0117si \u012f valstyb\u0117s vadovus ir Susisiekimo ministerij\u0105 d\u0117l si\u016blom\u0173 Keli\u0173 eismo taisykli\u0173 (<a style=\"font-weight:bold;\" href=\"https:\/\/madeinvilnius.lt\/tema\/ket\/\" target=\"_blank\" rel=\"nofollow noopener\">KET<\/a>) pakeitim\u0173, kuriais norima atsisakyti privalomo saugaus atstumo lenkiant dviratininkus ir keisti va\u017eiavimo kelkra\u0161\u010diu tvark\u0105.\u00a0<\/p>\n<p class=\"wp-block-paragraph\">Susisiekimo ministerijai si\u016blant privalom\u0105 1\u20131,5 metro \u0161onin\u012f atstum\u0105 lenkiant dviratinink\u0105 paversti tik rekomendacija,\u00a0vie\u0161osios \u012fstaigos \u201eMinam100\u201c prezident\u0117 Loreta \u0160l\u0117guvien\u0117 pabr\u0117\u017eia, kad toks sprendimas reik\u0161t\u0173 ne technin\u012f KET patikslinim\u0105, o esmin\u012f dviratinink\u0173 teisin\u0117s apsaugos suma\u017einim\u0105.<\/p>\n<p class=\"wp-block-paragraph\">\u201ePrivalomas 1 ar 1,5 metro atstumas yra viena svarbiausi\u0173 dviratininko gyvyb\u0119 saugan\u010di\u0173 taisykli\u0173. Motorin\u0117s transporto priemon\u0117s d\u0117l savo nepalyginamai didesn\u0117s mas\u0117s, gabarit\u0173 ir grei\u010dio yra pavojaus \u0161altinis dviratininkui, kuris neturi jokios fizin\u0117s apsaugos\u201c, \u2013 prane\u0161ime cituojama L. \u0160l\u0117guvien\u0117.<\/p>\n<p>Skaitykite taip pat<a class=\"miv-ax-rel-link\" href=\"https:\/\/madeinvilnius.lt\/verslas\/nekilnojamas-turtas\/m-k-ciurlionio-menu-mokyklai-bus-perduotas-vilniaus-kolegijos-pastatas\/\" rel=\"nofollow noopener\" target=\"_blank\">Vilniaus kolegijos pastatas laikinai atiteks \u010ciurlionio men\u0173 mokyklai<\/a><a class=\"miv-ax-rel-link\" href=\"https:\/\/madeinvilnius.lt\/naujienos\/miestas\/didziules-statybos-ant-tauro-kalno-juda-pirmyn-ivardijo-planuojama-atidarymo-data\/\" rel=\"nofollow noopener\" target=\"_blank\">Did\u017eiul\u0117s statybos ant Tauro kalno juda pirmyn: \u012fvardijo planuojam\u0105 atidarymo dat\u0105<\/a><\/p>\n<p class=\"wp-block-paragraph\">\u201eNet minimalus kontaktas ar pernelyg arti prava\u017eiuojan\u010dio automobilio sukeltas oro srautas gali baigtis gri\u016btimi ir sunkiais su\u017ealojimais. Tod\u0117l sunku suprasti, kod\u0117l valstyb\u0117, u\u017euot stiprinusi pa\u017eeid\u017eiamiausi\u0173 eismo dalyvi\u0173 apsaug\u0105, si\u016blo j\u0105 silpninti\u201c, \u2013 teigia ji.<\/p>\n<p class=\"wp-block-paragraph\">L. \u0160l\u0117guvien\u0117 pa\u017eymi, kad privalomo atstumo pavertimas rekomendacija panaikint\u0173 ir ai\u0161ki\u0105 vairuotojo atsakomyb\u0117s rib\u0105. Rekomendacijos nesilaikymas n\u0117ra KET pa\u017eeidimas, tod\u0117l teis\u0117saugai b\u016bt\u0173 gerokai sud\u0117tingiau vertinti pavojingo priart\u0117jimo prie dviratininko atvejus.<\/p>\n<p class=\"wp-block-paragraph\">Dviratinink\u0173 bendruomen\u0117s kreipimesi \u012f ministerij\u0105 taip pat pabr\u0117\u017eiama, kad privalomas saugus \u0161oninis atstumas taikomas daugelyje Europos valstybi\u0173, tarp j\u0173 Pranc\u016bzijoje, Ispanijoje, Vokietijoje, Portugalijoje, Belgijoje, \u010cekijoje ir kitose.\u00a0<\/p>\n<p class=\"wp-block-paragraph\">Siekiant i\u0161spr\u0119sti kylan\u010dius nepatogumus siauruose keliuose, dviratininkai si\u016blo ne ma\u017einti atstum\u0105, o leisti vairuotojams kirsti i\u0161tisin\u0119 juost\u0105 lenkiant dviratinink\u0105, jei jeigu prie\u0161prie\u0161in\u0117 eismo juosta yra laisva ir manevr\u0105 galima atlikti saugiai.<\/p>\n<p class=\"wp-block-paragraph\">\u201eJeigu prie\u0161prie\u0161in\u0117 juosta laisva ir manevras saugus, geriau leisti vairuotojui kirsti i\u0161tisin\u0119 linij\u0105 ir aplenkti dviratinink\u0105 pusantro metro atstumu. Tai yra ir saugiau ir sprend\u017eia reali\u0105 vairuotojams kylan\u010di\u0105 problem\u0105\u201c, \u2013 teigia L. \u0160l\u0117guvien\u0117.<\/p>\n<p class=\"wp-block-paragraph\">\u201eMinam100\u201c taip pat kritikuoja ministerijos si\u016blomus pakeitimus d\u0117l dviratinink\u0173 va\u017eiavimo kelkra\u0161\u010diu. \u0160iuo metu KET nurodoma, kad, nesant dvira\u010di\u0173 infrastrukt\u016bros, dviratininkas turi va\u017eiuoti tam tinkamu kelkra\u0161\u010diu su asfalto arba betono danga.\u00a0<\/p>\n<p class=\"wp-block-paragraph\">Anot organizacijos, ministerijos parengtoje naujoje redakcijoje nuorodos \u012f dang\u0105 nebelikt\u0173, b\u016bt\u0173 palikta tik s\u0105voka \u201etinkamas kelkra\u0161tis\u201c.<\/p>\n<p class=\"wp-block-paragraph\">\u201ePlento dviratis n\u0117ra pritaikytas va\u017eiuoti \u017evyru ar \u017eole. Va\u017eiuojant sportinink\u0173 i\u0161vystomu grei\u010diu toks kelkra\u0161tis gali b\u016bti pavojingesnis u\u017e va\u017eiuojam\u0105j\u0105 dal\u012f. Jeigu sportuojan\u010dius dviratininkus stumiame nuo kelio \u012f jiems nepritaikyt\u0105 kelkra\u0161t\u012f, mes ne sprend\u017eiame saugumo problem\u0105, o sukuriame nauj\u0105. Toks ministerijos si\u016blymas i\u0161 principo reik\u0161t\u0173 labai stipr\u0173 sm\u016bg\u012f tiek vaik\u0173, tiek suaugusi\u0173j\u0173 plento dvira\u010di\u0173 sportui\u201c, \u2013 pa\u017eymi L. \u0160l\u0117guvien\u0117.<\/p>\n<p class=\"wp-block-paragraph\">\u201eMinam100\u201c kreipim\u0105si palaiko Lietuvos tautinis olimpinis komitetas, Lietuvos dvira\u010di\u0173 sporto ir kit\u0173 \u0161ak\u0173 federacijos bei \u00a0bei masi\u0161kiausio Lietuvoje dvira\u010di\u0173 renginio \u201eVelomaratonas\u201c organizatoriai.\u00a0<\/p>\n","protected":false},"excerpt":{"rendered":"\u0160alies dviratininkus vienijanti nevyriausybin\u0117 organizacija \u201eMinam100\u201c kreip\u0117si \u012f valstyb\u0117s vadovus ir Susisiekimo ministerij\u0105 d\u0117l si\u016blom\u0173 Keli\u0173 eismo taisykli\u0173&hellip;\n","protected":false},"author":2,"featured_media":264699,"comment_status":"","ping_status":"","sticky":false,"template":"","format":"standard","meta":{"footnotes":"","_share_on_mastodon":"0"},"categories":[6],"tags":[25,30,31,34,35,24,1024,32,33,37,39,36,38,40,65,23,22,28,29,26,27],"class_list":["post-264698","post","type-post","status-publish","format-standard","has-post-thumbnail","category-antrastes","tag-antrastes","tag-breaking-news","tag-breakingnews","tag-featured-news","tag-featurednews","tag-headlines","tag-ket","tag-latest-news","tag-latestnews","tag-lietuva","tag-lietuviu","tag-lithuania","tag-lithuanian","tag-lt","tag-naujiena","tag-naujienos","tag-news","tag-populiariausios-naujienos","tag-populiariausiosnaujienos","tag-top-stories","tag-topstories"],"share_on_mastodon":{"url":"https:\/\/pubeurope.com\/@lt\/117182819704252113","error":""},"_links":{"self":[{"href":"https:\/\/www.europesays.com\/lt\/wp-json\/wp\/v2\/posts\/264698","targetHints":{"allow":["GET"]}}],"collection":[{"href":"https:\/\/www.europesays.com\/lt\/wp-json\/wp\/v2\/posts"}],"about":[{"href":"https:\/\/www.europesays.com\/lt\/wp-json\/wp\/v2\/types\/post"}],"author":[{"embeddable":true,"href":"https:\/\/www.europesays.com\/lt\/wp-json\/wp\/v2\/users\/2"}],"replies":[{"embeddable":true,"href":"https:\/\/www.europesays.com\/lt\/wp-json\/wp\/v2\/comments?post=264698"}],"version-history":[{"count":0,"href":"https:\/\/www.europesays.com\/lt\/wp-json\/wp\/v2\/posts\/264698\/revisions"}],"wp:featuredmedia":[{"embeddable":true,"href":"https:\/\/www.europesays.com\/lt\/wp-json\/wp\/v2\/media\/264699"}],"wp:attachment":[{"href":"https:\/\/www.europesays.com\/lt\/wp-json\/wp\/v2\/media?parent=264698"}],"wp:term":[{"taxonomy":"category","embeddable":true,"href":"https:\/\/www.europesays.com\/lt\/wp-json\/wp\/v2\/categories?post=264698"},{"taxonomy":"post_tag","embeddable":true,"href":"https:\/\/www.europesays.com\/lt\/wp-json\/wp\/v2\/tags?post=264698"}],"curies":[{"name":"wp","href":"https:\/\/api.w.org\/{rel}","templated":true}]}}