{"id":264806,"date":"2026-08-30T08:44:08","date_gmt":"2026-08-30T08:44:08","guid":{"rendered":"https:\/\/www.europesays.com\/lt\/264806\/"},"modified":"2026-08-30T08:44:08","modified_gmt":"2026-08-30T08:44:08","slug":"del-ataku-juodojoje-juroje-turkija-iskviete-ukrainos-ambasadoriu-respublika-lt","status":"publish","type":"post","link":"https:\/\/www.europesays.com\/lt\/264806\/","title":{"rendered":"D\u0117l atak\u0173 Juodojoje j\u016broje Turkija i\u0161kviet\u0117 Ukrainos ambasadori\u0173 &#8211; Respublika.lt"},"content":{"rendered":"\n<p style=\"text-align: left;\">Turkija i\u0161kviet\u0117 Ukrainos ambasadori\u0173 d\u0117l \u0161i\u0105 savait\u0119 Juodojoje j\u016broje \u012fvykdyt\u0173 i\u0161puoli\u0173 prie\u0161 vien\u0105 turk\u0173 laiv\u0105 ir kit\u0105, atplaukusi nuvilkti pirmojo, \u0161e\u0161tadien\u012f prane\u0161\u0117 \u0161alies u\u017esienio reikal\u0173 ministerija. Laivai buvo u\u017epulti tre\u010diadien\u012f ir ketvirtadien\u012f, prane\u0161\u0117 ministerija.\u00a0<\/p>\n<p style=\"text-align: justify;\" class=\"desktop_banner\">\u00a0<\/p>\n<p style=\"text-align: left;\">\u00a0<\/p>\n<p style=\"text-align: left;\">\u201ePer susitikim\u0105 Turkija persp\u0117jo apie b\u016btinyb\u0119 u\u017etikrinti \u017emoni\u0173, turto, laivybos ir aplinkos saugum\u0105 Juodojoje j\u016broje\u201c, \u2013 sakoma ministerijos prane\u0161ime.\u00a0<\/p>\n<p style=\"text-align: left;\">Jame sakoma, kad tre\u010diadien\u012f buvo u\u017epultas prie Rusijos krant\u0173 Juodojoje j\u016broje buv\u0119s Turkijos konteinerve\u017eis \u201eLider Bordo Mavi\u201c. Kit\u0105 dien\u0105, pasak ministerijos, taikinys buvo laivas \u201eLider Kocatepe\u201c, atsi\u0173stas nutempti krovinin\u012f laiv\u0105.\u00a0<\/p>\n<p style=\"text-align: left;\">Ministerija nepasak\u0117, ar per atakas b\u016bta auk\u0173.\u00a0<\/p>\n<p style=\"text-align: left;\">Pasak Turkijos \u017einiasklaidos, konteinerve\u017eis buvo nutemptas \u012f Turkijos Samsuno uost\u0105.\u00a0<\/p>\n<p style=\"text-align: left;\">Ankara jau kelias savaites ragina Ukrain\u0105 ir Rusij\u0105 nutraukti atakas prie\u0161 civilinius laivus Juodojoje j\u016broje. Abi kariaujan\u010dios \u0161alys siekia pakenkti kitos \u0161alies pajam\u0173 i\u0161 eksporto \u0161altiniams per kar\u0105, Rusijos prad\u0117t\u0105 2022 m., kai ji sureng\u0117 plataus masto invazij\u0105 \u012f Ukrain\u0105.<\/p>\n<p style=\"text-align: left;\">Juodojoje j\u016broje apstu Turkijos komercini\u0173 laiv\u0173, plaukiojan\u010di\u0173 su \u012fvairi\u0173 \u0161ali\u0173 v\u0117liavomis, keli i\u0161 j\u0173 buvo u\u017epulti dron\u0173, kuriuos, kaip \u012ftariama, paleido Ukraina. Turkija, NATO nar\u0117, palaikanti ry\u0161ius su Kyjivu ir Maskva, neprisid\u0117jo prie Vakar\u0173 sankcij\u0173, taikom\u0173 Rusijai.\u00a0<\/p>\n<p style=\"text-align: left;\">Rugpj\u016b\u010dio 8 d. Turkijos u\u017esienio reikal\u0173 ministras Hakanas Fidanas paragino paskelbti atak\u0173 Juodojoje j\u016broje moratorium\u0105.\u00a0<\/p>\n<p style=\"text-align: left;\">\u201eKonfliktas i\u0161plito visoje Juodojoje j\u016broje\u201c, \u2013 tuo metu sak\u0117 jis. Ministro teigimu, puolami visi komerciniai laivai be i\u0161imties.<\/p>\n","protected":false},"excerpt":{"rendered":"Turkija i\u0161kviet\u0117 Ukrainos ambasadori\u0173 d\u0117l \u0161i\u0105 savait\u0119 Juodojoje j\u016broje \u012fvykdyt\u0173 i\u0161puoli\u0173 prie\u0161 vien\u0105 turk\u0173 laiv\u0105 ir kit\u0105, atplaukusi&hellip;\n","protected":false},"author":2,"featured_media":264807,"comment_status":"","ping_status":"","sticky":false,"template":"","format":"standard","meta":{"footnotes":"","_share_on_mastodon":"0"},"categories":[15],"tags":[3166,25,30,31,267,34,35,24,10233,2284,7565,32,33,37,39,36,38,40,23,22,44,28,29,119,26,27,1853,360,38460,74,75,76],"class_list":["post-264806","post","type-post","status-publish","format-standard","has-post-thumbnail","category-pasaulis","tag-ambasadorius","tag-antrastes","tag-breaking-news","tag-breakingnews","tag-dronai","tag-featured-news","tag-featurednews","tag-headlines","tag-juodoji","tag-jura","tag-laivai","tag-latest-news","tag-latestnews","tag-lietuva","tag-lietuviu","tag-lithuania","tag-lithuanian","tag-lt","tag-naujienos","tag-news","tag-pasaulis","tag-populiariausios-naujienos","tag-populiariausiosnaujienos","tag-rusija","tag-top-stories","tag-topstories","tag-turkija","tag-ukraina","tag-uzpuolimai","tag-world","tag-world-news","tag-worldnews"],"share_on_mastodon":{"url":"https:\/\/pubeurope.com\/@lt\/117183582244077736","error":""},"_links":{"self":[{"href":"https:\/\/www.europesays.com\/lt\/wp-json\/wp\/v2\/posts\/264806","targetHints":{"allow":["GET"]}}],"collection":[{"href":"https:\/\/www.europesays.com\/lt\/wp-json\/wp\/v2\/posts"}],"about":[{"href":"https:\/\/www.europesays.com\/lt\/wp-json\/wp\/v2\/types\/post"}],"author":[{"embeddable":true,"href":"https:\/\/www.europesays.com\/lt\/wp-json\/wp\/v2\/users\/2"}],"replies":[{"embeddable":true,"href":"https:\/\/www.europesays.com\/lt\/wp-json\/wp\/v2\/comments?post=264806"}],"version-history":[{"count":0,"href":"https:\/\/www.europesays.com\/lt\/wp-json\/wp\/v2\/posts\/264806\/revisions"}],"wp:featuredmedia":[{"embeddable":true,"href":"https:\/\/www.europesays.com\/lt\/wp-json\/wp\/v2\/media\/264807"}],"wp:attachment":[{"href":"https:\/\/www.europesays.com\/lt\/wp-json\/wp\/v2\/media?parent=264806"}],"wp:term":[{"taxonomy":"category","embeddable":true,"href":"https:\/\/www.europesays.com\/lt\/wp-json\/wp\/v2\/categories?post=264806"},{"taxonomy":"post_tag","embeddable":true,"href":"https:\/\/www.europesays.com\/lt\/wp-json\/wp\/v2\/tags?post=264806"}],"curies":[{"name":"wp","href":"https:\/\/api.w.org\/{rel}","templated":true}]}}