{"id":264848,"date":"2026-08-30T09:54:25","date_gmt":"2026-08-30T09:54:25","guid":{"rendered":"https:\/\/www.europesays.com\/lt\/264848\/"},"modified":"2026-08-30T09:54:25","modified_gmt":"2026-08-30T09:54:25","slug":"vilniuje-30-proc-nuolaida-elektromobiliu-ikrovimui","status":"publish","type":"post","link":"https:\/\/www.europesays.com\/lt\/264848\/","title":{"rendered":"Vilniuje \u2013 30 proc. nuolaida elektromobili\u0173 \u012fkrovimui"},"content":{"rendered":"<p>Lietuvoje registruot\u0173 gryn\u0173j\u0173 elektromobili\u0173 skai\u010dius jau siekia apie 30 t\u016bkst., o tai ai\u0161kiai rodo, kad elektromobili\u0173 rinka m\u016bs\u0173 \u0161alyje spar\u010diai br\u0119sta. Vis d\u0117lto daliai vairuotoj\u0173 vis dar kyla klausim\u0173 d\u0117l \u012fkrovimo infrastrukt\u016bros, kelioni\u0173 planavimo ir realios elektromobili\u0173 naudos kasdien\u0117je praktikoje. \u0160i\u0105 nuostat\u0105 keisti siekianti \u201eEnefit\u201c vasar\u0105 sureng\u0117 keliaujan\u010di\u0105 akcij\u0105, kurios finalas numatytas Vilniuje.<\/p>\n<p>Per 14 savai\u010di\u0173 bendrov\u0117 aplank\u0117 14 skirting\u0173 Lietuvos miest\u0173 \u2013 nuo didmies\u010di\u0173 iki regionini\u0173 centr\u0173 ir kurort\u0173. Kiekvienoje stotel\u0117je vairuotojams vis\u0105 savait\u0119 buvo taikoma 30 proc. nuolaida elektromobili\u0173 \u012fkrovimui vie\u0161ajame \u201eEnefit\u201c tinkle. Tokia iniciatyva ne tik skatino aktyviau naudotis \u012fkrovimo paslaugomis, bet ir demonstravo, kad kelion\u0117s elektromobiliu Lietuvoje tampa vis patogesn\u0117s.<\/p>\n<p>\u012ekrovimo infrastrukt\u016bra tampa svarbia Lietuvos rinkos dalimi<\/p>\n<p>Pasak \u201eEnefit\u201c vie\u0161ojo \u012fkrovimo tinklo verslo valdymo vadovo Pauliaus Barta\u0161evi\u010diaus, kampanijos rezultatai rodo ai\u0161ki\u0105 tendencij\u0105 \u2013 elektromobiliais Lietuvoje keliaujama vis dr\u0105siau ir da\u017eniau. Tai svarbu ne tik pavieniams vairuotojams, bet ir visai Lietuvos transporto infrastrukt\u016brai, kurioje vie\u0161ieji \u012fkrovimo ta\u0161kai tampa vis reik\u0161mingesni.<\/p>\n<p><img loading=\"lazy\" decoding=\"async\" style=\"aspect-ratio:750\/494;\" src=\"https:\/\/cdn.digin.lt\/files\/post\/content\/2026\/08\/vilniuje-30-proc-nuolaida-elektromobili\u0173-\u012fkrovimui.avif\" width=\"750\" height=\"494\"\/><\/p>\n<p>\u201eMatome, kad elektromobili\u0173 vairuotoj\u0173 skai\u010dius nuosekliai auga. M\u016bs\u0173 tikslas buvo ne tik suteikti finansin\u0119 naud\u0105, bet ir paskatinti lietuvius pa\u017einti skirtingus \u0161alies regionus. Rezultatai rodo, kad pigesnis \u012fkrovimas yra aktualus, o kelion\u0117s elektromobiliu tampa nauja norma\u201c, \u2013 teigia P. Barta\u0161evi\u010dius.<\/p>\n<p>Kas kei\u010diasi elektromobili\u0173 vairuotojams Lietuvoje?<\/p>\n<p>Dar gana da\u017enai manoma, kad elektromobilis labiausiai tinka tik kasdien\u0117ms kelion\u0117ms mieste, pavyzd\u017eiui, Vilniuje ar Kaune. Ta\u010diau augantis vie\u0161asis \u012fkrovimo tinklas kei\u010dia \u0161\u012f po\u017ei\u016br\u012f. \u0160iandien vairuotojai gali daug lengviau planuoti mar\u0161rutus po vis\u0105 Lietuv\u0105, \u012fskaitant ilgesnes i\u0161vykas savaitgaliais, atostogas ar pa\u017eintines keliones.<\/p>\n<p>Tokie sprendimai ypa\u010d aktual\u016bs Lietuvos rinkai, kur vartotojai vertina ne tik technologin\u012f patogum\u0105, bet ir ai\u0161ki\u0105 ekonomin\u0119 naud\u0105. Elektromobili\u0173 \u012fkrovimo paslaugos su nuolaida leid\u017eia suma\u017einti kelion\u0117s i\u0161laidas, o kartu prisideda prie tvaresnio judumo sprendim\u0173 diegimo \u0161alies mastu.<\/p>\n<p>Privalumai: patogumas, taupymas ir lankstumas<\/p>\n<p>Vasaros kampanijos metu vairuotojai buvo kvie\u010diami aplankyti skirtingus Lietuvos miestus, atrasti vietos objektus, renginius ir mar\u0161rutus. Toks formatas parod\u0117, kad elektromobilis gali b\u016bti ne tik technologinis pasirinkimas, bet ir prakti\u0161kas kelioni\u0173 \u012frankis lietuviams, norintiems derinti laisvalaik\u012f, darb\u0105 ir ekonomi\u0161k\u0105 jud\u0117jim\u0105.<\/p>\n<p>Did\u017eiausi privalumai, kuriuos i\u0161skiria vartotojai, yra paprastesnis kelion\u0117s planavimas, ma\u017eesn\u0117s \u012fkrovimo i\u0161laidos ir galimyb\u0117 naudotis vie\u0161\u0105ja infrastrukt\u016bra skirtinguose Lietuvos regionuose. Tai tampa svarbu ir verslui, ir privatiems vairuotojams, kurie ie\u0161ko alternatyv\u0173 tradiciniam kurui.<\/p>\n<p>Finalas Vilniuje ir \u201eVilniaus dienos\u201c<\/p>\n<p>Akcijos pabaiga simboli\u0161kai sutaps su \u201eVilniaus dien\u0173\u201c renginiais sostin\u0117je. Rugs\u0117jo prad\u017eioje Vilnius tradici\u0161kai si\u016blo gausi\u0105 koncert\u0173, pramog\u0173 ir kult\u016brini\u0173 veikl\u0173 program\u0105, tod\u0117l \u0161i iniciatyva suteiks papildom\u0105 prog\u0105 tiek sutaupyti \u012fkraunant elektromobil\u012f, tiek patogiai pasinaudoti miesto renginiais.<\/p>\n<p>Vilniuje 30 proc. nuolaida visose \u201eEnefit\u201c \u012fkrovimo stotel\u0117se galios rugpj\u016b\u010dio 31 d. \u2013 rugs\u0117jo 6 d. Tai dar vienas \u017eenklas, kad elektromobili\u0173 ekosistema Lietuvoje stipr\u0117ja, o vie\u0161asis \u012fkrovimas tampa svarbia kasdienio judumo dalimi.<\/p>\n","protected":false},"excerpt":{"rendered":"Lietuvoje registruot\u0173 gryn\u0173j\u0173 elektromobili\u0173 skai\u010dius jau siekia apie 30 t\u016bkst., o tai ai\u0161kiai rodo, kad elektromobili\u0173 rinka m\u016bs\u0173&hellip;\n","protected":false},"author":2,"featured_media":264849,"comment_status":"","ping_status":"","sticky":false,"template":"","format":"standard","meta":{"footnotes":"","_share_on_mastodon":"0"},"categories":[17],"tags":[81,38466,18337,38464,9338,37,39,30298,36,38,40,38465,46,38463,626],"class_list":["post-264848","post","type-post","status-publish","format-standard","has-post-thumbnail","category-verslas","tag-business","tag-elektromobiliai-kaune","tag-elektromobiliu-ikrovimas","tag-elektromobiliu-rinka","tag-enefit","tag-lietuva","tag-lietuviu","tag-lietuvos-rinka","tag-lithuania","tag-lithuanian","tag-lt","tag-nuolaida-ikrovimui","tag-verslas","tag-viesasis-ikrovimo-tinklas","tag-vilnius"],"share_on_mastodon":{"url":"https:\/\/pubeurope.com\/@lt\/117183857995391846","error":""},"_links":{"self":[{"href":"https:\/\/www.europesays.com\/lt\/wp-json\/wp\/v2\/posts\/264848","targetHints":{"allow":["GET"]}}],"collection":[{"href":"https:\/\/www.europesays.com\/lt\/wp-json\/wp\/v2\/posts"}],"about":[{"href":"https:\/\/www.europesays.com\/lt\/wp-json\/wp\/v2\/types\/post"}],"author":[{"embeddable":true,"href":"https:\/\/www.europesays.com\/lt\/wp-json\/wp\/v2\/users\/2"}],"replies":[{"embeddable":true,"href":"https:\/\/www.europesays.com\/lt\/wp-json\/wp\/v2\/comments?post=264848"}],"version-history":[{"count":0,"href":"https:\/\/www.europesays.com\/lt\/wp-json\/wp\/v2\/posts\/264848\/revisions"}],"wp:featuredmedia":[{"embeddable":true,"href":"https:\/\/www.europesays.com\/lt\/wp-json\/wp\/v2\/media\/264849"}],"wp:attachment":[{"href":"https:\/\/www.europesays.com\/lt\/wp-json\/wp\/v2\/media?parent=264848"}],"wp:term":[{"taxonomy":"category","embeddable":true,"href":"https:\/\/www.europesays.com\/lt\/wp-json\/wp\/v2\/categories?post=264848"},{"taxonomy":"post_tag","embeddable":true,"href":"https:\/\/www.europesays.com\/lt\/wp-json\/wp\/v2\/tags?post=264848"}],"curies":[{"name":"wp","href":"https:\/\/api.w.org\/{rel}","templated":true}]}}