{"id":264868,"date":"2026-08-30T10:51:18","date_gmt":"2026-08-30T10:51:18","guid":{"rendered":"https:\/\/www.europesays.com\/lt\/264868\/"},"modified":"2026-08-30T10:51:18","modified_gmt":"2026-08-30T10:51:18","slug":"islandai-nubalsavo-pries-derybu-del-narystes-es-atnaujinima-respublika-lt","status":"publish","type":"post","link":"https:\/\/www.europesays.com\/lt\/264868\/","title":{"rendered":"Islandai nubalsavo prie\u0161 deryb\u0173 d\u0117l naryst\u0117s ES atnaujinim\u0105 &#8211; Respublika.lt"},"content":{"rendered":"<p><img loading=\"lazy\" decoding=\"async\" src=\"https:\/\/www.respublika.lt\/lt\/naujienos\/pasaulis\/pasaulio_politika\/isankstiniai-referendumo-rezultatai-509-proc-islandu-nenori-atnaujinti-derybu-del-narystes-es\/images\/ico_camera_white.gif\" class=\"camera\" width=\"22\" height=\"15\" alt=\"nuotr.\" style=\"position:relative; top:-2px; right:2px;\"\/> 1 nuotr.<\/p>\n<p>50,9 proc. island\u0173 nenori atnaujinti deryb\u0173 d\u0117l naryst\u0117s ES. EPA-Eltos nuotr.<\/p>\n<p style=\"text-align: justify;\" class=\"desktop_banner\">\u00a0<\/p>\n<p>Islandijos visuomeninio transliuotojo RUV paskelbtais duomenimis, prie\u0161 si\u016blym\u0105 atnaujinti derybas balsavo 52,8 proc. rinkim\u0173 teis\u0119 turin\u010di\u0173 pilie\u010di\u0173, 47,2 proc. balsavo u\u017e.<\/p>\n<p>Apie 270 t\u016bkst. rink\u0117j\u0173 pra\u0161yta atsakyti \u201eTaip&#8221; arba \u201eNe&#8221; \u012f klausim\u0105: \u201eAr Islandija tur\u0117t\u0173 atnaujinti stojimo derybas su Europos S\u0105junga?&#8221;.<\/p>\n<p>Techniniu po\u017ei\u016briu \u012f referendumo rezultat\u0105 atsi\u017evelgti \u0161alies vald\u017eiai n\u0117ra privaloma, ta\u010diau vyriausyb\u0117 yra pa\u017ead\u0117jusi j\u012f gerbti.<\/p>\n<p>Esant tokiai referendumo baig\u010diai, naryst\u0117s ES klausimo svarstymas, tik\u0117tina, nusikels bent iki 2028 m., kai baigsis dabartin\u0117s vyriausyb\u0117s kadencija.<\/p>\n<p>Socialdemokrat\u0117s premjer\u0117s Kristrun Frostadottir vadovaujama centro kair\u0117s vyriausyb\u0117 buvo pa\u017ead\u0117jusi surengti referendum\u0105 iki 2027 m., ta\u010diau j\u012f paankstino d\u0117l \u012ftampos tarptautin\u0117je politikoje, susijusios ir su  JAV prezidento Donaldo Trumpo grasinimais Grenlandijai.<\/p>\n<p>Kaip skelbiama, toks rezultatas nuvils Briusel\u012f, kuris, atrod\u0117, buvo pasireng\u0119s eiti \u012f kompromis\u0105 sud\u0117tingais klausimais, siekdamas palengvinti Islandijos \u012fstojimo proces\u0105.<\/p>\n<p>Islandijos \u017euvininkyst\u0117s sektorius kategori\u0161kai prie\u0161inosi prisijungimui prie ES- 90 proc. \u0161io sektoriaus \u012fmoni\u0173 nepritar\u0117 \u0161iai id\u0117jai &#8211; o ES prie\u0161 balsavim\u0105 band\u0117 jas \u012ftikinti taikydama taikinam\u0105j\u012f po\u017ei\u016br\u012f.<\/p>\n<p>\u201eIslandijos ypatumai \u017euvininkyst\u0117s ir \u017eem\u0117s \u016bkio srityse yra gerai \u017einomi. Juos reik\u0117t\u0173 atid\u017eiai \u012fvertinti&#8221;, &#8211; anks\u010diau yra sakiusi ES pl\u0117tros komisar\u0117 Marta Kos.<\/p>\n<p>\u201eEsu \u012fsitikinusi, kad kartu su ES valstyb\u0117mis nar\u0117mis rasime k\u016brybi\u0161k\u0173 sprendim\u0173&#8221;, &#8211; teig\u0117 ji.<\/p>\n<p>Briuselis tik\u0117josi, kad Islandijos naryst\u0117 taps teigiamos pl\u0117tros pavyzd\u017eiu, kuris taip pat pad\u0117t\u0173 valstybi\u0173 nari\u0173 atstovams lengviau sutikti priimti skurdesnes \u0161alis, pavyzd\u017eiui, Juodkalnij\u0105.<\/p>\n<p>Be to, tai b\u016bt\u0173 leid\u0119 ES sustiprinti savo pozicijas strategi\u0161kai svarbiame Arkties regione ir, galb\u016bt, pad\u0117j\u0119 pakeisti kai kuri\u0173 itin turtingos Norvegijos, kuri n\u0117ra ES nar\u0117, vald\u017eios atstov\u0173 nuomon\u0119.<\/p>\n<p>Parai\u0161k\u0105 d\u0117l naryst\u0117s ES  Islandija prad\u0117jo ruo\u0161ti 2009 m., po finans\u0173 kriz\u0117s ir Islandijos bank\u0173 sistemos \u017elugimo 2008-aisiais.<\/p>\n<p>Procesas jau buvo gerokai pa\u017eeng\u0119s, kai 2013 m. \u012f vald\u017ei\u0105 at\u0117jo derybas sustabd\u017eiusi euroskepti\u0161ka vyriausyb\u0117. Tuomet did\u017eiausia kli\u016btimi buvo laikomas \u017evejybos teisi\u0173 klausimas &#8211; kaip ir \u0161iandien.<\/p>\n<p>Islandijos vyriausyb\u0117 sekmadien\u012f 16 val. (Lietuvos laiku) surengs spaudos konferencij\u0105, kurioje pristatys savo planus.<\/p>\n","protected":false},"excerpt":{"rendered":"1 nuotr. 50,9 proc. island\u0173 nenori atnaujinti deryb\u0173 d\u0117l naryst\u0117s ES. EPA-Eltos nuotr. \u00a0 Islandijos visuomeninio transliuotojo RUV&hellip;\n","protected":false},"author":2,"featured_media":264869,"comment_status":"","ping_status":"","sticky":false,"template":"","format":"standard","meta":{"footnotes":"","_share_on_mastodon":"0"},"categories":[15],"tags":[25,524,30,31,6949,672,34,35,24,4733,32,33,37,39,36,38,40,8558,23,22,44,28,29,7274,26,27,74,75,76],"class_list":["post-264868","post","type-post","status-publish","format-standard","has-post-thumbnail","category-pasaulis","tag-antrastes","tag-atnaujinimas","tag-breaking-news","tag-breakingnews","tag-derybos","tag-es","tag-featured-news","tag-featurednews","tag-headlines","tag-islandija","tag-latest-news","tag-latestnews","tag-lietuva","tag-lietuviu","tag-lithuania","tag-lithuanian","tag-lt","tag-naryste","tag-naujienos","tag-news","tag-pasaulis","tag-populiariausios-naujienos","tag-populiariausiosnaujienos","tag-referendumas","tag-top-stories","tag-topstories","tag-world","tag-world-news","tag-worldnews"],"share_on_mastodon":{"url":"https:\/\/pubeurope.com\/@lt\/117184082053033608","error":""},"_links":{"self":[{"href":"https:\/\/www.europesays.com\/lt\/wp-json\/wp\/v2\/posts\/264868","targetHints":{"allow":["GET"]}}],"collection":[{"href":"https:\/\/www.europesays.com\/lt\/wp-json\/wp\/v2\/posts"}],"about":[{"href":"https:\/\/www.europesays.com\/lt\/wp-json\/wp\/v2\/types\/post"}],"author":[{"embeddable":true,"href":"https:\/\/www.europesays.com\/lt\/wp-json\/wp\/v2\/users\/2"}],"replies":[{"embeddable":true,"href":"https:\/\/www.europesays.com\/lt\/wp-json\/wp\/v2\/comments?post=264868"}],"version-history":[{"count":0,"href":"https:\/\/www.europesays.com\/lt\/wp-json\/wp\/v2\/posts\/264868\/revisions"}],"wp:featuredmedia":[{"embeddable":true,"href":"https:\/\/www.europesays.com\/lt\/wp-json\/wp\/v2\/media\/264869"}],"wp:attachment":[{"href":"https:\/\/www.europesays.com\/lt\/wp-json\/wp\/v2\/media?parent=264868"}],"wp:term":[{"taxonomy":"category","embeddable":true,"href":"https:\/\/www.europesays.com\/lt\/wp-json\/wp\/v2\/categories?post=264868"},{"taxonomy":"post_tag","embeddable":true,"href":"https:\/\/www.europesays.com\/lt\/wp-json\/wp\/v2\/tags?post=264868"}],"curies":[{"name":"wp","href":"https:\/\/api.w.org\/{rel}","templated":true}]}}