{"id":264912,"date":"2026-08-30T12:36:57","date_gmt":"2026-08-30T12:36:57","guid":{"rendered":"https:\/\/www.europesays.com\/lt\/264912\/"},"modified":"2026-08-30T12:36:57","modified_gmt":"2026-08-30T12:36:57","slug":"s-malinauskas-apie-namus-kauno-pasoneje-pora-sumokejo-avansa-o-veliau-prasidejo-tai-apie-ka-net-nesapnavo-2","status":"publish","type":"post","link":"https:\/\/www.europesays.com\/lt\/264912\/","title":{"rendered":"S. Malinauskas \u2013 apie namus Kauno pa\u0161on\u0117je: pora sumok\u0117jo avans\u0105, o v\u0117liau prasid\u0117jo tai, apie k\u0105 net nesapnavo"},"content":{"rendered":"<p>Tinklara\u0161tininkas <a href=\"https:\/\/kaunas.kasvyksta.lt\/skirmantas-malinauskas\" title=\"Skirmantas Malinauskas\" rel=\"nofollow noopener\" target=\"_blank\">Skirmantas Malinauskas<\/a> sekmadien\u012f savo \u201eYouTube\u201c kanale paskelb\u0117 tyrim\u0105 apie penki\u0173 nam\u0173 kvartal\u0105 Kauno rajone, Domeikavos seni\u016bnijos Ra\u017ei\u0173 kaime, ir apie tai, kas, jo pa\u0161nekov\u0173 teigimu, nutiko bandant \u010dia nusipirkti pirmuosius bendrus namus.Jauna pora \u2013 Dominyka ir Lukas \u2013 skelbim\u0105 rado internete: 169 kv. m <a href=\"https:\/\/kaunas.kasvyksta.lt\/namas\" title=\"Namas\" rel=\"nofollow noopener\" target=\"_blank\">namas<\/a> su daline apdaila, 12 ar\u0173 <a href=\"https:\/\/kaunas.kasvyksta.lt\/sklypas\" title=\"Sklypas\" rel=\"nofollow noopener\" target=\"_blank\">sklypas<\/a>, 295 t\u016bkst. eur\u0173. Skelbime, kaip rodoma \u012fra\u0161e, kaip privalumas buvo nurodyta, kad aplinkui negal\u0117s i\u0161kilti nauj\u0173 nam\u0173 ar koted\u017e\u0173, ta\u010diau nepaai\u0161kinta, kod\u0117l. Susitar\u0119 d\u0117l visi\u0161ko \u012frengimo u\u017e ma\u017edaug 40 t\u016bkst. eur\u0173, pirk\u0117jai perved\u0117 avans\u0105.<\/p>\n<p>Pora tvirtina, kad po to pokalbis pasikeit\u0117: sutartos pertvaros, elektros instaliacija ir apdailos sprendimai es\u0105 nebebuvo \u012fmanomi, o namo projekto ir br\u0117\u017eini\u0173 pardav\u0117jas neatsiunt\u0117. \u012era\u0161e cituojamas ir pardav\u0117jo lai\u0161kas, kuriame u\u017e kiemo trinkeles si\u016bloma atsiskaityti grynaisiais \u2013 tada \u201egaut\u0173si pigiau\u201c.<\/p>\n<p>Esminis l\u016b\u017eis, pasak pa\u0161nekov\u0173, \u012fvyko gavus Registr\u0173 centro i\u0161ra\u0161\u0105: paai\u0161k\u0117jo, kad sklypas patenka \u012f magistralinio dujotiekio apsaugos zon\u0105. Tai tranzitinis vamzdynas i\u0161 Kaliningrado \u012f Minsk\u0105, o \u201eAmber Grid\u201c skelbiamos taisykl\u0117s tokioje zonoje riboja net med\u017ei\u0173 sodinim\u0105 ar \u017eem\u0117s kasim\u0105 giliau nei 0,3 m. Pirk\u0117j\u0173 pasamdyti ekspertai, teigia jie, suskai\u010diavo, kad zonoje jau stovi 12 gyvenam\u0173j\u0173 nam\u0173, nors leid\u017eiama iki de\u0161imties, o realus namas gerokai skiriasi nuo ma\u017edaug prie\u0161 de\u0161imtmet\u012f parengto projekto.<\/p>\n<p><img decoding=\"async\" width=\"720\" height=\"405\" loading=\"lazy\" src=\"https:\/\/www.europesays.com\/lt\/wp-content\/uploads\/2026\/08\/sklypas-6a93e11548d9f.png@webp.webp\" class=\"w-auto h-auto\" alt=\"Sklypas\"\/><\/p>\n<p>Sklypas \/ stop kadro nuotr.<\/p>\n<p>Atskira \u012fra\u0161o dalis \u2013 apie \u201enepriklausomus\u201c ekspertus. Pora pasakoja pasisamd\u017eiusi bendrov\u0119 statinio patikrai, o v\u0117liau i\u0161 dokument\u0173 su\u017einojusi, kad tos pa\u010dios bendrov\u0117s specialistas anks\u010diau reng\u0117 pa\u017eymas apie neesminius nukrypimus nuo projekto b\u016btent \u0161iems namams.<\/p>\n<p>S. Malinauskas atkreipia d\u0117mes\u012f ir \u012f tai, kad namus pardavin\u0117jo Kauno rajono savivaldyb\u0117s tarybos narys socialdemokratas Donatas Pocius.<\/p>\n<p>Vis\u0105 istorij\u0105 \u017ei\u016br\u0117kite tinklaid\u0117je.<\/p>\n","protected":false},"excerpt":{"rendered":"Tinklara\u0161tininkas Skirmantas Malinauskas sekmadien\u012f savo \u201eYouTube\u201c kanale paskelb\u0117 tyrim\u0105 apie penki\u0173 nam\u0173 kvartal\u0105 Kauno rajone, Domeikavos seni\u016bnijos Ra\u017ei\u0173&hellip;\n","protected":false},"author":2,"featured_media":264913,"comment_status":"","ping_status":"","sticky":false,"template":"","format":"standard","meta":{"footnotes":"","_share_on_mastodon":"0"},"categories":[6],"tags":[25,30,31,15565,34,35,24,5578,19939,32,33,37,39,36,38,40,298,23,22,28,29,19966,3050,15897,2822,26,27,2171],"class_list":["post-264912","post","type-post","status-publish","format-standard","has-post-thumbnail","category-antrastes","tag-antrastes","tag-breaking-news","tag-breakingnews","tag-domeikava","tag-featured-news","tag-featurednews","tag-headlines","tag-kauno-rajonas","tag-kauno-rajono-savivaldybe","tag-latest-news","tag-latestnews","tag-lietuva","tag-lietuviu","tag-lithuania","tag-lithuanian","tag-lt","tag-namas","tag-naujienos","tag-news","tag-populiariausios-naujienos","tag-populiariausiosnaujienos","tag-rekomenduojame","tag-skirmantas-malinauskas","tag-sklypas","tag-statybos","tag-top-stories","tag-topstories","tag-tyrimas"],"share_on_mastodon":{"url":"https:\/\/pubeurope.com\/@lt\/117184498755958409","error":""},"_links":{"self":[{"href":"https:\/\/www.europesays.com\/lt\/wp-json\/wp\/v2\/posts\/264912","targetHints":{"allow":["GET"]}}],"collection":[{"href":"https:\/\/www.europesays.com\/lt\/wp-json\/wp\/v2\/posts"}],"about":[{"href":"https:\/\/www.europesays.com\/lt\/wp-json\/wp\/v2\/types\/post"}],"author":[{"embeddable":true,"href":"https:\/\/www.europesays.com\/lt\/wp-json\/wp\/v2\/users\/2"}],"replies":[{"embeddable":true,"href":"https:\/\/www.europesays.com\/lt\/wp-json\/wp\/v2\/comments?post=264912"}],"version-history":[{"count":0,"href":"https:\/\/www.europesays.com\/lt\/wp-json\/wp\/v2\/posts\/264912\/revisions"}],"wp:featuredmedia":[{"embeddable":true,"href":"https:\/\/www.europesays.com\/lt\/wp-json\/wp\/v2\/media\/264913"}],"wp:attachment":[{"href":"https:\/\/www.europesays.com\/lt\/wp-json\/wp\/v2\/media?parent=264912"}],"wp:term":[{"taxonomy":"category","embeddable":true,"href":"https:\/\/www.europesays.com\/lt\/wp-json\/wp\/v2\/categories?post=264912"},{"taxonomy":"post_tag","embeddable":true,"href":"https:\/\/www.europesays.com\/lt\/wp-json\/wp\/v2\/tags?post=264912"}],"curies":[{"name":"wp","href":"https:\/\/api.w.org\/{rel}","templated":true}]}}