{"id":26492,"date":"2025-10-27T12:58:19","date_gmt":"2025-10-27T12:58:19","guid":{"rendered":"https:\/\/www.europesays.com\/lt\/26492\/"},"modified":"2025-10-27T12:58:19","modified_gmt":"2025-10-27T12:58:19","slug":"trumpas-igele-branduoliniais-ginklais-zvanginanciam-putinui","status":"publish","type":"post","link":"https:\/\/www.europesays.com\/lt\/26492\/","title":{"rendered":"Trumpas \u012fg\u0117l\u0117 branduoliniais ginklais \u017evanginan\u010diam Putinui"},"content":{"rendered":"<p>\u201eJis tur\u0117t\u0173 u\u017ebaigti kar\u0105 (Ukrainoje). Karas, tur\u0117j\u0119s trukti vien\u0105 savait\u0119, netrukus \u012f\u017eengs jau \u012f ketvirtus metus. \u0160tai k\u0105 jis tur\u0117t\u0173 daryti, u\u017euot i\u0161band\u0119s raketas\u201c, \u2013 \u017eurnalistams prezidento l\u0117ktuve \u201eAir Force One\u201c sak\u0117 D. Trumpas.<\/p>\n<p>Sekmadien\u012f V. Putinas paskelb\u0117 apie s\u0117kming\u0105 galutin\u012f naujos branduolin\u0117s raketos \u201eBurevestnik\u201c, jo teigimu, turin\u010dios \u201eneribot\u0105 veikimo nuotol\u012f\u201c, bandym\u0105. <\/p>\n<p>D. Trumpas \u017ead\u0117jo greitai u\u017ebaigti kar\u0105 Ukrainoje, kai sausio m\u0117nes\u012f gr\u012f\u017eo \u012f Baltuosius r\u016bmus, ta\u010diau Maskvos ir Kyjivo derybos \u012fstrigo, nepaisant JAV prezidento tarpininkavimo pastang\u0173. <\/p>\n<p>Rusijos prezidentas, prane\u0161\u0119s apie raketos bandym\u0105, \u012fsak\u0117 parengti \u201einfrastrukt\u016br\u0105, kad \u0161\u012f ginkl\u0105 prad\u0117t\u0173 naudoti Rusijos ginkluotosios paj\u0117gos\u201c. V. Putinas raket\u0105 pavadino \u201eunikaliu k\u016briniu, kurio pasaulyje neturi niekas kitas\u201c. <\/p>\n<p>Per pastar\u0105j\u012f bandym\u0105, \u012fvykdyt\u0105 spalio 21 d., raketa per \u201ema\u017edaug 15 valand\u0173\u201c \u012fveik\u0117 14 t\u016bkst. kilometr\u0173 atstum\u0105, tvirtino Rusijos generalinio \u0161tabo vir\u0161ininkas Valerijus Gerasimovas ir prid\u016br\u0117, kad tai n\u0117ra vir\u0161utin\u0117 \u0161io ginklo riba.<\/p>\n","protected":false},"excerpt":{"rendered":"\u201eJis tur\u0117t\u0173 u\u017ebaigti kar\u0105 (Ukrainoje). Karas, tur\u0117j\u0119s trukti vien\u0105 savait\u0119, netrukus \u012f\u017eengs jau \u012f ketvirtus metus. \u0160tai k\u0105&hellip;\n","protected":false},"author":2,"featured_media":24680,"comment_status":"","ping_status":"","sticky":false,"template":"","format":"standard","meta":{"footnotes":""},"categories":[6],"tags":[25,30,31,194,34,35,24,32,33,37,39,36,38,40,23,22,28,29,26,27,120],"class_list":{"0":"post-26492","1":"post","2":"type-post","3":"status-publish","4":"format-standard","5":"has-post-thumbnail","7":"category-antrastes","8":"tag-antrastes","9":"tag-breaking-news","10":"tag-breakingnews","11":"tag-donaldas-trumpas","12":"tag-featured-news","13":"tag-featurednews","14":"tag-headlines","15":"tag-latest-news","16":"tag-latestnews","17":"tag-lietuva","18":"tag-lietuviu","19":"tag-lithuania","20":"tag-lithuanian","21":"tag-lt","22":"tag-naujienos","23":"tag-news","24":"tag-populiariausios-naujienos","25":"tag-populiariausiosnaujienos","26":"tag-top-stories","27":"tag-topstories","28":"tag-vladimiras-putinas"},"share_on_mastodon":{"url":"https:\/\/pubeurope.com\/@lt\/115446251838308935","error":""},"_links":{"self":[{"href":"https:\/\/www.europesays.com\/lt\/wp-json\/wp\/v2\/posts\/26492","targetHints":{"allow":["GET"]}}],"collection":[{"href":"https:\/\/www.europesays.com\/lt\/wp-json\/wp\/v2\/posts"}],"about":[{"href":"https:\/\/www.europesays.com\/lt\/wp-json\/wp\/v2\/types\/post"}],"author":[{"embeddable":true,"href":"https:\/\/www.europesays.com\/lt\/wp-json\/wp\/v2\/users\/2"}],"replies":[{"embeddable":true,"href":"https:\/\/www.europesays.com\/lt\/wp-json\/wp\/v2\/comments?post=26492"}],"version-history":[{"count":0,"href":"https:\/\/www.europesays.com\/lt\/wp-json\/wp\/v2\/posts\/26492\/revisions"}],"wp:featuredmedia":[{"embeddable":true,"href":"https:\/\/www.europesays.com\/lt\/wp-json\/wp\/v2\/media\/24680"}],"wp:attachment":[{"href":"https:\/\/www.europesays.com\/lt\/wp-json\/wp\/v2\/media?parent=26492"}],"wp:term":[{"taxonomy":"category","embeddable":true,"href":"https:\/\/www.europesays.com\/lt\/wp-json\/wp\/v2\/categories?post=26492"},{"taxonomy":"post_tag","embeddable":true,"href":"https:\/\/www.europesays.com\/lt\/wp-json\/wp\/v2\/tags?post=26492"}],"curies":[{"name":"wp","href":"https:\/\/api.w.org\/{rel}","templated":true}]}}