{"id":26493,"date":"2025-10-27T12:59:10","date_gmt":"2025-10-27T12:59:10","guid":{"rendered":"https:\/\/www.europesays.com\/lt\/26493\/"},"modified":"2025-10-27T12:59:10","modified_gmt":"2025-10-27T12:59:10","slug":"po-metu-tylos-marijus-berenis-pirmasyk-taip-atvirai-buti-geru-yra-skystablauzdiskumas-vardai","status":"publish","type":"post","link":"https:\/\/www.europesays.com\/lt\/26493\/","title":{"rendered":"Po met\u0173 tylos \u2013 Marijus Berenis pirm\u0105syk taip atvirai: \u201eB\u016bti geru yra skystablauzdi\u0161kumas?\u201c | Vardai"},"content":{"rendered":"<p>Apie tai pirmadienio vakar\u0105 LNK gyvenimo b\u016bdo laidoje \u201eNuo&#8230; Iki&#8230;\u201c kalb\u0117jo M.Berenis.<\/p>\n<p>Tai pirmas kartas po daugelio met\u0173, kai buv\u0119s grup\u0117s \u201e\u017dAS\u201c narys, 52-ej\u0173 Marijus s\u0117do prie\u0161 televizijos kameras ir atvirai papasakojo, kod\u0117l pramog\u0173 pasaulyje tapo tarsi nematomu, atsiv\u0117r\u0117 ir apie asmenin\u012f gyvenim\u0105.<\/p>\n<p>Du de\u0161imtme\u010dius Marijus, rodos, m\u0117gavosi populiarumu ir buvo nuolatini\u0173 skandal\u0173, kuriais gars\u0117jo grup\u0117 \u201e\u017dAS\u201c, dalyvis, bet prie\u0161 de\u0161imtmet\u012f garsus vyras netik\u0117tai pasitrauk\u0117 ir i\u0161 grup\u0117s veiklos, jo nebematyti vie\u0161uose renginiuose, o interviu tapo itin reti. Kod\u0117l Marijus s\u0105moningai atsitrauk\u0117 nuo daugel\u012f taip \u017eavin\u010dio pramog\u0173 pasaulio? Kaip susipa\u017eino ir pasipir\u0161o mylimajai Sigitai? Ir kokiais kasdieniais dalykais, pasak Marijaus, dauguma m\u016bs\u0173 nebemokame pasid\u017eiaugti?<\/p>\n<p> <a href=\"https:\/\/s1.15min.lt\/images\/photos\/2025\/10\/27\/original\/marijus-berenis-68ff4e696c1b1.jpg\" rel=\"content-image nofollow noopener\" title=\"Stop kadras\/Marijus Berenis\" target=\"_blank\"><img decoding=\"async\" alt=\"Stop kadras\/Marijus Berenis\" rel=\"content-image\" src=\"https:\/\/www.europesays.com\/lt\/wp-content\/uploads\/2025\/10\/marijus-berenis-68ff4e696c1b1.jpg\" style=\"width: auto; height: auto;\"\/><\/a> <\/p>\n<p>Stop kadras\/Marijus Berenis<\/p>\n<p>\u201eT\u0105 \u201evau\u201c jausm\u0105 reikia nuolatos mok\u0117t i\u0161gyvent. Tai vienas pagrindini\u0173 dalyk\u0173. Budistai netgi sako: mok\u0117kite \u012f visk\u0105 \u017ei\u016br\u0117ti vaiko akimis. Visk\u0105 matyti tarsi pirm\u0105 kart\u0105. Yra dalyk\u0173, nuo kuri\u0173 a\u0161 pavargau, kurie man atsibodo, ir tai yra normalu. Bet kai nuo paprast\u0173, kasdienini\u0173 dalyk\u0173, \u012f kuriuos da\u017enai net nekreipiame d\u0117mesio, nuolat kyla tas \u201evau\u201c jausmas \u2013 man atrodo, tai labai faina. Pavyzd\u017eiui, s\u0117d\u017eiu prekybos centre kokiam lauke, \u017emona po parduotuves vaik\u0161to, geriu arbat\u0105, pasi\u0117m\u0119s obuoli\u0173 pyrag\u0105, ir man tiesiog viskas nutirpsta nuo jausmo: \u017ei\u016br\u0117k, a\u0161 s\u0117d\u017eiu \u010dia, ten mano \u017emona vaik\u0161to. \u201eBlemba\u201c, kaip faina. Papras\u010diausiai akimirkos suvokimas \u2013 kaip faina\u201c, \u2013 pasakojo Marijus.<\/p>\n<p>Gyvenimo b\u016bdo laida \u201eNuo&#8230; Iki&#8230;\u201c \u2013 jau \u0161\u012f pirmadienio vakar\u0105, 20 val., tik per LNK.<\/p>\n<p> <a href=\"https:\/\/s1.15min.lt\/images\/photos\/2025\/10\/27\/original\/marijus-berenis-68ff4e912bdc9.jpg\" rel=\"content-image nofollow noopener\" title=\"Stop kadras\/Marijus Berenis\" target=\"_blank\"><img decoding=\"async\" alt=\"Stop kadras\/Marijus Berenis\" rel=\"content-image\" src=\"https:\/\/www.europesays.com\/lt\/wp-content\/uploads\/2025\/10\/marijus-berenis-68ff4e912bdc9.jpg\" style=\"width: auto; height: auto;\"\/><\/a> <\/p>\n<p>Stop kadras\/Marijus Berenis<\/p>\n","protected":false},"excerpt":{"rendered":"Apie tai pirmadienio vakar\u0105 LNK gyvenimo b\u016bdo laidoje \u201eNuo&#8230; Iki&#8230;\u201c kalb\u0117jo M.Berenis. Tai pirmas kartas po daugelio met\u0173,&hellip;\n","protected":false},"author":2,"featured_media":26494,"comment_status":"","ping_status":"","sticky":false,"template":"","format":"standard","meta":{"footnotes":""},"categories":[21],"tags":[113,37,39,36,38,40,114],"class_list":{"0":"post-26493","1":"post","2":"type-post","3":"status-publish","4":"format-standard","5":"has-post-thumbnail","7":"category-pramogos","8":"tag-entertainment","9":"tag-lietuva","10":"tag-lietuviu","11":"tag-lithuania","12":"tag-lithuanian","13":"tag-lt","14":"tag-pramogos"},"share_on_mastodon":{"url":"https:\/\/pubeurope.com\/@lt\/115446255719360194","error":""},"_links":{"self":[{"href":"https:\/\/www.europesays.com\/lt\/wp-json\/wp\/v2\/posts\/26493","targetHints":{"allow":["GET"]}}],"collection":[{"href":"https:\/\/www.europesays.com\/lt\/wp-json\/wp\/v2\/posts"}],"about":[{"href":"https:\/\/www.europesays.com\/lt\/wp-json\/wp\/v2\/types\/post"}],"author":[{"embeddable":true,"href":"https:\/\/www.europesays.com\/lt\/wp-json\/wp\/v2\/users\/2"}],"replies":[{"embeddable":true,"href":"https:\/\/www.europesays.com\/lt\/wp-json\/wp\/v2\/comments?post=26493"}],"version-history":[{"count":0,"href":"https:\/\/www.europesays.com\/lt\/wp-json\/wp\/v2\/posts\/26493\/revisions"}],"wp:featuredmedia":[{"embeddable":true,"href":"https:\/\/www.europesays.com\/lt\/wp-json\/wp\/v2\/media\/26494"}],"wp:attachment":[{"href":"https:\/\/www.europesays.com\/lt\/wp-json\/wp\/v2\/media?parent=26493"}],"wp:term":[{"taxonomy":"category","embeddable":true,"href":"https:\/\/www.europesays.com\/lt\/wp-json\/wp\/v2\/categories?post=26493"},{"taxonomy":"post_tag","embeddable":true,"href":"https:\/\/www.europesays.com\/lt\/wp-json\/wp\/v2\/tags?post=26493"}],"curies":[{"name":"wp","href":"https:\/\/api.w.org\/{rel}","templated":true}]}}