{"id":265056,"date":"2026-08-30T17:28:11","date_gmt":"2026-08-30T17:28:11","guid":{"rendered":"https:\/\/www.europesays.com\/lt\/265056\/"},"modified":"2026-08-30T17:28:11","modified_gmt":"2026-08-30T17:28:11","slug":"kaip-rimvydas-valatka-issigandes-liudvikos-meskauskaites-supainiojo-sunis-o-kiti-muzas-respublika-lt","status":"publish","type":"post","link":"https:\/\/www.europesays.com\/lt\/265056\/","title":{"rendered":"Kaip Rimvydas Valatka, i\u0161sigand\u0119s Liudvikos Me\u0161kauskait\u0117s, supainiojo \u0161unis, o kiti &#8211; m\u016bzas &#8211; Respublika.lt"},"content":{"rendered":"<p style=\"text-align: justify;\" class=\"desktop_banner\">\u00a0<\/p>\n<p>Ir d\u0117l \u0161io paskyrimo jau prasid\u0117jusi kietakak\u010di\u0173 politikos davatk\u0173, politikos mesij\u0173 ir save \u012fsimyl\u0117jusi\u0173 fanatik\u0173 isterija.<\/p>\n<p>Prie\u0161 ger\u0105 pusmet\u012f graudenosi, r\u0117k\u0117 gindami LRT svarbiausi\u0105j\u0105 Monik\u0105 nuo socialdemokrat\u0173 ir Remigijaus \u017demaitai\u010dio.<\/p>\n<p>O dabar ginsis nuo L.Me\u0161kauskait\u0117s?<\/p>\n<p>Ko i\u0161sigando politikos davatkos? Juk d\u0117l kit\u0173 11-os asmen\u0173, paskirt\u0173 dirbti LRT taryboje, tiek nekleg\u0117jo.<\/p>\n<p>Tiesa, i\u0161 Tarybos tiesiogine prasme buvo i\u0161\u0117stas ir kitu asmeniu pakeistas Jonas Staselis. Atstovav\u0119s Lietuvos meno k\u016br\u0117j\u0173 asociacijai. Bet L.Me\u0161kauskait\u0117s i\u0161\u0117sti tikrai nepavyks.<\/p>\n<p>Vis\u0173 pirma, tai yra advokat\u0117, kuri specializuojasi ir \u017einiasklaidos teis\u0117je. O \u0161i specializacija Lietuvoje yra reta. Tarp daugiau nei dviej\u0173 t\u016bkstan\u010di\u0173 \u0161alies advokat\u0173 toki\u0105 specializacij\u0105 turi tik 12 teisinink\u0173. Ir tarp j\u0173 pati tituluo\u010diausia ir \u017eymiausia yra L.Me\u0161kauskait\u0117.<\/p>\n<p>2004-aisiais apgynusi daktarin\u0119 disertacij\u0105 apie \u017einiasklaidos teis\u0119. Taip pat para\u0161iusi knyg\u0173 apie \u017einiasklaidos teises, \u017emogaus privatumo ir orumo gynim\u0105.<\/p>\n<p>Ne tik Lietuvoje, bet ir Europos \u017dmogaus Teisi\u0173 Teisme. Fanatikai puikiai supranta, kad toki\u0105 profesional\u0119, apdovanot\u0105 Did\u017eiojo Lietuvos Kunigaik\u0161\u010dio Gedimino ordino medaliu, bus sunku priblok\u0161ti klyksmais apie Monikos laisvo \u017eod\u017eio gynim\u0105.<\/p>\n<p>Bet kand\u017eiotis juk vis vien norisi!<\/p>\n<p>R.Valatka rado ne t\u0105 \u0161un\u012f<\/p>\n<p>Rimvydas Valatka, vis labiau primenantis pagie\u017eing\u0105, bet jau senstel\u0117jus\u012f Narciz\u0105 ar visi\u0161k\u0105 demagog\u0105, \u0161\u012f tre\u010diadien\u012f per LRT radij\u0105 bylojo taip: \u201ePrezidentas \u012f LRT taryb\u0105 paskyr\u0117 Luka\u0161enkos \u201e\u0161oblos&#8221; pus\u0117je prie\u0161 LRT kovojusi\u0105 \u201e\u0161unadvokat\u0119&#8221;.<\/p>\n<p>R.Valatka puikia supranta, jog jeigu advokatas gina pedofil\u0105, \u017emog\u017eud\u012f, Gering\u0105 ar Breivik\u0105, d\u0117l to netampa nei pedofilu, nei \u017emog\u017eud\u017eiu, nei Geringu, nei Breiviku.<\/p>\n<p>Gynyba, atstovavimas ie\u0161kovui ar atsakovui yra sud\u0117tin\u0117s teisinio proceso dalys. L.Me\u0161kauskait\u0117 buvo Vytauto Landsbergio advokat\u0117, kai politikas bylin\u0117josi su ra\u0161ytoju Vytautu Petkevi\u010diumi (1930-2008) d\u0117l knygos \u201eDurni\u0173 laivas&#8221; kai kuri\u0173 sakini\u0173.<\/p>\n<p>Tad jei L.Me\u0161kauskait\u0117 d\u0117l to netapo Landsbergiu, tai galimai d\u0117l to, jog atstovavo Luka\u0161enkos \u201e\u0161oblai&#8221;, netapo ir Luka\u0161enka.<\/p>\n<p>Kita vertus, jei R.Valatka kalba apie \u201e\u0161unadvokat\u0119&#8221;, tai negi V.Landsbergis yra \u0161uo? Tikrai negal\u0117\u010diau su tuo sutikti.<\/p>\n<p>Be to, kalb\u0117damas apie \u0161unadvokates, R.Valatka gali \u012f\u017eeisti Me\u0161k\u0105 ir jos draug\u0119 Rit\u0105 Mili\u016bt\u0119. Socialiniuose tinkluose R.Valatka vadina L.Me\u0161kauskait\u0119 \u201eOP TV nuolatine pa\u0161nekove, aistringa \u017einiasklaidos \u201eneprietele&#8221; su sta\u017eu&#8221;. Ir baisisi, kad \u201ekita Naus\u0117dos stotel\u0117 &#8211; Celofanas ir Rusijos vyr. leitenantas Tutkus&#8221;.<\/p>\n<p>R.Mili\u016bt\u0117 rado Roland\u0105 Paks\u0105<\/p>\n<p>Ne\u017einau, kaip reaguoja Me\u0161ka, bet R.Mili\u016bt\u0117 irgi baisisi. Tuo, kad L.Me\u0161kauskait\u0117s advokat\u0173 kontora \u201edirbo \u201eBelaruskalij&#8221; partneriui Lietuvoje, siekian\u010diam sankcij\u0173 Luka\u0161enkos Baltarusijai naikinimo&#8221;.<\/p>\n<p>Es\u0105 L.Me\u0161kauskaitei nepatiko ir tai, jog Trak\u0173 pilyje kabo Ukrainos v\u0117liava, o \u201ePakso apkalt\u0105 laiko susidorojimu ir prezidento pa\u017eeminimu&#8221;. Tik tiek argument\u0173? Skystoka&#8230;<\/p>\n<p>\u0160alin rankas nuo laisvo \u017eod\u017eio. Lietuvos pilietis ar piliet\u0117, tiek Mili\u016bt\u0117, tiek Me\u0161kauskait\u0117, tiek bet kas kitas gali laisvai reik\u0161ti savo mintis, jei jos n\u0117ra Lietuvos valstyb\u0117s i\u0161davyst\u0117. O tai drausti, ki\u0161ti vis\u0105 Lietuv\u0105 \u012f vienintel\u0117s teisingos tiesos stiklain\u012f yra kietakakti\u0161ka, fanati\u0161ka. Labai atsiduoda \u0160iaur\u0117s Kor\u0117ja ar Kambod\u017eos buvusiu diktatoriumi Pol Potu. Tai rei\u0161kia labai li\u016bdn\u0105 ties\u0105.<\/p>\n<p>Pol Poto raudonieji khmerai ar pana\u0161\u016bs fanatikai per am\u017ei\u0173 am\u017eius niekur nedingsta. Jie tiesiog \u201ereinkarnuojasi&#8221;, pereina \u012f snaudimo stadij\u0105, o esant palankioms s\u0105lygoms, v\u0117l ima atbusti, ie\u0161koti savo tautoje prie\u0161\u0173. Tik Lietuva jiems neleid\u017eia pernelyg \u0161akotis. Tautos racionalumas aptramdo.<\/p>\n<p>B.Davidonyt\u0117 rado m\u016bz\u0105<\/p>\n<p>\u017durnalist\u0173 profesional\u0173 asociacijos vadov\u0117 Birut\u0117 Davidonyt\u0117 savo ruo\u017etu r\u016bstauja, kad \u201enors ji (L.Me\u0161kauskait\u0117) kartais pavadinama neva \u017eurnalistikos eksperte, realiai \u017einiasklaidoje ji pasi\u017eym\u0117jo tik tiek, kad jos advokat\u0173 kontora gyn\u0117 \u012fvairiausio plauko korumpuotus veik\u0117jus prie\u0161 \u017eurnalistus ir dalyvavo \u017eurnalist\u0173 persekiojime&#8221;. Tarp baisiausi\u0173 persekiojim\u0173 minimas ir \u0161is persekiojimas &#8211; kad \u201eatstovavo Karbauskio m\u016bzai Gretai Kildi\u0161ienei&#8221;.<\/p>\n<p>Ir kad \u0161i\u0173 persekiojim\u0173 s\u0105ra\u0161as n\u0117ra baigtinis.<\/p>\n<p>Jei taip puola, vadinasi, labai bijo ir nervinasi. O d\u0117l ko? Negi galvoja, kad L.Me\u0161kauskait\u0117 ar jos advokat\u0173 kontora tokios galingos, kad jei kadaise atstovavo Gretai, tai dabar b\u016btinai su\u0117s LRT Monik\u0105?<\/p>\n<p>Atiduos Luka\u0161enkos Baltarusijai? Kartu su visais nepriklausomais komentatoriais ar \u0161iaip propagandininkais, prilipusiais prie LRT biud\u017eeto?<\/p>\n<p>Kam i\u0161 anksto bintuotis galv\u0105, jei ji &#8211; sveika?<\/p>\n<p>LRT taryb\u0105 sudaro 12 asmen\u0173, o baidomasi ka\u017ekod\u0117l tik vienos! Nors keturis Tarybos narius 6-eri\u0173 met\u0173 kadencijai skiria Lietuvos prezidentas, keturis &#8211; Seimas (du parenka opozicija ir du &#8211; valdantieji), po vien\u0105 LRT tarybos nar\u012f deleguoja Lietuvos vyskup\u0173 konferencija, Mokslo taryba, Lietuvos meno k\u016br\u0117j\u0173 asociacija ir Lietuvos \u0161vietimo taryba.<\/p>\n<p>LRT tarybai \u0161iuo metu vadovauja G.Naus\u0117dos dekretu paskirtas politologas, Vytauto Did\u017eiojo universiteto profesorius Mindaugas Jurkynas, jo pavaduotoja &#8211; teisinink\u0117, buvusi G.Naus\u0117dos patar\u0117ja R\u0117da Brandi\u0161auskien\u0117.<\/p>\n<p>Prezidentas \u012f LRT taryb\u0105 taip pat yra paskyr\u0119s ra\u0161ytoj\u0105 Renat\u0105 \u0160erelyt\u0119-Mendeikien\u0119, o dabar &#8211; ir advokat\u0119 L.Me\u0161kauskait\u0119. Mat anks\u010diau LRT taryboje dirb\u0119s VDU profesorius, ekonomistas Giedrius Jucevi\u010dius \u0161\u012f baland\u012f pats pasitrauk\u0117 i\u0161 tarybos d\u0117l per didelio darbo kr\u016bvio.<\/p>\n<p>B\u016btent tada, kai Vilniuje jau penkt\u0105 m\u0117nes\u012f vyko mitingai \u201e\u0160alin rankas nuo laisvo \u017eod\u017eio!&#8221; O tiksliau &#8211; \u0161alin rankas nuo LRT generalin\u0117s direktor\u0117s Monikos Garba\u010diauskait\u0117s-Budrien\u0117s.<\/p>\n<p>L.Me\u0161kauskait\u0117s advokat\u0173 kontoros svetain\u0117je yra \u012fra\u0161ytas toks Lietuvos teisininko, muziejininko, tikro m\u016bs\u0173 T\u0117vyn\u0117s patrioto Pelikso Bugaili\u0161kio (1883-1965) sakinys &#8211; \u201eVisi mes privalome b\u016bti teis\u0117s ir teis\u0117tumo sargyboje ir ginti savo justicijos garb\u0119 bei teises&#8221;.<\/p>\n<p>Pati L.Me\u0161kauskait\u0117 vie\u0161ai sak\u0117 nejau\u010dianti neapykantos propagandistams. Tik LRT netur\u0117t\u0173 skaldyti visuomen\u0117s.<\/p>\n<p>O prezidentas G.Naus\u0117da per savo atstov\u0105 parei\u0161k\u0117, jog pasirinko L.Me\u0161kauskait\u0119 \u201evadovaudamasis profesionalumo ir kompetencijos argumentais&#8221;.<\/p>\n","protected":false},"excerpt":{"rendered":"\u00a0 Ir d\u0117l \u0161io paskyrimo jau prasid\u0117jusi kietakak\u010di\u0173 politikos davatk\u0173, politikos mesij\u0173 ir save \u012fsimyl\u0117jusi\u0173 fanatik\u0173 isterija. Prie\u0161&hellip;\n","protected":false},"author":2,"featured_media":265057,"comment_status":"","ping_status":"","sticky":false,"template":"","format":"standard","meta":{"footnotes":"","_share_on_mastodon":"0"},"categories":[13],"tags":[38481,25,30,31,34,35,24,8567,32,33,37,39,36,38,519,40,14442,23,417,22,28,29,1869,26,27,38482],"class_list":["post-265056","post","type-post","status-publish","format-standard","has-post-thumbnail","category-lietuva","tag-advokate","tag-antrastes","tag-breaking-news","tag-breakingnews","tag-featured-news","tag-featurednews","tag-headlines","tag-isterija","tag-latest-news","tag-latestnews","tag-lietuva","tag-lietuviu","tag-lithuania","tag-lithuanian","tag-lrt","tag-lt","tag-meskauskaite","tag-naujienos","tag-nauseda","tag-news","tag-populiariausios-naujienos","tag-populiariausiosnaujienos","tag-taryba","tag-top-stories","tag-topstories","tag-valatka"],"share_on_mastodon":{"url":"https:\/\/pubeurope.com\/@lt\/117185643070925865","error":""},"_links":{"self":[{"href":"https:\/\/www.europesays.com\/lt\/wp-json\/wp\/v2\/posts\/265056","targetHints":{"allow":["GET"]}}],"collection":[{"href":"https:\/\/www.europesays.com\/lt\/wp-json\/wp\/v2\/posts"}],"about":[{"href":"https:\/\/www.europesays.com\/lt\/wp-json\/wp\/v2\/types\/post"}],"author":[{"embeddable":true,"href":"https:\/\/www.europesays.com\/lt\/wp-json\/wp\/v2\/users\/2"}],"replies":[{"embeddable":true,"href":"https:\/\/www.europesays.com\/lt\/wp-json\/wp\/v2\/comments?post=265056"}],"version-history":[{"count":0,"href":"https:\/\/www.europesays.com\/lt\/wp-json\/wp\/v2\/posts\/265056\/revisions"}],"wp:featuredmedia":[{"embeddable":true,"href":"https:\/\/www.europesays.com\/lt\/wp-json\/wp\/v2\/media\/265057"}],"wp:attachment":[{"href":"https:\/\/www.europesays.com\/lt\/wp-json\/wp\/v2\/media?parent=265056"}],"wp:term":[{"taxonomy":"category","embeddable":true,"href":"https:\/\/www.europesays.com\/lt\/wp-json\/wp\/v2\/categories?post=265056"},{"taxonomy":"post_tag","embeddable":true,"href":"https:\/\/www.europesays.com\/lt\/wp-json\/wp\/v2\/tags?post=265056"}],"curies":[{"name":"wp","href":"https:\/\/api.w.org\/{rel}","templated":true}]}}