{"id":265114,"date":"2026-08-30T19:10:42","date_gmt":"2026-08-30T19:10:42","guid":{"rendered":"https:\/\/www.europesays.com\/lt\/265114\/"},"modified":"2026-08-30T19:10:42","modified_gmt":"2026-08-30T19:10:42","slug":"juokeliai-degtine-su-lukasenka-ir-rusu-islaisvinimas-trumpo-specialusis-pasiuntinys-dave-interviu-respublika-lt","status":"publish","type":"post","link":"https:\/\/www.europesays.com\/lt\/265114\/","title":{"rendered":"Juokeliai, degtin\u0117 su Luka\u0161enka ir rus\u0173 i\u0161laisvinimas: Trumpo specialusis pasiuntinys dav\u0117 interviu &#8211; Respublika.lt"},"content":{"rendered":"<p style=\"text-align: justify;\" class=\"desktop_banner\">\u00a0<\/p>\n<p>Dabar D\u017e.Koulas tikisi pad\u0117ti i\u0161laisvinti rusus ir ukrainie\u010dius, ra\u0161o \u201eThe New York Times&#8221; (NYT).<\/p>\n<p>\u201eTaikos balandis&#8221;?<\/p>\n<p>Pasak D\u017e.Koulo, \u012f j\u012f kreip\u0117si Nobelio taikos premijos laureatas, \u017eurnalistas Dmitrijus Muratovas su pra\u0161ymu palengvinti civili\u0173 kalini\u0173 mainus tarp Rusijos ir Ukrainos.<\/p>\n<p>\u201eIr nors tokia operacija b\u016bt\u0173 itin sud\u0117tinga, D\u017e.Koulas nurod\u0117 gav\u0119s dviej\u0173 organizacij\u0173 finansinius \u012fsipareigojimus perkelti kalinius \u012f tre\u010di\u0105sias \u0161alis&#8221;, &#8211; ra\u0161o NYT.<\/p>\n<p>Ta\u010diau pirmiausia, pasak jo, b\u016btina pad\u0117ti i\u0161 Baltarusijos kal\u0117jim\u0173 i\u0161eiti likusiems \u017emon\u0117ms, kuriuos Jungtin\u0117s Valstijos laiko politiniais kaliniais.<\/p>\n<p>D\u017e.Koulo teigimu, jau greitai gali \u012fvykti nauji dideli mainai.<\/p>\n<p>Kaip pa\u017eym\u0117jo NYT, anks\u010diau Va\u0161ingtonas demonstratyviai veng\u0117 kontakto su A.Luka\u0161enka.<\/p>\n<p>Pirmiausia JAV ir Baltarusijos santykiai prad\u0117jo blog\u0117ti po 2020 m. protest\u0173 i\u0161vaikymo, o v\u0117liau &#8211; d\u0117l Minsko paramos Ukrain\u0105 u\u017epuolusiai Maskvai.<\/p>\n<p>Nuo 2008 met\u0173 Minske n\u0117ra Amerikos ambasadoriaus.<\/p>\n<p>Straipsnyje ra\u0161oma, kad kai D\u017e.Koulas, tuometinis JAV specialiojo atstovo pavaduotojas Ukrainai, buvo skubiai papra\u0161ytas susitikti su A.Luka\u0161enka, jo kolegos patar\u0117 jam tiesiog pasilinksminti.<\/p>\n<p>Pra\u0117jusiais metais atvyk\u0119s \u012f Minsk\u0105 su didele juokeli\u0173 atsarga, D\u017e.Koulas santykius su Baltarusijos lyderiu prad\u0117jo kurti pasitelk\u0119s s\u0105mojus, kartu gerdamas degtin\u0119 ir duodamas patarimus svorio metimo klausimais.<\/p>\n<p>Pasak NYT, toks po\u017ei\u016bris atv\u0117r\u0117 keli\u0105 500 politini\u0173 kalini\u0173 paleidimui, dar keli \u0161imtai \u017emoni\u0173 buvo amnestuoti.<\/p>\n<p>Be to, A.Luka\u0161enka tapo tam tikru komunikacijos kanalu tarp Jungtini\u0173 Valstij\u0173 ir Rusijos.<\/p>\n<p>Mainais D\u017e.Koulas pasiek\u0117 sankcij\u0173 Minskui su\u0161velninim\u0105 ir pasi\u016bl\u0117 veiksm\u0173 plan\u0105 santyki\u0173 su Va\u0161ingtonu normalizavimui.<\/p>\n<p>\u201eHumoras yra galingas ginklas. Jeigu sugebi prajuokinti pa\u0161nekov\u0105, tu jau esi pusiaukel\u0117je ir tav\u0119s nebelaiko gr\u0117sme&#8221;, &#8211; teig\u0117 D\u017e.Koulas NYT.<\/p>\n<p>Leidinyje pa\u017eymima, kad \u0161is stilius visi\u0161kai atspindi D.Trampo diplomatijos preferencijas &#8211; personalizuot\u0105, asmeniniais susitarimais gr\u012fst\u0105, po\u017ei\u016br\u012f.<\/p>\n<p>Prezidentas da\u017enai nustumia kadrinius diplomatus \u012f \u0161al\u012f, rinkdamasis tokius pasiuntinius kaip D\u017e.Koulas &#8211; teisininkus, turin\u010dius ma\u017eai arba visai neturin\u010dius patirties vie\u0161ajame sektoriuje.<\/p>\n<p>D.Trampui patinka \u201eskambi kalini\u0173 main\u0173 dramaturgija ir \u012fkait\u0173 paleidimas&#8221;, ra\u0161o NYT: skirtingai nei sud\u0117tingi geopolitiniai konfliktai, tokios istorijos suteikia jam ai\u0161k\u0173 ir suprantam\u0105 pergal\u0117s siu\u017eet\u0105.<\/p>\n<p>D\u017e.Koulo pastangos neliko nepasteb\u0117tos: jis teig\u0117, kad jau aptar\u0117 su prezidentu savo mandato i\u0161pl\u0117tim\u0105, sudarant galimybes der\u0117tis d\u0117l politini\u0173 kalini\u0173 paleidimo bet kurioje pasaulio vietoje.<\/p>\n<p>Baltieji r\u016bmai \u0161\u012f klausim\u0105 atsisak\u0117 vie\u0161ai komentuoti.<\/p>\n<p>Straipsnyje pa\u017eymima, kad kai kurie paleisti baltarusiai mano, jog D\u017e.Koulo veiksmai skatina \u201eprekyb\u0105 \u017emon\u0117mis&#8221;: j\u0173 nuomone, kai vieni paleid\u017eiami, tuo pat metu \u012f Baltarusijos kal\u0117jimus sodinami kiti.<\/p>\n<p>D\u017e.Koulas toki\u0105 kritik\u0105 atmet\u0117. Pasak jo, Baltarusijoje jis tur\u0117jo dvi u\u017eduotis: i\u0161laisvinti kalinius ir u\u017etikrinti, kad \u0161alis nor\u0117t\u0173 sugr\u012f\u017eti \u012f taut\u0173 \u0161eim\u0105.<\/p>\n<p>Apie A.Luka\u0161enkos ir D\u017e.Koulo susitikimus<\/p>\n<p>NYT ra\u0161o, kad pra\u0117jus 20 minu\u010di\u0173 nuo pirmojo susitikimo su D\u017e.Koulu prad\u017eios, A.Luka\u0161enka pa\u017e\u0117r\u0117 kritikos j\u012f izoliuoti band\u017eiusiems Europos lyderiams.<\/p>\n<p>\u201eJis juos koneveik\u0117 visais at\u017evilgiais, tod\u0117l pasakiau: \u201eJie tiesiog baili\u0173 gauja,&#8221; &#8211; prisimin\u0117 D\u017e.Koulas.<\/p>\n<p>Pasak laikra\u0161\u010dio, interviu metu D.Trampo draugas panaudojo grubesn\u0119 fraz\u0119.<\/p>\n<p>\u201e\u017dinojau, kad tai buvo tas, k\u0105 jis nor\u0117jo i\u0161girsti. Ka\u017ekas tokio, kas pad\u0117t\u0173 suma\u017einti \u012ftamp\u0105&#8221;, &#8211; prid\u016br\u0117 jis ir juokdamasis patikslino, jog jo paties vertinimai apie kitus Europos lyderius buvo labiau subalansuoti.<\/p>\n<p>\u201ePo \u0161ito jis mane \u012fsimyl\u0117jo, &#8211; su \u0161iek tiek saviironijos tar\u0117 D\u017e.Koulas. &#8211; O europie\u010diai &#8211; ne.&#8221;<\/p>\n<p>V\u0117liau, pasak jo, at\u0117jo laikas i\u0161gerti.<\/p>\n<p>D\u017e.Koulas nesl\u0117p\u0117, kad i\u0161g\u0117r\u0117 du A.Luka\u0161enkos pasi\u016blytus degtin\u0117s stikliukus, bet siekdamas i\u0161likti blaivus deryboms, likusius paslap\u010dia i\u0161pildavo ant grind\u0173.<\/p>\n<p>Po tost\u0173 Baltarusijos lyderis pa\u017ead\u0117jo, kad be amerikie\u010dio, kurio paleidimo siek\u0117 Va\u0161ingtonas, jis i\u0161leis namo dar vien\u0105 JAV piliet\u012f, d\u0117l kurio der\u0117tasi nebuvo.<\/p>\n<p>Per kit\u0105 susitikim\u0105 Minske 2025 m. bir\u017eel\u012f A.Luka\u0161enka pasteb\u0117jo, kad D\u017e.Koulas numet\u0117 svorio, ir pastarasis papasakojo jam apie preparat\u0105, pad\u0117jus\u012f numesti apie 18 kg.<\/p>\n<p>Netrukus po to Baltarusija paleido 14 politini\u0173 kalini\u0173, \u012fskaitant Sviatlanos Cichanouskajos vyr\u0105 Siarhej\u0173.<\/p>\n<p>D\u017e.Koulas prisipa\u017eino NYT, kad labiausiai j\u012f motyvuoja momentas, kai kaliniai suvokia, jog yra laisvi.<\/p>\n<p>\u201eMan patinka atidaryti automobili\u0173, kuriuose s\u0117di k\u0105 tik paleisti \u017emon\u0117s, dureles&#8221;, &#8211; pabr\u0117\u017e\u0117 jis.<\/p>\n","protected":false},"excerpt":{"rendered":"\u00a0 Dabar D\u017e.Koulas tikisi pad\u0117ti i\u0161laisvinti rusus ir ukrainie\u010dius, ra\u0161o \u201eThe New York Times&#8221; (NYT). \u201eTaikos balandis&#8221;? Pasak&hellip;\n","protected":false},"author":2,"featured_media":265115,"comment_status":"","ping_status":"","sticky":false,"template":"","format":"standard","meta":{"footnotes":"","_share_on_mastodon":"0"},"categories":[15],"tags":[25,1496,30,31,34,35,24,6100,223,1076,1500,32,33,37,39,36,38,40,1499,23,22,44,14256,28,29,26,27,1270,74,75,76],"class_list":["post-265114","post","type-post","status-publish","format-standard","has-post-thumbnail","category-pasaulis","tag-antrastes","tag-baltarusija","tag-breaking-news","tag-breakingnews","tag-featured-news","tag-featurednews","tag-headlines","tag-islaisvinimas","tag-jav","tag-kaliniai","tag-koulas","tag-latest-news","tag-latestnews","tag-lietuva","tag-lietuviu","tag-lithuania","tag-lithuanian","tag-lt","tag-lukasenka","tag-naujienos","tag-news","tag-pasaulis","tag-pasiuntinys","tag-populiariausios-naujienos","tag-populiariausiosnaujienos","tag-top-stories","tag-topstories","tag-trumpas","tag-world","tag-world-news","tag-worldnews"],"share_on_mastodon":{"url":"","error":"Validation failed: Text character limit of 500 exceeded"},"_links":{"self":[{"href":"https:\/\/www.europesays.com\/lt\/wp-json\/wp\/v2\/posts\/265114","targetHints":{"allow":["GET"]}}],"collection":[{"href":"https:\/\/www.europesays.com\/lt\/wp-json\/wp\/v2\/posts"}],"about":[{"href":"https:\/\/www.europesays.com\/lt\/wp-json\/wp\/v2\/types\/post"}],"author":[{"embeddable":true,"href":"https:\/\/www.europesays.com\/lt\/wp-json\/wp\/v2\/users\/2"}],"replies":[{"embeddable":true,"href":"https:\/\/www.europesays.com\/lt\/wp-json\/wp\/v2\/comments?post=265114"}],"version-history":[{"count":0,"href":"https:\/\/www.europesays.com\/lt\/wp-json\/wp\/v2\/posts\/265114\/revisions"}],"wp:featuredmedia":[{"embeddable":true,"href":"https:\/\/www.europesays.com\/lt\/wp-json\/wp\/v2\/media\/265115"}],"wp:attachment":[{"href":"https:\/\/www.europesays.com\/lt\/wp-json\/wp\/v2\/media?parent=265114"}],"wp:term":[{"taxonomy":"category","embeddable":true,"href":"https:\/\/www.europesays.com\/lt\/wp-json\/wp\/v2\/categories?post=265114"},{"taxonomy":"post_tag","embeddable":true,"href":"https:\/\/www.europesays.com\/lt\/wp-json\/wp\/v2\/tags?post=265114"}],"curies":[{"name":"wp","href":"https:\/\/api.w.org\/{rel}","templated":true}]}}