{"id":265166,"date":"2026-08-30T21:38:15","date_gmt":"2026-08-30T21:38:15","guid":{"rendered":"https:\/\/www.europesays.com\/lt\/265166\/"},"modified":"2026-08-30T21:38:15","modified_gmt":"2026-08-30T21:38:15","slug":"geros-zinios-is-didziausios-europos-ekonomikos-po-ilgo-sastingio-vokietijoje-jau-matomas-atsigavimas","status":"publish","type":"post","link":"https:\/\/www.europesays.com\/lt\/265166\/","title":{"rendered":"Geros \u017einios i\u0161 did\u017eiausios Europos ekonomikos: po ilgo s\u0105stingio Vokietijoje jau matomas atsigavimas"},"content":{"rendered":"<p>Did\u017eiausia Europos <a data-autolink-id=\"2\" target=\"_blank\" href=\"https:\/\/ekonomika.lt\/ekonomika\/\" title=\"Ekonomika\" rel=\"nofollow noopener\">ekonomika<\/a>, ilg\u0105 laik\u0105 skend\u0117jusi stagnacijoje, rodo pirmuosius tvaresnio atsigavimo \u017eenklus. Naujausi duomenys rodo, kad Vokietijos bendrasis vidaus produktas antr\u0105j\u012f \u0161i\u0173 met\u0173 ketvirt\u012f augo 0,3 proc., o verslo pasitik\u0117jim\u0105 matuojantis Ifo indeksas kyla.<\/p>\n<p>Ifo Ekonomini\u0173 tyrim\u0173 instituto vadovas Clemensas Fuestas pabr\u0117\u017eia, kad tai n\u0117ra trumpalaik\u0117 anomalija. Pasak jo, Vokietijos ekonomika po keleto itin sud\u0117ting\u0173 met\u0173 pagaliau stabilizuojasi.<\/p>\n<p>Augim\u0105 palaiko valstyb\u0117s i\u0161laidos<img loading=\"lazy\" decoding=\"async\" width=\"2560\" height=\"1705\" src=\"https:\/\/www.europesays.com\/lt\/wp-content\/uploads\/2026\/08\/unsplash-oh0DITWoHi4-scaled.jpg\" alt=\"Gamykla. Unsplash nuotr\" class=\"wp-image-80542\"  \/>Gamykla. Unsplash nuotr<\/p>\n<p>Fuestas ai\u0161kina, kad dabartin\u012f atsigavim\u0105 daugiausia palaiko didesn\u0117s valstyb\u0117s i\u0161laidos. <a data-autolink-id=\"14\" target=\"_blank\" href=\"https:\/\/ekonomika.lt\/temos\/vyriausybe\/\" title=\"Vyriausyb\u0117\" rel=\"nofollow noopener\">Vyriausyb\u0117<\/a> didina investicijas \u012f gynyb\u0105, infrastrukt\u016br\u0105, taip pat vykdo skolintomis l\u0117\u0161omis finansuojamus projektus.<\/p>\n<p>\u201e\u0160ios skolintomis l\u0117\u0161omis finansuojamos i\u0161laidos stabilizuoja ekonomik\u0105, ypa\u010d gynybos ir infrastrukt\u016bros srityse, \u012ftraukdamos plat\u0173 tiek\u0117j\u0173 rat\u0105\u201c, \u2013 sak\u0117 Fuestas.<\/p>\n<p>Jo teigimu, pastaraisiais m\u0117nesiais atsigauna ir eksportas. Nors Vokietijos \u012fmon\u0117ms ir toliau sunku Kinijoje ir Jungtin\u0117se Valstijose, geresni rodikliai fiksuojami kitose rinkose, ypa\u010d Europoje.<\/p>\n<p>Gamyba persitvarko, lyderyst\u0117 kei\u010diasi<\/p>\n<p>Vokietijos pramon\u0117 i\u0161gyvena strukt\u016brin\u012f virsm\u0105. Labiausiai spaudim\u0105 jau\u010dia automobili\u0173 ir chemijos sektoriai, kurie turi prisitaikyti prie elektromobilumo, grie\u017etesni\u0173 aplinkosaugos reikalavim\u0173 ir brangesn\u0117s energijos.<\/p>\n<p>\u201eAutomobili\u0173 pramon\u0117s prisitaikymo procesas dar nesibaig\u0117, o ma\u017e\u0117jant mastui kyla klausimas, ar pavyks i\u0161laikyti konkurencingas s\u0105naudas\u201c, \u2013 teig\u0117 Fuestas.<\/p>\n<p>Kita vertus, daugiau optimizmo suteikia ma\u0161in\u0173 gamybos, elektronikos ir informacini\u0173 technologij\u0173 sektoriai. \u012emon\u0117s investuoja \u012f skaitmenizacij\u0105, dirbtin\u012f intelekt\u0105 ir nauj\u0105 \u012frang\u0105, o tai generuoja paklaus\u0105 tiek pramon\u0117s, tiek paslaug\u0173 teik\u0117jams.<\/p>\n<p>Spaudimas i\u0161 Kinijos ir energetikos i\u0161\u0161\u016bkiai<\/p>\n<p>Vokietijos gamintojai vis stipriau jau\u010dia konkurencij\u0105 i\u0161 Kinijos, ypa\u010d automobili\u0173, baterij\u0173 ir atsinaujinan\u010dios energetikos srityse. Greitai augantis kini\u0161k\u0173 automobili\u0173 eksportas \u012f Europ\u0105 kelia nerim\u0105 tradiciniams gamintojams.<\/p>\n<p>\u201eAkivaizdu, kad artimiausiais metais spaudimas i\u0161 Kinijos bus mil\u017eini\u0161kas, ir jo ne\u012fmanoma neutralizuoti vien protekcionistin\u0117mis priemon\u0117mis\u201c, \u2013 sak\u0117 Fuestas.<\/p>\n<p>Jis pabr\u0117\u017eia, kad Europos gamintojai turi susitelkti \u012f sritis, kur vis dar turi technologin\u012f prana\u0161um\u0105, ir spartinti inovacijas, o ne pasikliauti prekybos barjerais.<\/p>\n<p>Reikia reform\u0173 ir lankstesn\u0117s darbo rinkos<\/p>\n<p>Ifo vadovas teigia, kad vien fiskalinio skatinimo nepakanka. B\u016btinos gilesn\u0117s strukt\u016brin\u0117s reformos, ypa\u010d darbo rinkoje ir reguliavimo srityje.<\/p>\n<p>\u201eDabartin\u0117 sistema per daug orientuota \u012f esam\u0173 darbo viet\u0173 i\u0161saugojim\u0105, o mums reikia palengvinti \u017emoni\u0173 per\u0117jim\u0105 \u012f naujas \u0161akas ir paskatinti kurti naujas \u012fmones\u201c, \u2013 teig\u0117 Fuestas.<\/p>\n<p>Jo nuomone, b\u016btina ma\u017einti biurokratij\u0105, spartinti leidim\u0173 ir planavimo proced\u016bras, taip pat reformuoti pensij\u0173 ir sveikatos apsaugos sistemas, kad jos i\u0161likt\u0173 tvarios sen\u0117jan\u010dios visuomen\u0117s s\u0105lygomis.<\/p>\n<p>Ateities perspektyva \u2013 nuosaikiai optimistin\u0117<\/p>\n<p><img loading=\"lazy\" decoding=\"async\" width=\"2560\" height=\"1920\" src=\"https:\/\/www.europesays.com\/lt\/wp-content\/uploads\/2026\/08\/unsplash-p1pb3jKNleE-scaled.jpg\" alt=\"Vokietijos ekonomika. Unsplash nuotr\" class=\"wp-image-80541\"  \/>Vokietijos ekonomika. Unsplash nuotr<\/p>\n<p>Nors geopolitin\u0117 \u012ftampa Artimuosiuose Rytuose ir auk\u0161tesn\u0117s energijos kainos i\u0161lieka rizikos veiksniu, Vokietijos \u012fmon\u0117s per pastaruosius metus i\u0161moko lanks\u010diau valdyti tiekimo grandines ir ie\u0161koti alternatyvi\u0173 \u017ealiav\u0173 tiek\u0117j\u0173.<\/p>\n<p>Fuestas prognozuoja, kad \u0161iais metais Vokietijos ekonomika gali augti apie 1 proc. Tai toli nuo ankstesnio spar\u010diojo augimo, ta\u010diau po ilgo s\u0105stingio toks rezultatas b\u016bt\u0173 ai\u0161kus pos\u016bkis \u012f geresn\u0119 pus\u0119.<\/p>\n<p>Pasak jo, svarbiausia, kad \u0161alis i\u0161naudos dabartin\u0119 stabilizacij\u0105 spartindama strukt\u016brinius poky\u010dius ir stiprindama savo konkurencingum\u0105 naujose, auk\u0161tos prid\u0117tin\u0117s vert\u0117s srityse.<\/p>\n","protected":false},"excerpt":{"rendered":"Did\u017eiausia Europos ekonomika, ilg\u0105 laik\u0105 skend\u0117jusi stagnacijoje, rodo pirmuosius tvaresnio atsigavimo \u017eenklus. Naujausi duomenys rodo, kad Vokietijos bendrasis&hellip;\n","protected":false},"author":2,"featured_media":265167,"comment_status":"","ping_status":"","sticky":false,"template":"","format":"standard","meta":{"footnotes":"","_share_on_mastodon":"0"},"categories":[17],"tags":[81,2233,38493,124,251,479,37,39,36,38,40,250,46,320],"class_list":["post-265166","post","type-post","status-publish","format-standard","has-post-thumbnail","category-verslas","tag-business","tag-bvp","tag-clemens-fuest","tag-darbo-rinka","tag-eksportas","tag-kinija","tag-lietuva","tag-lietuviu","tag-lithuania","tag-lithuanian","tag-lt","tag-pramone","tag-verslas","tag-vokietija"],"share_on_mastodon":{"url":"https:\/\/pubeurope.com\/@lt\/117186626320646087","error":""},"_links":{"self":[{"href":"https:\/\/www.europesays.com\/lt\/wp-json\/wp\/v2\/posts\/265166","targetHints":{"allow":["GET"]}}],"collection":[{"href":"https:\/\/www.europesays.com\/lt\/wp-json\/wp\/v2\/posts"}],"about":[{"href":"https:\/\/www.europesays.com\/lt\/wp-json\/wp\/v2\/types\/post"}],"author":[{"embeddable":true,"href":"https:\/\/www.europesays.com\/lt\/wp-json\/wp\/v2\/users\/2"}],"replies":[{"embeddable":true,"href":"https:\/\/www.europesays.com\/lt\/wp-json\/wp\/v2\/comments?post=265166"}],"version-history":[{"count":0,"href":"https:\/\/www.europesays.com\/lt\/wp-json\/wp\/v2\/posts\/265166\/revisions"}],"wp:featuredmedia":[{"embeddable":true,"href":"https:\/\/www.europesays.com\/lt\/wp-json\/wp\/v2\/media\/265167"}],"wp:attachment":[{"href":"https:\/\/www.europesays.com\/lt\/wp-json\/wp\/v2\/media?parent=265166"}],"wp:term":[{"taxonomy":"category","embeddable":true,"href":"https:\/\/www.europesays.com\/lt\/wp-json\/wp\/v2\/categories?post=265166"},{"taxonomy":"post_tag","embeddable":true,"href":"https:\/\/www.europesays.com\/lt\/wp-json\/wp\/v2\/tags?post=265166"}],"curies":[{"name":"wp","href":"https:\/\/api.w.org\/{rel}","templated":true}]}}