{"id":265232,"date":"2026-08-31T04:10:14","date_gmt":"2026-08-31T04:10:14","guid":{"rendered":"https:\/\/www.europesays.com\/lt\/265232\/"},"modified":"2026-08-31T04:10:14","modified_gmt":"2026-08-31T04:10:14","slug":"atvira-klaipeda-klaipedos-energija-atmeta-priekaistus-del-pasirengimo-ziemai","status":"publish","type":"post","link":"https:\/\/www.europesays.com\/lt\/265232\/","title":{"rendered":"Atvira Klaip\u0117da | \u201eKlaip\u0117dos energija\u201c atmeta priekai\u0161tus d\u0117l pasirengimo \u017eiemai"},"content":{"rendered":"<tr>\n<td><img loading=\"lazy\" alt=\"Avatar photo\" src=\"https:\/\/www.europesays.com\/lt\/wp-content\/uploads\/2026\/08\/1788149412_190_cropped-Messenger_creation_C14576F4-C2B7-4B65-8C99-3E1E2E56B251-100x100.jpeg\"  class=\"avatar avatar-100 photo\" height=\"100\" width=\"100\" decoding=\"async\"\/><\/td>\n<td><a href=\"https:\/\/www.atviraklaipeda.lt\/author\/user5\/\" rel=\"nofollow noopener\" target=\"_blank\">Martynas Vainorius<br \/>2026-08-31<\/td>\n<\/tr>\n<p>Art\u0117jant \u0161ildymo sezonui Lietuvos \u0161ilumos tiek\u0117j\u0173 asociacijos prezidentas Valdas Luko\u0161evi\u010dius teigia, kad did\u017eiausi\u0105 \u012ftak\u0105 \u0161ilumos kainoms tur\u0117s biokuras, kuris \u0161iuo metu yra ma\u017edaug 30 proc. brangesnis nei prie\u0161 metus. Tuo metu tarptautin\u0117s biokuro bir\u017eos \u201eBaltpool\u201c vadovas \u0161i\u0105 savait\u0119 teig\u0117, jog nerim\u0105 kelia tai, kad kai kurie \u0161ilumininkai vis dar n\u0117ra sudar\u0119 sandori\u0173 \u017eiemos periodui. Tarp toki\u0173 jis min\u0117jo ir klaip\u0117die\u010dius.<\/p>\n<p>Ta\u010diau uostamies\u010dio savivaldyb\u0117s valdoma \u201eKlaip\u0117dos energija\u201c tikina, kad tokia informacija n\u0117ra tiksli. \u012emon\u0117 es\u0105 biokuro pirkimus \u201eplanuoja ir vykdo nuosekliai\u201c.<\/p>\n<p><img fetchpriority=\"high\" decoding=\"async\" width=\"960\" height=\"640\" src=\"https:\/\/www.europesays.com\/lt\/wp-content\/uploads\/2026\/08\/VST-biokuro-panaudojimas-TE-2-1-.jpg\" alt=\"\" class=\"wp-image-175935\"  \/><\/p>\n<p>\u201ePagrindinis faktorius, kuris lems \u0161it\u0105 \u0161ildymo sezon\u0105 \u0161ilumos kainas \u2013 tai biokuras. Kadangi \u0161iuo metu jis yra gerokai brangesnis negu buvo prie\u0161 metus. Tik\u0117tina, kad \u0161i tendencija i\u0161liks ir tada biokuro kaina darys did\u017eiausi\u0105 \u012ftak\u0105. (\u2026) Dabar vidutini\u0161kai biokuras yra brangesnis apie 30 proc.\u201c, \u2013 Eltai teig\u0117 V. Luko\u0161evi\u010dius.<\/p>\n<p>Tuo metu pra\u0117jusi\u0105 savait\u0119 kalb\u0117damas LRT radijui \u201eBaltpool\u201c vadovas Andrius Smaliukas teig\u0117, jog \u201e\u0161iek tiek g\u0105sdina, tai, kad turime vasaros pabaig\u0105 ir vis dar yra miest\u0173, kaip Alytus, Kaunas, Taurag\u0117, ta pati Klaip\u0117da, kurie n\u0117ra sudar\u0119 sandori\u0173 \u017eiemos tiekimui\u201c. Anot jo, tokias sutartis sudar\u0119 miestai yra saugesni.<\/p>\n<p>\u201eLRT radijuje \u201eBaltpool\u201c vadovo i\u0161sakyta informacija, kad AB \u201eKlaip\u0117dos energija\u201c n\u0117ra sudariusi biokuro tiekimo sandori\u0173 ateinan\u010diam \u0161ildymo sezonui, n\u0117ra tiksli. AB \u201eKlaip\u0117dos energija\u201c yra sudariusi ilgalaiki\u0173 biokuro tiekimo sandori\u0173 ateinan\u010diam \u0161ildymo sezonui. Be to, bendrov\u0117 yra suformavusi fizin\u012f biokuro sand\u0117l\u012f, kur\u012f nuosekliai pildo biokuru, \u012fsigyjamu savaitiniais sandoriais. Biokuro pirkimus bendrov\u0117 planuoja ir vykdo nuosekliai, vertindama prognozuojam\u0105 poreik\u012f, turimas atsargas bei situacij\u0105 biokuro rinkoje. Viso \u0161ildymo sezonui reikalingo biokuro kiekio i\u0161 anksto nefiksuojame. Pirkimai vykdomi etapais, atsi\u017evelgiant \u012f rinkos situacij\u0105, tiek\u0117j\u0173 pasi\u016blymus ir faktin\u012f kuro poreik\u012f. Toks pirkimo modelis leid\u017eia bendrovei lanks\u010diai reaguoti \u012f biokuro rinkos poky\u010dius ir valdyti kuro \u012fsigijimo ka\u0161tus\u201c, \u2013 nurodoma \u201eKlaip\u0117dos energijos\u201c atsakyme \u012f \u201eAtviros Klaip\u0117dos\u201c klausimus apie tai, kiek pagr\u012fsti yra A. Smaliuko teiginiai. <\/p>\n<p>Anot \u012fmon\u0117s, pra\u0117jus\u012f \u0161ildymo sezon\u0105 jos \u012fsigyto biokuro vidutin\u0117 kaina siek\u0117 21,315 Eur\/MWh, o \u0161iuo metu sudaryt\u0173 ilgalaiki\u0173 biokuro tiekimo sandori\u0173 vidutin\u0117 kaina yra 28,33 Eur\/MWh.<\/p>\n<p>Energetikos ministerija pra\u0117jusi\u0105 savait\u0119 skelb\u0117, jog si\u016blo didinti biokuro pasi\u016bl\u0105 ir taip es\u0105 ma\u017einti kain\u0173 \u0161uoli\u0173 rizik\u0105 art\u0117jant\u012f \u0161ildymo sezon\u0105. \u201eArtimiausias tikslas \u2013 iki \u0161al\u010diausi\u0173 sausio ir vasario m\u0117nesi\u0173 rinkai papildomai pateikti iki 125 t\u016bkst. kubini\u0173 metr\u0173 biokuro. Vyriausyb\u0117 tre\u010diadien\u012f pasitarime pritar\u0117 pasi\u016blytam priemoni\u0173 paketui ir iki gruod\u017eio 1 d. paved\u0117 atsakingoms ministerijoms ir institucijoms gr\u012f\u017eti su sprendimais. Papildom\u0105 pasi\u016bl\u0105 numatoma u\u017etikrinti didinant mi\u0161ko kirtimo liekan\u0173 kiek\u012f rinkoje, sudarant geresnes s\u0105lygas pigesnio biokuro importui i\u0161 kit\u0173 Europos S\u0105jungos \u0161ali\u0173, skatinant ilgalaikes pirkimo sutartis ir organizuojant tikslinius \u017ealiavos aukcionus bei kitas priemones\u201c, \u2013 buvo ra\u0161oma ministerijos prane\u0161ime.<\/p>\n<p>Tarp jos nurodyt\u0173 priemoni\u0173 buvo ir pa\u017eadas sudaryti s\u0105lygas patiems \u0161ilumos tiek\u0117jams pasigaminti biokur\u0105 naudojant turimus ar \u012fsigyjamus technologinius paj\u0117gumus.<\/p>\n<p>D\u0117l biokuro kain\u0173 galv\u0105 jau vis\u0105 vasar\u0105 skauda ir savo namus medienos granul\u0117mis \u0161ildantiems \u017emon\u0117ms. Po to, kai \u0161i\u0173 met\u0173 prad\u017eioje parduotuv\u0117se vienu metu i\u0161 viso nebuvo lik\u0119 \u0161i\u0173 granuli\u0173, o v\u0117liau j\u0173 kaina buvo pasiekusi net 10 eur\u0173 u\u017e 15 kg mai\u0161el\u012f, pastaraisiais m\u0117nesiais v\u0117l masi\u0161kai skund\u017eiamasi j\u0173 kainomis (dabar jos siekia apie 7 Eur u\u017e mai\u0161el\u012f, kai pernai vasar\u0105 \u2013 3 eurus). O kai kurie prekybos tinklai prie\u0161 kelias savaites buvo apriboj\u0119 \u0161io kuro pirkim\u0105.<\/p>\n<p>\u201eMa\u017edaug baland\u017eio viduryje buvo apie 360 eur\u0173 u\u017e ton\u0105. \u0160iuo metu 550. Tai, sakykim, liepos m\u0117nes\u012f buvo apie 40 proc. augimas. Dabar jau apie 45 proc. kain\u0173 \u0161uolio augimas b\u016btent nuo pavasario laiko. O kas bus toliau, tai tiktais kaina augs. Manau, mes tur\u0117sime pasiekti rugs\u0117j\u012f, spalio m\u0117nes\u012f nu 600\u2013650 tikrai\u201c, \u2013 LRT <a href=\"https:\/\/www.lrt.lt\/naujienos\/verslas\/4\/3011335\/prekybos-tinklai-jau-ruosiasi-ziemai-apribotas-dalies-granuliu-pirkimas-zada-jo-brangima\" target=\"_blank\" rel=\"noreferrer noopener nofollow\">sak\u0117<\/a> \u201eeSaurida.lt\u201c komercijos vadovas Mantvydas Rancas, pagal kurio prognozes vienas granuli\u0173 mai\u0161elis v\u0117l tur\u0117t\u0173 kainuoti beveik 10 eur\u0173.<\/p>\n<p>\u017dymos: <a href=\"https:\/\/www.atviraklaipeda.lt\/zyma\/klaipedos-energija-2\/\" rel=\"tag nofollow noopener\" target=\"_blank\">\u201eKlaip\u0117dos energija\u201c<\/a> | <a href=\"https:\/\/www.atviraklaipeda.lt\/zyma\/andrius-smaliukas\/\" rel=\"tag nofollow noopener\" target=\"_blank\">Andrius Smaliukas<\/a> | <a href=\"https:\/\/www.atviraklaipeda.lt\/zyma\/biokuras\/\" rel=\"tag nofollow noopener\" target=\"_blank\">biokuras<\/a> | <a href=\"https:\/\/www.atviraklaipeda.lt\/zyma\/centralizuota-siluma\/\" rel=\"tag nofollow noopener\" target=\"_blank\">centralizuota \u0161iluma<\/a> | <a href=\"https:\/\/www.atviraklaipeda.lt\/zyma\/energetikos-ministerija\/\" rel=\"tag nofollow noopener\" target=\"_blank\">Energetikos ministerija<\/a> | <a href=\"https:\/\/www.atviraklaipeda.lt\/zyma\/klaipedos-energija\/\" rel=\"tag nofollow noopener\" target=\"_blank\">Klaip\u0117dos energija<\/a> | <a href=\"https:\/\/www.atviraklaipeda.lt\/zyma\/mantvydas-rancas\/\" rel=\"tag nofollow noopener\" target=\"_blank\">Mantvydas Rancas<\/a> | <a href=\"https:\/\/www.atviraklaipeda.lt\/zyma\/medienos-granules\/\" rel=\"tag nofollow noopener\" target=\"_blank\">medienos granul\u0117s<\/a> | <a href=\"https:\/\/www.atviraklaipeda.lt\/zyma\/siluma\/\" rel=\"tag nofollow noopener\" target=\"_blank\">\u0161iluma<\/a> | <a href=\"https:\/\/www.atviraklaipeda.lt\/zyma\/valdas-lukosevicius\/\" rel=\"tag nofollow noopener\" target=\"_blank\">Valdas Luko\u0161evi\u010dius<\/a><\/p>\n<p>\tPrane\u0161ti apie klaid\u0105  <br \/>PANA\u0160\u016aS STRAIPSNIAI<\/p>\n","protected":false},"excerpt":{"rendered":"Martynas Vainorius2026-08-31 Art\u0117jant \u0161ildymo sezonui Lietuvos \u0161ilumos tiek\u0117j\u0173 asociacijos prezidentas Valdas Luko\u0161evi\u010dius teigia, kad did\u017eiausi\u0105 \u012ftak\u0105 \u0161ilumos kainoms&hellip;\n","protected":false},"author":2,"featured_media":265233,"comment_status":"","ping_status":"","sticky":false,"template":"","format":"standard","meta":{"footnotes":"","_share_on_mastodon":"0"},"categories":[17],"tags":[11084,38502,9537,81,19263,455,37,39,36,38,40,38503,38504,3253,38505,46],"class_list":["post-265232","post","type-post","status-publish","format-standard","has-post-thumbnail","category-verslas","tag-klaipedos-energija","tag-andrius-smaliukas","tag-biokuras","tag-business","tag-centralizuota-siluma","tag-energetikos-ministerija","tag-lietuva","tag-lietuviu","tag-lithuania","tag-lithuanian","tag-lt","tag-mantvydas-rancas","tag-medienos-granules","tag-siluma","tag-valdas-lukosevicius","tag-verslas"],"share_on_mastodon":{"url":"https:\/\/pubeurope.com\/@lt\/117188167672591492","error":""},"_links":{"self":[{"href":"https:\/\/www.europesays.com\/lt\/wp-json\/wp\/v2\/posts\/265232","targetHints":{"allow":["GET"]}}],"collection":[{"href":"https:\/\/www.europesays.com\/lt\/wp-json\/wp\/v2\/posts"}],"about":[{"href":"https:\/\/www.europesays.com\/lt\/wp-json\/wp\/v2\/types\/post"}],"author":[{"embeddable":true,"href":"https:\/\/www.europesays.com\/lt\/wp-json\/wp\/v2\/users\/2"}],"replies":[{"embeddable":true,"href":"https:\/\/www.europesays.com\/lt\/wp-json\/wp\/v2\/comments?post=265232"}],"version-history":[{"count":0,"href":"https:\/\/www.europesays.com\/lt\/wp-json\/wp\/v2\/posts\/265232\/revisions"}],"wp:featuredmedia":[{"embeddable":true,"href":"https:\/\/www.europesays.com\/lt\/wp-json\/wp\/v2\/media\/265233"}],"wp:attachment":[{"href":"https:\/\/www.europesays.com\/lt\/wp-json\/wp\/v2\/media?parent=265232"}],"wp:term":[{"taxonomy":"category","embeddable":true,"href":"https:\/\/www.europesays.com\/lt\/wp-json\/wp\/v2\/categories?post=265232"},{"taxonomy":"post_tag","embeddable":true,"href":"https:\/\/www.europesays.com\/lt\/wp-json\/wp\/v2\/tags?post=265232"}],"curies":[{"name":"wp","href":"https:\/\/api.w.org\/{rel}","templated":true}]}}