{"id":265312,"date":"2026-08-31T07:09:44","date_gmt":"2026-08-31T07:09:44","guid":{"rendered":"https:\/\/www.europesays.com\/lt\/265312\/"},"modified":"2026-08-31T07:09:44","modified_gmt":"2026-08-31T07:09:44","slug":"prognozuojamas-rekordinis-el-ninjo-ka-tai-reiskia-planetai-respublika-lt","status":"publish","type":"post","link":"https:\/\/www.europesays.com\/lt\/265312\/","title":{"rendered":"Prognozuojamas rekordinis El Ninjo: k\u0105 tai rei\u0161kia planetai &#8211; Respublika.lt"},"content":{"rendered":"<p><img loading=\"lazy\" decoding=\"async\" src=\"https:\/\/www.respublika.lt\/lt\/naujienos\/mokslas\/mokslas\/prognozuojamas-rekordinis-el-ninjo-ka-tai-reiskia-planetai\/images\/ico_camera_white.gif\" class=\"camera\" width=\"22\" height=\"15\" alt=\"nuotr.\" style=\"position:relative; top:-2px; right:2px;\"\/> 1 nuotr.<\/p>\n<p>Asociatyvi EPA-Eltos nuotr.<\/p>\n<p style=\"text-align: justify;\" class=\"desktop_banner\">\u00a0<\/p>\n<p>Prognozuojama, kad El Ninjo \u0161\u012fmet bus intensyviausias per daugiau nei \u0161imtmet\u012f, penktadien\u012f persp\u0117jo Jungtin\u0117s Karalyst\u0117s meteorologijos tarnybos \u201eMet Office&#8221; ilgalaiki\u0173 prognozi\u0173 skyriaus vadovas.<\/p>\n<p>Ekspert\u0173 teigimu, \u0161iam laikinam rei\u0161kiniui prisid\u0117jus prie ilgalaik\u0117s \u017emogaus veiklos sukeltos klimato kaitos, pasaulis tur\u0117s prog\u0105 trumpam pajusti, koki\u0173 kar\u0161\u010di\u0173 galima laukti kito de\u0161imtme\u010dio pabaigoje.<\/p>\n<p>Kas yra El Ninjo?<\/p>\n<p>El Ninjo yra nat\u016bralaus Ramiojo vandenyno tropini\u0173 platum\u0173 ciklo, vadinamo El Ninjo-Piet\u0173 osciliacija (ENSO), \u0161iltoji faz\u0117.<\/p>\n<p>El Ninjo prasideda, kai i\u0161 ryt\u0173 \u012f vakarus pu\u010diantys pasatai laikinai susilpn\u0117ja, tod\u0117l vakarin\u0117je Ramiojo vandenyno dalyje paprastai besikaupiantis \u0161iltas vanduo ima slinkti atgal \u012f rytus ir kyla \u012f pavir\u0161i\u0173.<\/p>\n<p>Kai auk\u0161tesn\u0117 nei vidutin\u0117 vandens pavir\u0161iaus temperat\u016bra i\u0161silaiko kelis m\u0117nesius, regione susidaro daugiau audr\u0173 ir debes\u0173, o tai \u201esukelia grandinin\u012f poveik\u012f visoje pasaulio atmosferoje&#8221;, ai\u0161kino Majamio universiteto klimato mokslinink\u0117 Emily Becker.<\/p>\n<p>D\u0117l to vienose vietov\u0117se tampa kar\u0161\u010diau ir sausiau, kitose &#8211; v\u0117siau ir dr\u0117gniau.<\/p>\n<p>Kai kurie padariniai juntami jau dabar. Pavyzd\u017eiui, d\u0117l ilgo ir intensyvaus sausojo sezono Indonezijoje \u012fsipliesk\u0117 mi\u0161k\u0173 gaisrai, i\u0161degin\u0119 \u0161imtus t\u016bkstan\u010di\u0173 hektar\u0173.<\/p>\n<p>\u201eStipresnis El Ninjo rei\u0161kia, kad galime sulaukti daugiau \u0161i\u0173 prognozuojam\u0173 jo padarini\u0173&#8221;, &#8211; naujien\u0173 agent\u016brai AFP sak\u0117 JAV Nacionalin\u0117s vandenyn\u0173 ir atmosferos administracijos (NOAA) Klimato prognozi\u0173 centro ENSO grup\u0117s vadov\u0117 Michelle L&#8217;Heureux.<\/p>\n<p>Ji vis d\u0117lto persp\u0117jo, kad n\u0117 vienas i\u0161 \u0161i\u0173 padarini\u0173 n\u0117ra garantuotas.<\/p>\n<p>Kas vyksta \u0161iemet?<\/p>\n<p>Pasak pla\u010diai cituojamos organizacijos \u201eClimate Brink&#8221; duomen\u0173 suvestin\u0117s, kurioje naudojami NOAA palydov\u0173 ir pl\u016bdur\u0173 surinkti j\u016bros pavir\u0161iaus duomenys, Nino 3.4 regione &#8211; sutartinai apibr\u0117\u017etoje Ramiojo vandenyno zonoje &#8211; paros j\u016bros pavir\u0161iaus temperat\u016bra \u0161iuo metu yra ma\u017edaug 2,6 laipsnio Celsijaus auk\u0161tesn\u0117 u\u017e slank\u0173j\u012f 30 met\u0173 vidurk\u012f.<\/p>\n<p>Suvestin\u0117je apibendrinamos prognoz\u0117s rodo, kad \u0161i\u0173 met\u0173 lapkrit\u012f El Ninjo temperat\u016bros anomalija gali pasiekti 3,9 laipsnio Celsijaus &#8211; gerokai daugiau nei 3 laipsni\u0173 anomalija, u\u017efiksuota per 2015 m. El Ninjo.<\/p>\n<p>D\u0117l \u0161io rei\u0161kinio \u0161ie metai gali pretenduoti \u012f kar\u0161\u010diausi\u0173 istorijoje met\u0173 rekord\u0105, kuris \u0161iuo metu priklauso 2024-iesiems, o 2027-ieji beveik neabejotinai gali tapti kar\u0161\u010diausiais metais, nes did\u017eiausias El Ninjo poveikis temperat\u016brai juntamas kitais metais.<\/p>\n<p>Klimato mokslinink\u0173 Zeke&#8217;o Hausfatherio ir Andrew Desslerio skai\u010diavimais, d\u0117l El Ninjo pasaulio temperat\u016bra laikinai papildomai pakils 0,3 laipsnio Celsijaus, palyginti su ilgalaike pasaulinio at\u0161ilimo tendencija.<\/p>\n<p>D\u0117l to 2027 m. temperat\u016bra gali b\u016bti 1,76 laipsnio auk\u0161tesn\u0117 u\u017e ikipramoninio laikotarpio lyg\u012f &#8211; per vienus metus b\u016bt\u0173 pasiektas toks at\u0161ilimas, kokio kitu atveju prognozuojama sulaukti tik 2037 m.<\/p>\n<p>\u201eTai savoti\u0161kas ateities anonsas&#8221;, &#8211; naujien\u0173 agent\u016brai AFP sak\u0117 Teksaso A&amp;M universiteto profesorius A. Dessleris.<\/p>\n<p>Ta\u010diau, pasak jo, didel\u0117 dalis \u0161io kar\u0161\u010dio bus sutelkta Ramiojo vandenyno pusiaujo regione.<\/p>\n<p>NOAA Ramiojo vandenyno j\u016br\u0173 aplinkos laboratorijos vyresnysis mokslininkas Mike&#8217;as McPhadenas pateik\u0117 pana\u0161\u0173 vertinim\u0105.<\/p>\n<p>\u201eVisai \u012fmanoma, kad 2027 m. temperat\u016bra gali pasiekti 1,7 laipsnio Celsijaus vir\u0161 ikipramoninio laikotarpio lygio&#8221;, &#8211; AFP sak\u0117 jis, pridurdamas, kad taip nutikt\u0173 pasitvirtinus modeli\u0173 prognoz\u0117ms.<\/p>\n<p>Vieno visuotinai pripa\u017einto b\u016bdo El Ninjo stiprumui matuoti n\u0117ra.<\/p>\n<p>Vasario m\u0117nes\u012f NOAA prad\u0117jo naudoti santykin\u012f vandenynin\u012f Ninjo indeks\u0105 (RONI), pagal kur\u012f at\u0161ilimas Nino 3.4 regione lyginamas su at\u0161ilimu visoje tropini\u0173 platum\u0173 juostoje, siekiant tiksliau atspind\u0117ti El Ninjo-Piet\u0173 osciliacijos poveik\u012f lemian\u010di\u0105 vandenyno ir atmosferos sistem\u0105.<\/p>\n<p>Pagal \u0161\u012f indeks\u0105 rodikliai yra ma\u017eesni, ta\u010diau prognozuojamas vertinimas i\u0161lieka tas pats: NOAA vertinimu, yra 69 proc. tikimyb\u0117, kad \u0161is El Ninjo bus stipriausias jos duomen\u0173 rinkinyje, apiman\u010diame laikotarp\u012f nuo 1950 m.<\/p>\n<p>Klimato kaitos poveikis<\/p>\n<p>Mokslininkai sutaria, kad El Ninjo poveik\u012f sustiprina klimato kaita.<\/p>\n<p>D\u0117l \u0161iltnamio efekt\u0105 sukelian\u010di\u0173 duj\u0173 su\u0161ilusioje atmosferoje susikaupia daugiau dr\u0117gm\u0117s, tod\u0117l su El Ninjo susij\u0119 liet\u016bs gali tapti intensyvesni. \u0160is rei\u0161kinys taip pat sausina dirvo\u017eem\u012f ir dar labiau sustiprina sausras ten, kur El Ninjo jas sukelia.<\/p>\n<p>Ma\u017eiau sutariama d\u0117l to, ar pati klimato kaita lemia stipresnius El Ninjo rei\u0161kinius, nors tai patvirtinan\u010di\u0173 duomen\u0173 daug\u0117ja.<\/p>\n<p>\u201eKlimato kaita gali stiprinti pat\u012f El Ninjo cikl\u0105&#8221;, &#8211; tikino M. McPhadenas.<\/p>\n<p>Pasak jo, \u0161iltesni tropini\u0173 platum\u0173 vandenys lemia, kad El Ninjo skatinantys v\u0117jai labiau reaguoja \u012f vandenyno poky\u010dius, tod\u0117l spar\u010diau \u012fsisuka u\u017eburtas ratas ir pats rei\u0161kinys gali susiformuoti grei\u010diau.<\/p>\n<p>M. McPhadenas r\u0117m\u0117si paleoklimato duomenimis, pavyzd\u017eiui, koral\u0173 skeletais, nuo XIX a. atliekamais instrumentiniais matavimais ir klimato modeliavimu. Jo teigimu, \u0161ie duomenys rodo, kad per pastar\u0105j\u012f \u0161imtmet\u012f El Ninjo rei\u0161kini\u0173 amplitud\u0117 gal\u0117jo padid\u0117ti ma\u017edaug 10 proc.<\/p>\n","protected":false},"excerpt":{"rendered":"1 nuotr. Asociatyvi EPA-Eltos nuotr. \u00a0 Prognozuojama, kad El Ninjo \u0161\u012fmet bus intensyviausias per daugiau nei \u0161imtmet\u012f, penktadien\u012f&hellip;\n","protected":false},"author":2,"featured_media":265313,"comment_status":"","ping_status":"","sticky":false,"template":"","format":"standard","meta":{"footnotes":"","_share_on_mastodon":"0"},"categories":[15],"tags":[25,30,31,25264,34,35,24,1354,1020,1353,32,33,37,39,36,38,40,675,23,22,260,44,28,29,38511,654,26,27,74,75,76],"class_list":["post-265312","post","type-post","status-publish","format-standard","has-post-thumbnail","category-pasaulis","tag-antrastes","tag-breaking-news","tag-breakingnews","tag-el-ninjo","tag-featured-news","tag-featurednews","tag-headlines","tag-kaita","tag-karsciai","tag-klimato","tag-latest-news","tag-latestnews","tag-lietuva","tag-lietuviu","tag-lithuania","tag-lithuanian","tag-lt","tag-mokslas","tag-naujienos","tag-news","tag-orai","tag-pasaulis","tag-populiariausios-naujienos","tag-populiariausiosnaujienos","tag-sausros","tag-temperatura","tag-top-stories","tag-topstories","tag-world","tag-world-news","tag-worldnews"],"share_on_mastodon":{"url":"https:\/\/pubeurope.com\/@lt\/117188871414755889","error":""},"_links":{"self":[{"href":"https:\/\/www.europesays.com\/lt\/wp-json\/wp\/v2\/posts\/265312","targetHints":{"allow":["GET"]}}],"collection":[{"href":"https:\/\/www.europesays.com\/lt\/wp-json\/wp\/v2\/posts"}],"about":[{"href":"https:\/\/www.europesays.com\/lt\/wp-json\/wp\/v2\/types\/post"}],"author":[{"embeddable":true,"href":"https:\/\/www.europesays.com\/lt\/wp-json\/wp\/v2\/users\/2"}],"replies":[{"embeddable":true,"href":"https:\/\/www.europesays.com\/lt\/wp-json\/wp\/v2\/comments?post=265312"}],"version-history":[{"count":0,"href":"https:\/\/www.europesays.com\/lt\/wp-json\/wp\/v2\/posts\/265312\/revisions"}],"wp:featuredmedia":[{"embeddable":true,"href":"https:\/\/www.europesays.com\/lt\/wp-json\/wp\/v2\/media\/265313"}],"wp:attachment":[{"href":"https:\/\/www.europesays.com\/lt\/wp-json\/wp\/v2\/media?parent=265312"}],"wp:term":[{"taxonomy":"category","embeddable":true,"href":"https:\/\/www.europesays.com\/lt\/wp-json\/wp\/v2\/categories?post=265312"},{"taxonomy":"post_tag","embeddable":true,"href":"https:\/\/www.europesays.com\/lt\/wp-json\/wp\/v2\/tags?post=265312"}],"curies":[{"name":"wp","href":"https:\/\/api.w.org\/{rel}","templated":true}]}}