{"id":265332,"date":"2026-08-31T07:44:00","date_gmt":"2026-08-31T07:44:00","guid":{"rendered":"https:\/\/www.europesays.com\/lt\/265332\/"},"modified":"2026-08-31T07:44:00","modified_gmt":"2026-08-31T07:44:00","slug":"rugpjucio-31-d-vardadieniai-ir-kitos-idomybes-respublika-lt","status":"publish","type":"post","link":"https:\/\/www.europesays.com\/lt\/265332\/","title":{"rendered":"Rugpj\u016b\u010dio 31 d. vardadieniai ir kitos \u012fdomyb\u0117s &#8211; Respublika.lt"},"content":{"rendered":"<p style=\"text-align: justify;\" class=\"desktop_banner\">\u00a0<\/p>\n<p style=\"text-align: justify;\">Savo vardadienius \u0161iandien \u0161ven\u010dia Aristidas, Izabel\u0117, Leonidas, Raimonda, Raimondas, Raimunda, Raimundas, Rimgaudas, Vilmantas, Vilmant\u0117, \u017dvainys.<\/p>\n<p style=\"text-align: justify;\">Rugpj\u016b\u010dio 31-oji\u00a0\u2013 Laisv\u0117s diena; Interneto dienora\u0161\u010di\u0173 (blog\u0173) diena; Tarptautin\u0117 perdozavimo \u017einomumo diena.<\/p>\n<p style=\"text-align: justify;\">***<\/p>\n<p style=\"text-align: justify;\">Dangaus k\u016bnai:<\/p>\n<p style=\"text-align: justify;\">Saul\u0117 \u0161iandien teka 6.21, leid\u017eiasi 20.17. Dienos ilgumas \u2013 13.56.<\/p>\n<p style=\"text-align: justify;\">\u0160iandien \u2013 penktoji M\u0117nulio pilnaties diena.<\/p>\n<p style=\"text-align: justify;\">Saul\u0117 Mergel\u0117s \u017eenkle.<\/p>\n<p style=\"text-align: justify;\">***<\/p>\n<p style=\"text-align: justify;\">\u0160i\u0105 dien\u0105 Lietuvoje:<\/p>\n<p style=\"text-align: left;\">1991 m. Lietuvos Respublikos nepriklausomyb\u0119 pripa\u017eino Kirgizija.<\/p>\n<p style=\"text-align: left;\">1991 m. \u017dasli\u0173 gele\u017einkelio stotyje atidengtas ir pa\u0161ventintas paminklas 1975 met\u0173 baland\u017eio 4 dien\u0105 \u017euvusiems traukinio katastrofoje atminti.<\/p>\n<p style=\"text-align: left;\">1993 m. art\u0117jant vidurnak\u010diui paskutinis e\u0161elonas su soviet\u0173 kariuomen\u0117s kariais perva\u017eiavo Lietuvos sien\u0105. I\u0161 Lietuvos baigti i\u0161vesti sovietin\u0117s armijos daliniai.<\/p>\n<p style=\"text-align: left;\">2000 m. pirmaisiais donoro korteli\u0173 savininkais Lietuvoje tapo per 20 Seimo nari\u0173, medik\u0173, katalik\u0173 Ba\u017eny\u010dios hierarch\u0173, \u017eurnalist\u0173, savo para\u0161u \u012fteisinusi\u0173 sutikim\u0105, kad j\u0173 organai po mirties b\u016bt\u0173 panaudoti transplantacijai.<\/p>\n<p style=\"text-align: left;\">2005 m. premjeras Algirdas Brazauskas dalyvavo pirmosios Lenkijos nepriklausomos profesin\u0117s s\u0105jungos \u201eSolidarumas&#8221; 25-\u0173j\u0173 metini\u0173 min\u0117jime Gdanske. \u0160ventiniuose renginiuose dalyvavo 30-ies u\u017esienio valstybi\u0173 ir vyriausybi\u0173 vadovai.<\/p>\n<p style=\"text-align: left;\">2013 m. 16-met\u0117 Lietuvos plaukik\u0117 R\u016bta Meilutyt\u0117 Dubajuje (Jungtiniai Arab\u0173 Emyratai) vykusiame ketvirtajame pasaulio jaunimo \u010dempionate 50 m plaukimo laisvuoju stiliumi rungtyje i\u0161kovojo aukso medal\u012f.<\/p>\n<p style=\"text-align: left;\">2019 m. eidamas 88-uosius mir\u0117 tapytojas, skulptorius, Nacionalin\u0117s premijos laureatas profesorius Antanas Kmieliauskas.<\/p>\n<p style=\"text-align: left;\">2019 m. mir\u0117 kompozitorius, pianistas, aran\u017euotojas, d\u017eiazo muzikos atlik\u0117jas Rimantas Juozas Bagdonas. \u017dinomam muzikantui buvo 67 metai.<\/p>\n<p style=\"text-align: left;\">\u0160i\u0105 dien\u0105 pasaulyje:<\/p>\n<p style=\"text-align: left;\">12 m. e. m. gim\u0117 Romos imperatorius Kaligula, tikrasis vardas Gajus Cezaris, 37 m. e. m. tap\u0119s imperatoriumi, jis prad\u0117jo \u0161vaistyti valstyb\u0117s l\u0117\u0161as, konfiskuoti didik\u0173 turtus ir po ketveri\u0173 met\u0173 buvo nu\u017eudytas.<\/p>\n<p>1422 m. Pranc\u016bzijoje nuo dizenterijos mir\u0117 Anglijos karalius Henrikas V. Jo \u012fp\u0117diniu soste tapo devyni\u0173 m\u0117nesi\u0173 s\u016bnus Henrikas VI.<\/p>\n<p>1823 m. po Trokadero m\u016b\u0161io Pranc\u016bzijos armija nuslopino sukilim\u0105 Ispanijoje ir gr\u0105\u017eino \u012f sost\u0105 Ferdinand\u0105 VII.<\/p>\n<p>1867 m. mir\u0117 pranc\u016bz\u0173 poetas ir meno kritikas Charles\u2018is Bodleras.<\/p>\n<p>1880 m. gim\u0117 b\u016bsima Olandijos karalien\u0117 Vilhelmina. B\u016bdama de\u0161imties met\u0173, ji tapo \u0161alies karaliene ir vald\u0117 iki 1948 met\u0173.<\/p>\n<p>1920 m. radijo stotis 8MK Detroite, JAV Mi\u010digano valstijoje, perdav\u0117 pirm\u0105sias \u017einias radijo bangomis.<\/p>\n<p>1920 m. Belgijoje prad\u0117tos mok\u0117ti senatv\u0117s pensijos.<\/p>\n<p>1928 m. Berlyne \u012fvyko Bertholdo Brechto pjes\u0117s \u201eOpera u\u017e tris skatikus&#8221; premjera.<\/p>\n<p>1941 m. tragi\u0161kai \u017euvo rus\u0173 poet\u0117 Marina Cvetajeva.<\/p>\n<p>1957 m. Malajos Federacija \u012fgijo nepriklausomyb\u0119 nuo Did\u017eiosios Britanijos.<\/p>\n<p>1962 m. nepriklausomyb\u0119 nuo Did\u017eiosios Britanijos gavo Trinidadas ir Tobagas.<\/p>\n<p>1980 m. po du m\u0117nesius trukusi\u0173 streik\u0173 Lenkijos vyriausyb\u0117 sutiko imtis reform\u0173 bei pripa\u017einti nepriklausom\u0105 \u201eSolidarumo&#8221; profesin\u0119 s\u0105jung\u0105.<\/p>\n<p>1986 m. po susid\u016brimo ore Los And\u017eelo priemiestyje nukritus dviem l\u0117ktuvams \u017euvo 85 \u017emon\u0117s.<\/p>\n<p>1989 m. po 16 bendrai praleist\u0173 met\u0173 Did\u017eiosios Britanijos princes\u0117 Anne i\u0161siskyr\u0117 su savo vyru kapitonu Marku Phillipsu.<\/p>\n<p>1990 m. Ryt\u0173 ir Vakar\u0173 Vokietijos pasira\u0161\u0117 sutart\u012f d\u0117l savo teisini\u0173 ir politini\u0173 sistem\u0173 suderinimo po susivienijimo spalio 3 dien\u0105.<\/p>\n<p>1991 m. Uzbekistanas ir Kirgizija paskelb\u0117 apie nepriklausomyb\u0119 nuo Soviet\u0173 S\u0105jungos.<\/p>\n<p>1994 m. Airijos respublikon\u0173 armija (IRA) paskelb\u0117, kad be i\u0161ankstini\u0173 s\u0105lyg\u0173 baigia 25 metus trukus\u012f kar\u0105 prie\u0161 brit\u0173 valdym\u0105 \u0160iaur\u0117s Airijoje.<\/p>\n<p>1994 m. buvusios Soviet\u0173 S\u0105jungos paj\u0117gos po pus\u0117s \u0161imtme\u010dio pasitrauk\u0117 i\u0161 Vokietijos teritorijos. Rus\u0173 kari\u0173 i\u0161lyd\u0117jimo ceremonijoje Berlyne dalyvavo Rusijos prezidentas Borisas Jelcinas ir Vokietijos federalinis kancleris Helmutas Kohlis.<\/p>\n<p>1997 m. per autoavarij\u0105 Pary\u017eiuje \u017euvo Did\u017eiosios Britanijos princes\u0117 Diana ir jos draugas Dodis Al Fayedas.<\/p>\n<p>1999 m. 71 \u017emogus \u017euvo Buenos Airi\u0173 oro uoste per Argentinos keleivinio l\u0117ktuvo katastrof\u0105.<\/p>\n<p>2000 m. Niujorke baig\u0117si Jungtini\u0173 Taut\u0173 T\u016bkstantme\u010dio pasaulinis taikos vir\u0161\u016bni\u0173 susitikimas, kuriame dalyvavo per t\u016bkstant\u012f religini\u0173 ir dvasini\u0173 lyderi\u0173 i\u0161 viso pasaulio.<\/p>\n<p>2001 m. Jungtini\u0173 Taut\u0173 generalinis sekretorius Kofis Annanas prad\u0117jo a\u0161tuoni\u0173 dien\u0173 Pasaulin\u0119 konferencij\u0105 prie\u0161 rasizm\u0105.<\/p>\n<p>2002 m., sulauk\u0119s 94 met\u0173, mir\u0117 Amerikos d\u017eiazo legenda Lionelis Hamptonas.<\/p>\n<p>2004 m. Pasaulio prekybos organizacija leido Europos S\u0105jungai ir jos s\u0105junginink\u0117ms \u012fvesti Jungtin\u0117ms Valstijoms sankcijas, kuri\u0173 vert\u0117 &#8211; \u0161imtai milijon\u0173 JAV doleri\u0173. Sankcijas leista \u012fvesti d\u0117l neteis\u0117to su prekyba susijusio JAV teis\u0117s akto.<\/p>\n<p>2004 m. JAV respublikon\u0173 partija antr\u0105 kart\u0105 nominavo George\u2018\u0105 W. Bush\u0105 atstovauti partijai prezidento rinkimuose.<\/p>\n<p>2006 m. Norvegijos pareig\u016bnai rado 2004 m. i\u0161 muziejaus pagrobt\u0105 ekspresionisto Edvardo Muncho paveiksl\u0105 \u201e\u0160auksmas&#8221; (The Scream).<\/p>\n<p>2016 m. per apkalt\u0105 i\u0161 posto pa\u0161alinta Brazilijos prezident\u0117 Dilma Rousseff.<\/p>\n","protected":false},"excerpt":{"rendered":"\u00a0 Savo vardadienius \u0161iandien \u0161ven\u010dia Aristidas, Izabel\u0117, Leonidas, Raimonda, Raimondas, Raimunda, Raimundas, Rimgaudas, Vilmantas, Vilmant\u0117, \u017dvainys. Rugpj\u016b\u010dio 31-oji\u00a0\u2013&hellip;\n","protected":false},"author":2,"featured_media":265333,"comment_status":"","ping_status":"","sticky":false,"template":"","format":"standard","meta":{"footnotes":"","_share_on_mastodon":"0"},"categories":[6],"tags":[25,30,31,4782,16759,34,35,24,186,189,2500,188,7504,32,33,37,39,36,38,40,23,22,44,28,29,35943,193,26,27,185],"class_list":["post-265332","post","type-post","status-publish","format-standard","has-post-thumbnail","category-antrastes","tag-antrastes","tag-breaking-news","tag-breakingnews","tag-dangaus","tag-datos","tag-featured-news","tag-featurednews","tag-headlines","tag-idomybes","tag-istorija","tag-ivairybes","tag-ivykiai","tag-kunai","tag-latest-news","tag-latestnews","tag-lietuva","tag-lietuviu","tag-lithuania","tag-lithuanian","tag-lt","tag-naujienos","tag-news","tag-pasaulis","tag-populiariausios-naujienos","tag-populiariausiosnaujienos","tag-rugpjutis","tag-savaite","tag-top-stories","tag-topstories","tag-vardadieniai"],"share_on_mastodon":{"url":"","error":""},"_links":{"self":[{"href":"https:\/\/www.europesays.com\/lt\/wp-json\/wp\/v2\/posts\/265332","targetHints":{"allow":["GET"]}}],"collection":[{"href":"https:\/\/www.europesays.com\/lt\/wp-json\/wp\/v2\/posts"}],"about":[{"href":"https:\/\/www.europesays.com\/lt\/wp-json\/wp\/v2\/types\/post"}],"author":[{"embeddable":true,"href":"https:\/\/www.europesays.com\/lt\/wp-json\/wp\/v2\/users\/2"}],"replies":[{"embeddable":true,"href":"https:\/\/www.europesays.com\/lt\/wp-json\/wp\/v2\/comments?post=265332"}],"version-history":[{"count":0,"href":"https:\/\/www.europesays.com\/lt\/wp-json\/wp\/v2\/posts\/265332\/revisions"}],"wp:featuredmedia":[{"embeddable":true,"href":"https:\/\/www.europesays.com\/lt\/wp-json\/wp\/v2\/media\/265333"}],"wp:attachment":[{"href":"https:\/\/www.europesays.com\/lt\/wp-json\/wp\/v2\/media?parent=265332"}],"wp:term":[{"taxonomy":"category","embeddable":true,"href":"https:\/\/www.europesays.com\/lt\/wp-json\/wp\/v2\/categories?post=265332"},{"taxonomy":"post_tag","embeddable":true,"href":"https:\/\/www.europesays.com\/lt\/wp-json\/wp\/v2\/tags?post=265332"}],"curies":[{"name":"wp","href":"https:\/\/api.w.org\/{rel}","templated":true}]}}