{"id":265354,"date":"2026-08-31T08:22:38","date_gmt":"2026-08-31T08:22:38","guid":{"rendered":"https:\/\/www.europesays.com\/lt\/265354\/"},"modified":"2026-08-31T08:22:38","modified_gmt":"2026-08-31T08:22:38","slug":"zigmas-vaisvila-negi-klasta-vienintelis-budas-tapti-lietuvos-valdovu-respublika-lt","status":"publish","type":"post","link":"https:\/\/www.europesays.com\/lt\/265354\/","title":{"rendered":"Zigmas VAI\u0160VILA: Negi klasta &#8211; vienintelis b\u016bdas tapti Lietuvos va(l)dovu? &#8211; Respublika.lt"},"content":{"rendered":"<p style=\"text-align: justify;\" class=\"desktop_banner\">\u00a0<\/p>\n<p>1993 m. rugs\u0117jo 4-8 dienomis Lietuvoje lank\u0117si Popie\u017eius Jonas Paulius II.<\/p>\n<p>Anot istorik\u0173, rugpj\u016b\u010dio 31-oji &#8211; vienintelio Lietuvos Karaliaus Mindaugo mirties diena. 1263 m. j\u012f ir du jo s\u016bnus nu\u017eud\u0117 s\u0105mokslininkai Treniota ir Daumantas.<\/p>\n<p>Vyriausias jo s\u016bnus Vai\u0161vilkas, jaunyst\u0117je, anot metra\u0161\u010di\u0173, ypatingai \u017eiaurus pagonis, vald\u0119s Juodosios Rusios sostin\u0119 Naugarduk\u0105, v\u0117liau atsisak\u0119s \u0161io sosto ir tap\u0119s sta\u010diatiki\u0173 vienuoliu, laikinai atsisak\u0117 vienuolio \u012f\u017ead\u0173 ir gr\u012f\u017eo \u012f pasaulietin\u0119 politik\u0105.<\/p>\n<p>Anot dalies istorik\u0173, Naugardukas buvo ir pirmoji LDK sostin\u0117.<\/p>\n<p>\u0160io regiono slav\u0173 kult\u016bra, ra\u0161tas, senoji slav\u0173 kalba ir sta\u010diatiki\u0173 religin\u0117 tradicija v\u0117liau padar\u0117 mil\u017eini\u0161k\u0105 \u012ftak\u0105 visos Lietuvos valstyb\u0117s aparatui, \u012fstatym\u0173 leidybai, Lietuvos Statutams ir metra\u0161\u010di\u0173 ra\u0161ymui.<\/p>\n<p>Sub\u016br\u0119s Pinsko (miesto Poles\u0117s \u017eemumoje prie Pinos ir Pripet\u0117s upi\u0173 santakos) ir Hali\u010do-Volyn\u0117s (dabar vakar\u0173 Ukraina, ryt\u0173 Lenkija ir nedidel\u0117 Baltarusijos dalis) kariuomenes, Vai\u0161vilkas likvidavo Treniot\u0105 ir \u017eiauriai susidorojo su t\u0117vo prie\u0161ais Lietuvoje, 1264 m. tapo Lietuvos did\u017eiuoju kunigaik\u0161\u010diu.<\/p>\n<p>Stabilizavo valstyb\u0119, o 1267 m. atsisak\u0117 Lietuvos valdovo sosto ir pirm\u0105 kart\u0105 Lietuvos istorijoje vald\u017ei\u0105 perleido svainiui &#8211; Hali\u010do-Volyn\u0117s kunigaik\u0161\u010diui \u0160varnui, o pats gr\u012f\u017eo \u012f vienuolius Volyn\u0117je.<\/p>\n<p>Pakviest\u0105 \u012f puot\u0105 Hali\u010de Vai\u0161vilk\u0105 nu\u017eud\u0117 \u0160varno brolio Levo Danilovi\u010diaus \u017emon\u0117s.<\/p>\n<p>Vald\u017ei\u0105 Lietuvoje per\u0117m\u0117 pagonys &#8211; Kernav\u0117s kunigaik\u0161tis Treniota.<\/p>\n<p>Minint Liepos 6-\u0105j\u0105, m\u016bs\u0173 Valstyb\u0117s ir Mindaugo kar\u016bnavimo dien\u0105, svarbu \u017einoti ir tai, kaip Mindaugas, kil\u0119s i\u0161 galingos kunigaik\u0161\u010di\u0173 \u0161eimos (t\u0117vo vardas n\u0117ra \u017einomas), sujung\u0117 balt\u0173 \u017eemes \u012f valstyb\u0119 ir kaip tapo karaliumi.<\/p>\n<p>Vienus kunigaik\u0161\u010dius jis pajung\u0117 karine j\u0117ga, diplomatin\u0117mis vedybomis, sudar\u0117 s\u0105jungas su \u012ftakingomis gimin\u0117mis, o neklusnius giminai\u010dius ir konkurentus naikino fizi\u0161kai arba tr\u0117m\u0117. Savo brol\u0117nus Tautvil\u0105 ir Gedivyd\u0105, d\u0117d\u0119 Vykint\u0105 i\u0161siunt\u0117 kariauti \u012f Juod\u0105j\u0105 Rusi\u0105, o jiems i\u0161vykus &#8211; u\u017egrob\u0117 j\u0173 turt\u0105 ir \u017eemes. B\u016bsim\u0105 karalien\u0119 Mort\u0105 \u012f \u017emonas Mindaugas pasi\u0117m\u0117 prievarta, nukariav\u0119s ir nu\u017eud\u0119s jos pirm\u0105j\u012f vyr\u0105 &#8211; pagoni\u0173 kunigaik\u0161t\u012f Vismant\u0105 Bulion\u012f, vien\u0105 i\u0161 \u012ftaking\u0173 \u0160iauli\u0173 \u017eem\u0117s valdov\u0173 ir Saul\u0117s m\u016b\u0161io vad\u0173.<\/p>\n<p>I\u0161tremtiems giminai\u010diams suorganizavus did\u017eiul\u0119 koalicij\u0105 prie\u0161 Mindaug\u0105 (prie j\u0173 prisijung\u0117 Livonijos ordinas, Hali\u010do-Volyn\u0117s kunigaik\u0161\u010diai ir \u017eemai\u010diai), Mindaugas slapta papirko Livonijos ordino magistr\u0105 Andreas\u0105 fon \u0160tirland\u0105 ir 1251 m. pri\u0117m\u0117 krik\u0161t\u0105, taip atimdamas i\u0161 ordino formal\u0173 pretekst\u0105 pulti Lietuv\u0105.<\/p>\n<p>Popie\u017eius Inocentas IV pripa\u017eino Lietuv\u0105 kataliki\u0161ka karalyste, pavald\u017eia tiesiogiai Romai. Mindaugo ir Mortos kar\u016bnavimas \u012fvyko 1253 m. Mainais u\u017e krik\u0161t\u0105 ir taik\u0105, jis 1253-1259 m. aktais Vokie\u010di\u0173 ir Livonijos ordinams dovanojo did\u017eiul\u0119 \u017demaitijos dal\u012f.<\/p>\n<p>Gr\u012f\u017ekime \u012f \u0161iandienin\u0119 Lietuv\u0105, 1990 m. spalio 25 d. Auk\u0161\u010diausiosios Tarybos \u012fstatymu paskelbusi\u0105 liepos 6-\u0105j\u0105 Valstyb\u0117s diena.<\/p>\n<p>Diena, kada Daukanto aik\u0161t\u0117je kei\u010diasi Valstyb\u0117s vadovas &#8211; Respublikos Prezidentas.<\/p>\n<p>Tik b\u0117da, kad \u012f \u0161i\u0105 ceremonij\u0105 tikru jos dalyviu taip ir nepakliuvo Vytautas Landsbergis, nors Seimas 2022 m. bir\u017eelio 30 d. \u012fstatymu buvus\u012f Auk\u0161\u010diausiosios Tarybos Pirminink\u0105 paskelb\u0117 \u201eatkurtos nepriklausomos Lietuvos valstyb\u0117s vadovu.&#8221;<\/p>\n<p>Seimas \u201enepasteb\u0117jo&#8221;  Konstitucinio Teismo, nagrin\u0117jusio byl\u0105 d\u0117l Respublikos Prezidento pensijos mok\u0117jimo 1990-1992 m. Lietuvos Auk\u0161\u010diausiosios Tarybos buvusiam Pirmininkui Vytautui Landsbergiui, 2002-06-19 d. nutarimo i\u0161ai\u0161kinimo, kad tuo metu galioj\u0119s Lietuvos Laikinasis Pagrindinis \u012estatymas nenumat\u0117 valstyb\u0117s vadovo pareigybi\u0173, kad teisi\u0161kai ir istori\u0161kai jokio Atkuriamojo Seimo tuo metu nebuvo.<\/p>\n<p>Taigi, ir v\u0117l Lietuvos istorijoje kovoje d\u0117l vald\u017eios klasta. \u012evykdyta po to, kai Lietuvai sulaukus tarptautinio pripa\u017einimo, Auk\u0161\u010diausioji Taryba, o v\u0117liau ir Tauta 1992 m. gegu\u017e\u0117s 23 d. referendume sustabd\u0117 V. Landsbergio siek\u012f tapti Lietuvos Prezidentu su sveiku protu sunkiai suvokiamais mil\u017eini\u0161kais \u012fgaliojimais.<\/p>\n<p>Beveik kaip Karaliaus Mindaugo.<\/p>\n<p>Ta\u010diau, vis\u0173 pirma, d\u0117l \u0161ios prie\u017easties suskaldyta Auk\u0161\u010diausioji Taryba susitelk\u0117 ir nutar\u0117 skelbti pirmalaikius parlamento (jau Seimo) rinkimus, o Tautai pateik\u0117 kompromisin\u012f Konstitucijos variant\u0105, kuriam Tauta pritar\u0117 1992 m. spalio 25 d. referendume.<\/p>\n<p>Priimtoje Konstitucijoje vald\u017eia neb\u0117ra vienvald\u0117 &#8211; padalinta tarp Seimo, Prezidento ir Vyriausyb\u0117s.<\/p>\n<p>V.Landsbergio suburtai koalicijai \u201eU\u017e demokratin\u0119 Lietuv\u0105&#8221; triu\u0161kinan\u010diai pralaim\u0117jus 1992 m. spalio 25 d. rinkimus \u012f Seim\u0105, V.Landsbergis, b\u016bdamas Seimo ma\u017eumoje, sugeb\u0117jo nuo laim\u0117jimo savoti\u0161kai sutrikusius A.Brazausko bendra\u017eygius, Seime \u012fgijusius konstitucin\u0119 daugum\u0105, prispausti &#8211; 1994 m. gruod\u017eio 28 d. Seimas pri\u0117m\u0117 \u012fstatym\u0105 \u201eD\u0117l valstybini\u0173 \u012fmoni\u0173, kuri\u0173 iki 2000-\u0173j\u0173 met\u0173 nenumatoma nei akcionuoti, nei privatizuoti&#8221;, t.y. strategini\u0173, vis\u0173 pirma, monopolini\u0173 \u012fmoni\u0173 i\u0161saugojimo valstybei.<\/p>\n<p>\u012e \u0161\u012f \u012fstatym\u0105 buvo \u012ftrauktas kritin\u0117s valstyb\u0117s infrastrukt\u016bros ir svarbiausi\u0173 monopolij\u0173 s\u0105ra\u0161as, kur\u012f sudar\u0117 \u0161imtai strategini\u0173 \u012fmoni\u0173: energetikoje &#8211; Ignalinos AE, Kruonio HAE, Kauno HE, V\u012e \u201eLietuvos energija&#8221; (\u012fskaitant regioninius elektros tinklus ir pagrindines \u0161ilumines elektrines), V\u012e \u201eLietuvos dujos&#8221;, B\u016bting\u0117s naftos terminalas, Klaip\u0117dos naftos baz\u0117 ir magistraliniai naftotiekiai, \u201eMa\u017eeiki\u0173 nafta&#8221;; transporte ir logistikoje &#8211; V\u012e \u201eLietuvos gele\u017einkeliai&#8221;, Klaip\u0117dos valstybinis j\u016br\u0173 uostas ir \u0160ventosios uostas, Vilniaus, Kauno ir Palangos oro uostai, \u012fmon\u0117 \u201eOro navigacija&#8221;, u\u017e magistralini\u0173 keli\u0173 prie\u017ei\u016br\u0105 ir tilt\u0173 statyb\u0105 atsakingos \u012fmon\u0117s; ry\u0161i\u0173 sektoriuje &#8211; V\u012e \u201eLietuvos telekomas&#8221;, V\u012e \u201eLietuvos pa\u0161tas&#8221;, Lietuvos radijo ir televizijos centras; d\u0117l gamtos i\u0161tekli\u0173 &#8211; valstybiniai mi\u0161kai (visos mi\u0161k\u0173 ur\u0117dijos), regionin\u0117s vandens tiekimo bei nuotek\u0173 valymo valstybin\u0117s \u012fmon\u0117s, valstybiniai \u017euvivaisos centrai bei s\u0117kl\u0173 fondai; kiti specifiniai objektai &#8211; valstybin\u0117s leidyklos, spaustuv\u0117s, specialios paskirties sanatorijos, mokslini\u0173 tyrim\u0173 institut\u0173 eksperimentiniai \u016bkiai ir specifin\u0117s savivaldybi\u0173 komunalin\u0117s \u012fmon\u0117s.<\/p>\n<p>V.Landsbergio komandai laim\u0117jus 1996 m. spalio 20 d. rinkimus \u012f Seim\u0105 (T\u0117vyn\u0117s s\u0105junga (Lietuvos konservatoriai) &#8211; 70 viet\u0173, Lietuvos krik\u0161\u010dioni\u0173 demokrat\u0173 partija &#8211; 16 viet\u0173), jau lapkri\u010dio 28 d. Seimo priimta Deklaracija Auk\u0161\u010diausioji Taryba buvo pervadinta Atkuriamuoju Seimu.<\/p>\n<p>Ir tada buvo imtasi valstyb\u0117s i\u0161valstybinimo, kei\u010diant \u0161\u012f 1994 m. gruod\u017eio 28 d. \u012fstatym\u0105. 1997-04-03 d. i\u0161 jo i\u0161brauk\u0117  ry\u0161i\u0173 monopolij\u0105 \u201eLietuvos telekom\u0105&#8221;, 1997-06-12 d. &#8211; valstybinius bankus, 1997-1998 m. &#8211; \u201eLietuvos dujas&#8221; ir \u201eLietuvos energij\u0105&#8221;, 1998-07-01 d. &#8211; KLASCO ir transporto paslaug\u0173 bendroves.<\/p>\n<p>Galiausiai 2002 m. kovo 5 d. \u0161is \u012fstatymas neteko galios.<\/p>\n<p>Prie\u0161 tai, 1999 metais, dar prasuktas reikaliukas su &#8222;Ma\u017eeiki\u0173 nafta&#8221;, prie kurios prie\u0161 tai buvo prijungtos \u201eB\u016bting\u0117s nafta&#8221; ir \u201eNaftotiekis&#8221;.<\/p>\n<p>Vos u\u017e 60 mln. USD (!) su naftos verslu nieko bendro neturin\u010diai JAV bendrovei \u201eWilliams&#8221; buvo \u201epadovanota&#8221; (tai Seimo komisijos nuomon\u0117) 33% \u201eMa\u017eeiki\u0173 naftos&#8221; akcij\u0173 ir i\u0161skirtin\u0117 \u012fmon\u0117s valdymo teis\u0117, suteikta aib\u0117 \u012fkaini\u0173 nuolaid\u0173, apyvartini\u0173 l\u0117\u0161\u0173.<\/p>\n<p>Kai kas kai kam taip atidav\u0117 vidines JAV rinkim\u0173 skolas.<\/p>\n<p>2002 m. Rusijos naftos kompanija \u201eYukos&#8221; investavo \u012f \u0161ios \u012fmon\u0117s naujas akcijas, o i\u0161 \u201eWilliams&#8221; nupirko jos valdytas akcijas, taip perimdama 53,7% \u201eMa\u017eeiki\u0173 naftos&#8221; akcij\u0173 ir jos valdym\u0105.<\/p>\n<p>Taip buvo \u012fgyvendintas \u0161loving\u0105 1993 m. gegu\u017e\u0117s 1 dien\u0105 \u012fkurtos T\u0117vyn\u0117s S\u0105jungos (Lietuvos konservatori\u0173) pasirinkto 1992-1996 m. \u016bkio ministro Vinco Babiliaus \u0161\u016bkis \u201eNeprileisime Ivano prie vamzd\u017eio!&#8221;<\/p>\n<p>2006 m. Lenkijos valstyb\u0117s energetikos koncernas \u201ePKN Orlen&#8221; i\u0161 \u201eYukos&#8221; ir Lietuvos Vyriausyb\u0117s nupirko \u201eMa\u017eeiki\u0173 naftos&#8221; kontrolin\u012f akcij\u0173 paket\u0105. 2009 m. \u201ePKN Orlen&#8221; tapo 100% \u0161ios \u012fmon\u0117s savininke.<\/p>\n<p>Tai jau A.Brazausko nuopelnas.<\/p>\n<p>Strategin\u0117 Lietuvos \u012fmon\u0117 tapo strategine Lenkijos \u012fmone.<\/p>\n<p>Baim\u0117je gyvenantiems Lietuvos \u017emon\u0117ms priminsiu Latvijos patirt\u012f.<\/p>\n<p>2000 metais Latvijos Vyriausybei paruo\u0161us planus restrukt\u016brizuoti ir i\u0161 dalies privatizuoti valstybin\u0119 energetikos monopolij\u0105 \u201eLatvenergo&#8221;, profesin\u0117s s\u0105jungos ir opozicin\u0117s partijos inicijavo para\u0161\u0173 rinkimo kampanij\u0105.<\/p>\n<p>Surinkus \u012fstatymu nustatytus para\u0161us (daugiau nei 10% rink\u0117j\u0173), reikalaujan\u010di\u0173 surengti tautos referendum\u0105 d\u0117l \u012fstatymo projekto, draud\u017eian\u010dio privatizuoti \u0161i\u0105 strategin\u0119 \u012fmon\u0119, Latvijos Saeima pati pri\u0117m\u0117 rink\u0117j\u0173 pateikt\u0105 \u012fstatymo projekt\u0105.<\/p>\n<p>\u012estatymu nustatyta, kad \u201eLatvenergo&#8221; yra valstybei svarbus objektas, kuris negali b\u016bti privatizuojamas, o visos jo akcijos privalo priklausyti valstybei. \u201eLatvenergo&#8221; iki \u0161iol i\u0161liko visi\u0161kai valstybin\u0117 \u012fmon\u0117.<\/p>\n<p>Pana\u0161iai \u012fvyko, kai 1989 m. lapkri\u010dio 3 d. XI \u0161aukimo Lietuvos TSR Auk\u0161\u010diausiajai Tarybai pri\u0117mus  Lietuvos TSR referendumo \u012fstatym\u0105, apie 450 t\u016bkst. Lietuvos pilie\u010di\u0173 pasira\u0161\u0117 d\u0117l referendumo, kad neleisti Tarybin\u0117s armijos kariams dalyvauti 1990 m. vasario 24 d. rinkimuose \u012f XII \u0161aukimo Lietuvos TSR Auk\u0161\u010diausi\u0105j\u0105 Taryb\u0105.<\/p>\n<p>\u012e t\u0105, kuri\u0105 1996 m. V. Landsbergio si\u016blymu Seimas pervadino \u012f neegzistavus\u012f Atkuriam\u0105j\u012f Seim\u0105.<\/p>\n<p>LTSR Auk\u0161\u010diausiosios Tarybos Prezidiumas 1990 m. sausio 8 d. nutarimu pripa\u017eino, kad referendum\u0105 teks skelbti.<\/p>\n<p>Tuomet LTSR teisingumo ministro Prano K\u016brio teikimu 1990 m. sausio 15 d. LTSR Auk\u0161\u010diausioji Taryb\u0105 pri\u0117m\u0117 \u017emoni\u0173 reikalaujamus rinkim\u0173 \u012fstatymo pakeitimus.<\/p>\n<p>\u0160tai ir toks tos \u201esovietin\u0117s&#8221; Lietuvos istorinis ir teisinis paveldas.<\/p>\n<p>Tai kur tas Lietuvos \u017emoni\u0173 i\u0161didumas ir valingumas dingo \u0161iandien?<\/p>\n<p>Nieko mums nesakanti vald\u017eia prad\u0117jo 137 straipsnio, draud\u017eian\u010dio Lietuvoje dislokuoti masinio naikinimo ginkl\u0105, \u0161alinim\u0105 i\u0161 Konstitucijos, o mes \u201eram\u016bs kaip belgai&#8221;&#8230;<\/p>\n<p>Kijevan, i\u0161 kurio nenutr\u016bkstamu automobili\u0173 srautu i\u0161va\u017eiuojant kijevie\u010diams, min\u0117ti Ukrainos nepriklausomyb\u0117s dien\u0105 i\u0161 \u201eNorin\u010di\u0173j\u0173 koalicijos&#8221; \u0161ali\u0173 vadov\u0173 teatvyko Jungtin\u0117s Karalyst\u0117s \u012ftakoje esan\u010dios valstyb\u0117s ir valstyb\u0117l\u0117s.<\/p>\n<p>Liep\u0105 i\u0161 \u0161ios \u201ekoalicijos&#8221; oficialiai i\u0161stojo Bulgarija.<\/p>\n<p>Gal jau pats metas Lietuvos vald\u017eiai apsispr\u0119sti, kieno marionete b\u016bsite &#8211; JAV, Jungtin\u0117s Karalyst\u0117s ar Briuselio biurokrat\u0173?<\/p>\n<p>Neapsisprend\u0119 galite pavojingai i\u0161si\u017eergti.<\/p>\n<p>Kaip Vladimiras Zelenskis.<\/p>\n<p>O gal paslap\u010dia esate Rusijos marionet\u0117s?<\/p>\n<p>Tik kalbate prie\u0161ingai.<\/p>\n<p>Ka\u017ekod\u0117l po 1956 met\u0173 \u012fvyki\u0173 Vengrijoje ir 1968 met\u0173 \u012fvyki\u0173 \u010cekoslovakijoje, numal\u0161inus neramumus, \u0161i\u0173 valstybi\u0173 valdymas buvo patik\u0117tas tiems, kurie labiausiai kviet\u0117 \u017emones ginklu kariauti su Taryb\u0173 S\u0105junga.<\/p>\n<p>Ir nesvaikime sau palankiomis sp\u0117lion\u0117mis, d\u0117l ko JAV Centrin\u0117s \u017dvalgybos Agent\u016bros vadovas slapta atvyko \u012f Maskv\u0105!<\/p>\n<p>Lyg tokie pareig\u016bnai sakyt\u0173, ko jie vyksta \u012f prie\u0161o (o gal \u0161iuo geopolitiniu laikotarpiu ne prie\u0161o?) \u0161al\u012f slaptiems pokalbiams.<\/p>\n<p>Jei tokie pareig\u016bnai tai pavie\u0161int\u0173, jau kit\u0105 dien\u0105 prasid\u0117t\u0173 j\u0173 atleidimo i\u0161 pareig\u0173 proced\u016bros. Tiek diktatori\u0173 valdomose valstyb\u0117se, tiek demokratin\u0117mis save pristatan\u010diose valstyb\u0117se.<\/p>\n<p>Tai rei\u0161kia tik viena &#8211; JAV ir Rusija tarpusavyje kalbasi ir turi apie k\u0105 kalb\u0117tis.<\/p>\n<p>Ir jie tikrai neatskleis tarpusavio pokalbi\u0173 ka\u017ekokiam Vladimirui Zelenskiui. Ir netgi Gitanui Naus\u0117dai. Nors abu, lyg dar\u017eelinukai, vie\u0161ai tuo giriasi.<\/p>\n<p>Nesu\u017einosime ir apie k\u0105 Maskvoje kalb\u0117josi rugpj\u016b\u010dio 24-28 dienomis besilank\u0119s \u0160ventojo Sosto sekretorius santykiams su valstyb\u0117mis ir tarptautin\u0117mis organizacijomis, t. y. Vatikano u\u017esienio reikal\u0173 ministras Arkivyskupas Paulas Ri\u010dardas Galageris.<\/p>\n<p>Jo u\u017eimamos pareigos neformaliai vadinamos Vatikano \u017evalgybos vadovo pareigomis.<\/p>\n<p>Nes Vatikano diplomatin\u0117 tarnyba valdo vien\u0105 did\u017eiausi\u0173 pasaulyje informacijos rinkimo tinkl\u0173.<\/p>\n<p>T\u016bkstan\u010diai nuncij\u0173 (ambasadori\u0173), vyskup\u0173 ir dvasinink\u0173 visame pasaulyje siun\u010dia konfidencialias ataskaitas \u0161iai \u017einybai, traktuojamai kaip viena geriausiai informuot\u0173 \u017evalgyb\u0173 pasaulyje.<\/p>\n<p>Deja, ne tik Ukraina, bet ir m\u016bs\u0173, Baltijos kelio \u017emoni\u0173, \u0161alis tapo prie\u0161 kobr\u0105 sustingusiu triu\u0161iu.<\/p>\n<p>Su art\u0117jan\u010dia Rugs\u0117jo 1-\u0105ja &#8211; \u017dini\u0173 diena, Lietuvos moksleiviai ir studentai, Mokytojai!<\/p>\n","protected":false},"excerpt":{"rendered":"\u00a0 1993 m. rugs\u0117jo 4-8 dienomis Lietuvoje lank\u0117si Popie\u017eius Jonas Paulius II. Anot istorik\u0173, rugpj\u016b\u010dio 31-oji &#8211; vienintelio&hellip;\n","protected":false},"author":2,"featured_media":265355,"comment_status":"","ping_status":"","sticky":false,"template":"","format":"standard","meta":{"footnotes":"","_share_on_mastodon":"0"},"categories":[15],"tags":[25,30,31,34,35,24,12522,1167,32,33,37,39,36,38,40,38515,33254,1786,38514,23,22,44,28,29,26,27,516,74,75,76],"class_list":["post-265354","post","type-post","status-publish","format-standard","has-post-thumbnail","category-pasaulis","tag-antrastes","tag-breaking-news","tag-breakingnews","tag-featured-news","tag-featurednews","tag-headlines","tag-karalius","tag-konstitucija","tag-latest-news","tag-latestnews","tag-lietuva","tag-lietuviu","tag-lithuania","tag-lithuanian","tag-lt","tag-mazeikiu","tag-mindaugas","tag-nafta","tag-naugardukas","tag-naujienos","tag-news","tag-pasaulis","tag-populiariausios-naujienos","tag-populiariausiosnaujienos","tag-top-stories","tag-topstories","tag-vaisvila","tag-world","tag-world-news","tag-worldnews"],"share_on_mastodon":{"url":"https:\/\/pubeurope.com\/@lt\/117189158111620688","error":""},"_links":{"self":[{"href":"https:\/\/www.europesays.com\/lt\/wp-json\/wp\/v2\/posts\/265354","targetHints":{"allow":["GET"]}}],"collection":[{"href":"https:\/\/www.europesays.com\/lt\/wp-json\/wp\/v2\/posts"}],"about":[{"href":"https:\/\/www.europesays.com\/lt\/wp-json\/wp\/v2\/types\/post"}],"author":[{"embeddable":true,"href":"https:\/\/www.europesays.com\/lt\/wp-json\/wp\/v2\/users\/2"}],"replies":[{"embeddable":true,"href":"https:\/\/www.europesays.com\/lt\/wp-json\/wp\/v2\/comments?post=265354"}],"version-history":[{"count":0,"href":"https:\/\/www.europesays.com\/lt\/wp-json\/wp\/v2\/posts\/265354\/revisions"}],"wp:featuredmedia":[{"embeddable":true,"href":"https:\/\/www.europesays.com\/lt\/wp-json\/wp\/v2\/media\/265355"}],"wp:attachment":[{"href":"https:\/\/www.europesays.com\/lt\/wp-json\/wp\/v2\/media?parent=265354"}],"wp:term":[{"taxonomy":"category","embeddable":true,"href":"https:\/\/www.europesays.com\/lt\/wp-json\/wp\/v2\/categories?post=265354"},{"taxonomy":"post_tag","embeddable":true,"href":"https:\/\/www.europesays.com\/lt\/wp-json\/wp\/v2\/tags?post=265354"}],"curies":[{"name":"wp","href":"https:\/\/api.w.org\/{rel}","templated":true}]}}