{"id":265378,"date":"2026-08-31T08:46:01","date_gmt":"2026-08-31T08:46:01","guid":{"rendered":"https:\/\/www.europesays.com\/lt\/265378\/"},"modified":"2026-08-31T08:46:01","modified_gmt":"2026-08-31T08:46:01","slug":"iforminti-susitarimus-kremlius-pakomentavo-galima-trisali-virsuniu-susitikima-respublika-lt","status":"publish","type":"post","link":"https:\/\/www.europesays.com\/lt\/265378\/","title":{"rendered":"\u201e\u012eforminti susitarimus\u201c: Kremlius pakomentavo galim\u0105 tri\u0161al\u012f vir\u0161\u016bni\u0173 susitikim\u0105 &#8211; Respublika.lt"},"content":{"rendered":"<p><img loading=\"lazy\" decoding=\"async\" src=\"https:\/\/www.respublika.lt\/lt\/naujienos\/pasaulis\/pasaulio_politika\/iforminti-susitarimus-kremlius-pakomentavo-galima-trisali-virsuniu-susitikima\/images\/ico_camera_white.gif\" class=\"camera\" width=\"22\" height=\"15\" alt=\"nuotr.\" style=\"position:relative; top:-2px; right:2px;\"\/> 1 nuotr.<\/p>\n<p>Dmitrijus Peskovas. EPA-Eltos nuotr.<\/p>\n<p style=\"text-align: left;\">Kremliaus atstovas Dmitrijus Peskovas sekmadien\u012f parei\u0161k\u0117, kad tri\u0161alis JAV prezidento Donaldo Trumpo, Ukrainos prezidento Volodymyro Zelenskio ir Rusijos vadovo Vladimiro Putino susitikimas b\u016bt\u0173 \u012fmanomas \u201etik siekiant \u012fforminti susitarimus\u201c, prane\u0161\u0117 BBC tarnyba rus\u0173 kalba.<\/p>\n<p style=\"text-align: justify;\" class=\"desktop_banner\">\u00a0<\/p>\n<p style=\"text-align: left;\">D. Peskovas teig\u0117, kad auk\u0161\u010diausiojo lygio susitikimas, kuriame dalyvaut\u0173 D. Trumpas, V. Zelenskis ir V. Putinas si\u016blomas \u201ejau gana ilg\u0105 laik\u0105\u201c.<\/p>\n<p style=\"text-align: left;\">Toks susitikimas b\u016bt\u0173 \u201e\u012fmanomas tik siekiant \u012fforminti susitarimus\u201c, prid\u016br\u0117 Kremliaus atstovas, tur\u0117damas omenyje V. Putino pozicij\u0105 \u0161iuo klausimu.\u00a0<\/p>\n<p style=\"text-align: left;\">\u201eSusitarimai jokiu b\u016bdu n\u0117ra primityvus sandoris\u201c, \u2013 sak\u0117 D. Peskovas.\u00a0<\/p>\n<p style=\"text-align: left;\">Pasak Kremliaus atstovo, susitarimo procesas yra sud\u0117tingas, o prezident\u0173 susitikimas \u0161iam procesui aptarti b\u016bt\u0173 visi\u0161kai beprasmis.\u00a0<\/p>\n<p style=\"text-align: left;\">\u201eJie gali susitikti tik tam, kad u\u017ebaigt\u0173 susitarimus\u201c, \u2013 teig\u0117 D. Peskovas.<\/p>\n<p style=\"text-align: left;\">Jis sak\u0117, kad Kijevas neva nenori \u012fsitraukti \u012f tikr\u0105 susitarim\u0105.\u00a0<\/p>\n<p style=\"text-align: left;\">Jis taip pat teig\u0117, kad Maskva neva atvira deryboms d\u0117l Ukrainos Turkijoje, ir prid\u016br\u0117, kad \u0161iuo metu \u201en\u0117ra joki\u0173 i\u0161ankstini\u0173 s\u0105lyg\u0173 joms atnaujinti\u201c.\u00a0<\/p>\n<p style=\"text-align: left;\">Anks\u010diau leidinys \u201eAxios\u201c, remdamasis savo \u0161altiniais, paskelb\u0117, kad Centrin\u0117s \u017evalgybos agent\u016bros (C\u017dA) direktorius Johnas Ratcliffe&#8217;as per nepaskelbt\u0105 vizit\u0105 Maskvoje pra\u0117jusi\u0105 savait\u0119 si\u016bl\u0117 JAV, Ukrainos ir Rusijos prezidentams susitikti ir u\u017ebaigti kar\u0105.<\/p>\n<p>Patiko straipsnis? Leisk mums apie tai su\u017einoti. Nepamir\u0161k pasidalinti Facebook! <\/p>\n<p><img loading=\"lazy\" decoding=\"async\" class=\"p2_social_circle_icon\" src=\"https:\/\/www.respublika.lt\/images\/thumbs_up.svg\" width=\"21\" height=\"22\" alt=\"L\"\/><\/p>\n<p><img loading=\"lazy\" decoding=\"async\" class=\"p2_social_circle_icon\" src=\"https:\/\/www.respublika.lt\/images\/facebook.svg\" alt=\"F\" width=\"22\" height=\"22\" style=\"filter: invert(37%) sepia(55%) saturate(2351%) hue-rotate(187deg) brightness(102%) contrast(106%);\"\/><\/p>\n<p>&#13;<br \/>\n\tNesutinkate &#8211; diskutuokime!<br \/>&#13;<br \/>\n\tNepykite komentatoriai, bet komentarai su keiksma\u017eod\u017eiais bus \u0161alinami automati\u0161kai, be atsipra\u0161ymo.\n    <\/p>\n<p>&#13;<br \/>\n              Respublika.lt pasilieka teis\u0119 pa\u0161alinti nekult\u016bringus, keiksma\u017eod\u017eiais pagardintus, su tema nesusijusius, kito asmens vardu pasira\u0161ytus, \u012fstatymus pa\u017eeid\u017eian\u010dius, \u0161lam\u0161t\u0105 reklamuojan\u010dius ar nusikalsti kurstan\u010dius komentarus. Jei kurstysite smurt\u0105, rasin\u0119, tautin\u0119, religin\u0119 ar kitokio pob\u016bd\u017eio neapykant\u0105, \u017evirbliu i\u0161skrid\u0119 j\u016bs\u0173 \u017eod\u017eiai gr\u012f\u017edami gali virsti ton\u0105 sverian\u010diu jau\u010diu &#8211; specialiosioms Lietuvos tarnyboms pareikalavus suteiksime j\u016bs\u0173 duomenis.\n            <\/p>\n","protected":false},"excerpt":{"rendered":"1 nuotr. Dmitrijus Peskovas. EPA-Eltos nuotr. Kremliaus atstovas Dmitrijus Peskovas sekmadien\u012f parei\u0161k\u0117, kad tri\u0161alis JAV prezidento Donaldo Trumpo,&hellip;\n","protected":false},"author":2,"featured_media":265379,"comment_status":"","ping_status":"","sticky":false,"template":"","format":"standard","meta":{"footnotes":"","_share_on_mastodon":"0"},"categories":[6],"tags":[25,30,31,34,35,24,223,1211,32,33,37,39,36,38,40,23,22,4376,28,29,2370,119,1725,26,27,1270,360,363],"class_list":["post-265378","post","type-post","status-publish","format-standard","has-post-thumbnail","category-antrastes","tag-antrastes","tag-breaking-news","tag-breakingnews","tag-featured-news","tag-featurednews","tag-headlines","tag-jav","tag-kremlius","tag-latest-news","tag-latestnews","tag-lietuva","tag-lietuviu","tag-lithuania","tag-lithuanian","tag-lt","tag-naujienos","tag-news","tag-peskovas","tag-populiariausios-naujienos","tag-populiariausiosnaujienos","tag-putinas","tag-rusija","tag-susitikimas","tag-top-stories","tag-topstories","tag-trumpas","tag-ukraina","tag-zelenskis"],"share_on_mastodon":{"url":"https:\/\/pubeurope.com\/@lt\/117189253279921426","error":""},"_links":{"self":[{"href":"https:\/\/www.europesays.com\/lt\/wp-json\/wp\/v2\/posts\/265378","targetHints":{"allow":["GET"]}}],"collection":[{"href":"https:\/\/www.europesays.com\/lt\/wp-json\/wp\/v2\/posts"}],"about":[{"href":"https:\/\/www.europesays.com\/lt\/wp-json\/wp\/v2\/types\/post"}],"author":[{"embeddable":true,"href":"https:\/\/www.europesays.com\/lt\/wp-json\/wp\/v2\/users\/2"}],"replies":[{"embeddable":true,"href":"https:\/\/www.europesays.com\/lt\/wp-json\/wp\/v2\/comments?post=265378"}],"version-history":[{"count":0,"href":"https:\/\/www.europesays.com\/lt\/wp-json\/wp\/v2\/posts\/265378\/revisions"}],"wp:featuredmedia":[{"embeddable":true,"href":"https:\/\/www.europesays.com\/lt\/wp-json\/wp\/v2\/media\/265379"}],"wp:attachment":[{"href":"https:\/\/www.europesays.com\/lt\/wp-json\/wp\/v2\/media?parent=265378"}],"wp:term":[{"taxonomy":"category","embeddable":true,"href":"https:\/\/www.europesays.com\/lt\/wp-json\/wp\/v2\/categories?post=265378"},{"taxonomy":"post_tag","embeddable":true,"href":"https:\/\/www.europesays.com\/lt\/wp-json\/wp\/v2\/tags?post=265378"}],"curies":[{"name":"wp","href":"https:\/\/api.w.org\/{rel}","templated":true}]}}