{"id":26551,"date":"2025-10-27T14:02:08","date_gmt":"2025-10-27T14:02:08","guid":{"rendered":"https:\/\/www.europesays.com\/lt\/26551\/"},"modified":"2025-10-27T14:02:08","modified_gmt":"2025-10-27T14:02:08","slug":"nelegaliu-migrantu-srautai-rokiskio-rajone-kelia-nerima","status":"publish","type":"post","link":"https:\/\/www.europesays.com\/lt\/26551\/","title":{"rendered":"Nelegali\u0173 migrant\u0173 srautai Roki\u0161kio rajone kelia nerim\u0105"},"content":{"rendered":"<p>Vienas j\u0173 su Valstybin\u0119 Lietuvos-Latvijos sien\u0105 mi\u0161keliais kirtusiais mulatais net ir trumpai \u0161nektel\u0117jo&#8230; Nelegali\u0173 imigrant\u0173 klausimas Lietuvai neb\u0117ra naujiena, ta\u010diau \u0161ioje situacijoje kra\u0161tie\u010diams susir\u016bpinim\u0105 kelia institucij\u0173 tyla \u2013 kod\u0117l vie\u0161ojoje erdv\u0117je per vis\u0105 m\u0117nes\u012f nepasirod\u0117 nei vienas prane\u0161imas apie Roki\u0161kio kra\u0161te sulaikytus asmenis, nelegaliai sien\u0105 kirtusius i\u0161 kaimynin\u0117s Latvijos teritorijos? Bet atsakingi asmenys patikina, kad visa statistika ir duomenys yra vie\u0161inami, tik \u2013 nei\u0161skirstant rajonais.<\/p>\n<p>Jau mat\u0117 11 imigrant\u0173   <\/p>\n","protected":false},"excerpt":{"rendered":"Vienas j\u0173 su Valstybin\u0119 Lietuvos-Latvijos sien\u0105 mi\u0161keliais kirtusiais mulatais net ir trumpai \u0161nektel\u0117jo&#8230; Nelegali\u0173 imigrant\u0173 klausimas Lietuvai neb\u0117ra&hellip;\n","protected":false},"author":2,"featured_media":26552,"comment_status":"","ping_status":"","sticky":false,"template":"","format":"standard","meta":{"footnotes":""},"categories":[15],"tags":[25,30,31,34,35,24,32,33,37,39,36,38,40,23,7979,22,44,28,29,26,27,74,75,76,369],"class_list":{"0":"post-26551","1":"post","2":"type-post","3":"status-publish","4":"format-standard","5":"has-post-thumbnail","7":"category-pasaulis","8":"tag-antrastes","9":"tag-breaking-news","10":"tag-breakingnews","11":"tag-featured-news","12":"tag-featurednews","13":"tag-headlines","14":"tag-latest-news","15":"tag-latestnews","16":"tag-lietuva","17":"tag-lietuviu","18":"tag-lithuania","19":"tag-lithuanian","20":"tag-lt","21":"tag-naujienos","22":"tag-nelegalus-migrantai","23":"tag-news","24":"tag-pasaulis","25":"tag-populiariausios-naujienos","26":"tag-populiariausiosnaujienos","27":"tag-top-stories","28":"tag-topstories","29":"tag-world","30":"tag-world-news","31":"tag-worldnews","32":"tag-zinios-is-regionu"},"share_on_mastodon":{"url":"https:\/\/pubeurope.com\/@lt\/115446503450479914","error":""},"_links":{"self":[{"href":"https:\/\/www.europesays.com\/lt\/wp-json\/wp\/v2\/posts\/26551","targetHints":{"allow":["GET"]}}],"collection":[{"href":"https:\/\/www.europesays.com\/lt\/wp-json\/wp\/v2\/posts"}],"about":[{"href":"https:\/\/www.europesays.com\/lt\/wp-json\/wp\/v2\/types\/post"}],"author":[{"embeddable":true,"href":"https:\/\/www.europesays.com\/lt\/wp-json\/wp\/v2\/users\/2"}],"replies":[{"embeddable":true,"href":"https:\/\/www.europesays.com\/lt\/wp-json\/wp\/v2\/comments?post=26551"}],"version-history":[{"count":0,"href":"https:\/\/www.europesays.com\/lt\/wp-json\/wp\/v2\/posts\/26551\/revisions"}],"wp:featuredmedia":[{"embeddable":true,"href":"https:\/\/www.europesays.com\/lt\/wp-json\/wp\/v2\/media\/26552"}],"wp:attachment":[{"href":"https:\/\/www.europesays.com\/lt\/wp-json\/wp\/v2\/media?parent=26551"}],"wp:term":[{"taxonomy":"category","embeddable":true,"href":"https:\/\/www.europesays.com\/lt\/wp-json\/wp\/v2\/categories?post=26551"},{"taxonomy":"post_tag","embeddable":true,"href":"https:\/\/www.europesays.com\/lt\/wp-json\/wp\/v2\/tags?post=26551"}],"curies":[{"name":"wp","href":"https:\/\/api.w.org\/{rel}","templated":true}]}}