{"id":265520,"date":"2026-08-31T11:21:35","date_gmt":"2026-08-31T11:21:35","guid":{"rendered":"https:\/\/www.europesays.com\/lt\/265520\/"},"modified":"2026-08-31T11:21:35","modified_gmt":"2026-08-31T11:21:35","slug":"nuo-rugsejo-1-osios-vilniuje-svarbus-eismo-pokyciai","status":"publish","type":"post","link":"https:\/\/www.europesays.com\/lt\/265520\/","title":{"rendered":"Nuo rugs\u0117jo 1-osios Vilniuje \u2013 svarb\u016bs eismo poky\u010diai"},"content":{"rendered":"<p class=\"wp-block-paragraph\">S\u012e \u201e<a style=\"font-weight:bold;\" href=\"https:\/\/madeinvilnius.lt\/tema\/susisiekimo-paslaugos\/\" target=\"_blank\" rel=\"nofollow noopener\">Susisiekimo paslaugos<\/a>\u201c (JUDU) prane\u0161a, kad nuo rugs\u0117jo 1 dienos sostin\u0117je atidaromi keli svarb\u016bs gatvi\u0173 ruo\u017eai, o tai tur\u0117s \u012ftakos ir <a style=\"font-weight:bold;\" href=\"https:\/\/madeinvilnius.lt\/tema\/vilniaus-viesasis-transportas\/\" target=\"_blank\" rel=\"nofollow noopener\">vie\u0161ojo transporto<\/a> organizavimui bei mar\u0161rutams.<\/p>\n<p class=\"wp-block-paragraph\">J. Basanavi\u010diaus gatv\u0117je atidaromas eismas viena juosta tarp Mindaugo ir Pylimo gatvi\u0173, tod\u0117l 6 ir 12 mar\u0161rut\u0173 troleibusai, va\u017eiuodami i\u0161 \u017dem\u0173j\u0173 Paneri\u0173 \u012f \u017dirm\u016bnus, v\u0117l kursuos J. Basanavi\u010diaus gatve ir aptarnaus Algirdo bei Trak\u0173 stoteles.<\/p>\n<p class=\"wp-block-paragraph\">\u201eVa\u017eiuojant i\u0161 \u017dirm\u016bn\u0173 \u012f \u017demuosius Panerius, troleibusai ir toliau va\u017eiuos apylanka per Tauro gatv\u0119, kol bus visi\u0161kai baigta J. Basanavi\u010diaus gatv\u0117s rekonstrukcija\u201c, \u2013 ra\u0161o JUDU.<\/p>\n<p>Skaitykite taip pat<a class=\"miv-ax-rel-link\" href=\"https:\/\/madeinvilnius.lt\/pramogos\/renginiai\/rugsejo-1-aja-vilniaus-akropolyje-nemokama-svente-lankytojams-dalins-tukstancius-prizu\/\" rel=\"nofollow noopener\" target=\"_blank\">Rugs\u0117jo 1-\u0105j\u0105 Vilniaus \u201eAkropolyje\u201c \u2013 nemokama \u0161vent\u0117: lankytojams dalins t\u016bkstan\u010dius priz\u0173<\/a><a class=\"miv-ax-rel-link\" href=\"https:\/\/madeinvilnius.lt\/pramogos\/renginiai\/vilniaus-rytas-sezona-prades-neiprastoje-vietoje-lukiskiu-kalejime-surengs-didele-svente\/\" rel=\"nofollow noopener\" target=\"_blank\">Vilniaus \u201eRytas\u201c sezon\u0105 prad\u0117s ne\u012fprastoje vietoje: Luki\u0161ki\u0173 kal\u0117jime surengs didel\u0119 \u0161vent\u0119<\/a><\/p>\n<p class=\"wp-block-paragraph\">Gedvyd\u017ei\u0173 gatv\u0117je atidarius eism\u0105, \u012f \u012fprastas trasas per \u0161i\u0105 gatv\u0119 gr\u012f\u017eta 3G-A, 5, 24 ir 125 mar\u0161rut\u0173 autobusai. Tuo tarpu Gegli\u0161ki\u0173 gatv\u0117je atidarius eism\u0105, 52 mar\u0161ruto autobusas gr\u012f\u017eta \u012f \u012fprast\u0105 tras\u0105, Tarand\u0117je v\u0117l kursuos \u017eiediniu principu, o taip pat kei\u010diasi Gegli\u0161ki\u0173 stotel\u0117s vieta ir atsiranda nauja Svajoni\u0173 stotel\u0117.<\/p>\n<p class=\"wp-block-paragraph\">Keleiviai raginami prie\u0161 kelion\u0119 pasitikrinti aktuali\u0105 informacij\u0105 JUDU \u0161vieslent\u0117je ir JUDU program\u0117l\u0117je bei \u012fvertinti galimus poky\u010dius savo kelion\u0117s mar\u0161rute.<\/p>\n<p><a class=\"mv-pp\" id=\"mv-postpromo\" href=\"https:\/\/madeinvilnius.lt\/vilnius-gyvai\/viesasis-transportas\/#mv-eismas\" aria-label=\"Vilnius gyvai \u2013 atverti transporto centr\u0105\" rel=\"nofollow noopener\" target=\"_blank\">GYVAIVilnius gyvaiVilniaus vie\u0161asis transportas realiu laikuAutobus\u0173 ir troleibus\u0173 tvarkara\u0161\u010diai, stoteli\u0173 \u0161vieslent\u0117s, mar\u0161rutai ir \u017eem\u0117lapis su v\u0117lavimais \u2014 vienoje vietoje.\u0160i\u0105 savait\u0119 punktualiausias mar\u0161rutas \u2013 16 (vid. nuokrypis ~0,2 min).\u2014priemoni\u0173 dabar\u2014vid. v\u0117lavimas\u2014v\u0117luoja &gt;2 minJungiamasi prie gyv\u0173 duomen\u0173\u2026<\/a><\/p>\n","protected":false},"excerpt":{"rendered":"S\u012e \u201eSusisiekimo paslaugos\u201c (JUDU) prane\u0161a, kad nuo rugs\u0117jo 1 dienos sostin\u0117je atidaromi keli svarb\u016bs gatvi\u0173 ruo\u017eai, o tai&hellip;\n","protected":false},"author":2,"featured_media":265521,"comment_status":"","ping_status":"","sticky":false,"template":"","format":"standard","meta":{"footnotes":"","_share_on_mastodon":"0"},"categories":[13],"tags":[25,5626,30,31,34,35,24,32,33,37,39,36,38,40,65,23,22,28,29,26,27,5627],"class_list":["post-265520","post","type-post","status-publish","format-standard","has-post-thumbnail","category-lietuva","tag-antrastes","tag-autobusai","tag-breaking-news","tag-breakingnews","tag-featured-news","tag-featurednews","tag-headlines","tag-latest-news","tag-latestnews","tag-lietuva","tag-lietuviu","tag-lithuania","tag-lithuanian","tag-lt","tag-naujiena","tag-naujienos","tag-news","tag-populiariausios-naujienos","tag-populiariausiosnaujienos","tag-top-stories","tag-topstories","tag-vilniaus-viesasis-transportas"],"share_on_mastodon":{"url":"https:\/\/pubeurope.com\/@lt\/117189861870772131","error":""},"_links":{"self":[{"href":"https:\/\/www.europesays.com\/lt\/wp-json\/wp\/v2\/posts\/265520","targetHints":{"allow":["GET"]}}],"collection":[{"href":"https:\/\/www.europesays.com\/lt\/wp-json\/wp\/v2\/posts"}],"about":[{"href":"https:\/\/www.europesays.com\/lt\/wp-json\/wp\/v2\/types\/post"}],"author":[{"embeddable":true,"href":"https:\/\/www.europesays.com\/lt\/wp-json\/wp\/v2\/users\/2"}],"replies":[{"embeddable":true,"href":"https:\/\/www.europesays.com\/lt\/wp-json\/wp\/v2\/comments?post=265520"}],"version-history":[{"count":0,"href":"https:\/\/www.europesays.com\/lt\/wp-json\/wp\/v2\/posts\/265520\/revisions"}],"wp:featuredmedia":[{"embeddable":true,"href":"https:\/\/www.europesays.com\/lt\/wp-json\/wp\/v2\/media\/265521"}],"wp:attachment":[{"href":"https:\/\/www.europesays.com\/lt\/wp-json\/wp\/v2\/media?parent=265520"}],"wp:term":[{"taxonomy":"category","embeddable":true,"href":"https:\/\/www.europesays.com\/lt\/wp-json\/wp\/v2\/categories?post=265520"},{"taxonomy":"post_tag","embeddable":true,"href":"https:\/\/www.europesays.com\/lt\/wp-json\/wp\/v2\/tags?post=265520"}],"curies":[{"name":"wp","href":"https:\/\/api.w.org\/{rel}","templated":true}]}}