{"id":26553,"date":"2025-10-27T14:03:20","date_gmt":"2025-10-27T14:03:20","guid":{"rendered":"https:\/\/www.europesays.com\/lt\/26553\/"},"modified":"2025-10-27T14:03:20","modified_gmt":"2025-10-27T14:03:20","slug":"oze-duris-atvere-dar-nematyto-koncepto-vaistine","status":"publish","type":"post","link":"https:\/\/www.europesays.com\/lt\/26553\/","title":{"rendered":"\u201eOze\u201c duris atv\u0117r\u0117 dar nematyto koncepto vaistin\u0117"},"content":{"rendered":"<p>Spalio 23 dien\u0105, ketvirtadien\u012f, viename did\u017eiausi\u0173 sostin\u0117s prekybos ir pramog\u0173 centr\u0173 \u201e<a style=\"font-weight:bold;\" href=\"https:\/\/madeinvilnius.lt\/tema\/ozas\/\" target=\"_blank\" rel=\"nofollow noopener\">Ozas<\/a>\u201c, duris atv\u0117r\u0117 naujo koncepto \u201eCamelia\u201c vaistin\u0117. Vaistin\u0117s sve\u010diams buvo rengiamos \u012fvairios pramogos, susipa\u017einti su moderniu interjeru ir preki\u0173 asortimentu rinkosi \u017einomi veidai: viza\u017eist\u0117 ir verslinink\u0117 Justina Gafaro, sveiko gyvenimo b\u016bdo tinklar\u0161tinink\u0117 Ieva Swan bei atlik\u0117ja Ingrida Martink\u0117nait\u0117, sveikinimo \u017eod\u017eius tar\u0117 vaistini\u0173 tinklo vadov\u0117 Kristina Ve\u0161tortien\u0117.<\/p>\n<p>\u201eTai \u2013 pirmoji tokio koncepto \u201eCamelia\u201c vaistin\u0117 Lietuvoje. Siek\u0117me, kad interjeras b\u016bt\u0173 funkcionalus, jaukus ir patogus didesniems srautams klient\u0173. Vaistin\u0117je taip pat galima pasteb\u0117ti naujien\u0105 \u2013 kosmetikos ir gro\u017eio konsultacijoms skirt\u0105 erdv\u0119, kuri, tikime, jog pad\u0117s klientams i\u0161 ar\u010diau susipa\u017einti su produktais, juos patogiai i\u0161bandyti\u201c, \u2013 sako vaistini\u0173 tinkl\u0105 \u201eCamelia\u201c valdan\u010dios UAB \u201eNemuno vaistin\u0117\u201c generalin\u0117 direktor\u0117 K. Ve\u0161tortien\u0117.<\/p>\n<p>Naujoji 120 kv. m. vaistin\u0117 \u012fsik\u016br\u0117 antrame prekybos ir pramog\u0173 centro auk\u0161te. Greitu metu joje prad\u0117s veikti ir i\u0161pl\u0117stini\u0173 paslaug\u0173 kabinetas, kuriame pacientai gal\u0117s pasiskiepyti nuo erkinio encefalito, pneumokokin\u0117s infekcijos ar gripo, taip pat priva\u010diau pasikonsultuoti su vaistininkais.<\/p>\n<p>Interjero sprendimuose karaliauja \u0161viesa<\/p>\n<p>I\u0161skirtin\u012f vaistin\u0117s interjer\u0105 vyst\u0117 patyrusi architekt\u0173 ir interjero dizaineri\u0173 komanda: Ingrida Lei\u0161yt\u0117-Naujalien\u0117, Viktoras Morozovas bei R\u016bta Sauli\u016bt\u0117. Anot k\u016br\u0117j\u0173, id\u0117j\u0173 generavimo ir perteikimo procesai vyko skland\u017eiai, buvo siekiama sukurti \u0161vies\u0173, modern\u0173, kvie\u010diant\u012f interjer\u0105, kuris tarsi sujungt\u0173 profesionalumo ir jaukumo \u012fsp\u016bd\u017eius.<\/p>\n<p>\u201eGelton\u0105 spalv\u0105, b\u016bding\u0105 \u201eCamelia\u201c prek\u0117s \u017eenklui, strategi\u0161kai panaudojome akcentams, kurie suteikia erdvei gyvybingumo ir optimizmo, o svarbiausia \u2013 ji prisideda prie prekinio \u017eenklo atpa\u017e\u012fstamumo. Labai svarbus vaidmuo interjere atiteko ap\u0161vietimui: lubose integruoti pro\u017eektoriai ir pasl\u0117ptas ap\u0161vietimas vir\u0161 lentyn\u0173 sukuria tolygi\u0105, \u0161viesi\u0105 ir maloni\u0105 atmosfer\u0105, leid\u017eian\u010di\u0105 lengvai rasti reikiamus produktus. \u0160viesa pabr\u0117\u017eia preki\u0173 i\u0161d\u0117stym\u0105 ir sukuria jaukios erdv\u0117s poj\u016bt\u012f. Eleganti\u0161kai akcentavome kas\u0173 zon\u0105 \u2013 j\u0105 \u012fr\u0117mina sta\u010diakamp\u0117, \u0161vie\u010dianti arka\u201c, \u2013 pasakoja k\u016br\u0117j\u0173 komanda.<\/p>\n<p>Vaistin\u0117s erdv\u0117se i\u0161d\u0117styta vizualin\u0117 informacija taip pat buvo akcentuojama per spalvas ir tinkam\u0105 ap\u0161vietim\u0105, kai kurios formos buvo suapvalintos. Kuriant baldin\u0119 vaistin\u0117s dal\u012f, ekspertai rinkosi nat\u016bralum\u0105 atspindin\u010di\u0105 med\u017eio tekst\u016br\u0105, taip suteikiant baldams i\u0161skirtin\u012f stili\u0173 ir jaukumo visai erdvei.<\/p>\n<p>Siurprizai pirk\u0117jams \u2013 ne tik atidarymo dien\u0105<\/p>\n<p>\u0160vent\u0117s lankytojai tur\u0117jo prog\u0105 nemokamai pasikonsultuoti su gro\u017eio ir kosmetikos ekspert\u0117mis, pasidaryti profesional\u0173 ir greit\u0105 makia\u017e\u0105, susipa\u017einti ir padegustuoti sveikatingumo naujienas. Ma\u017euosius vaistin\u0117s lankytojus d\u017eiugino animatorius.<\/p>\n<p>\u201eKartu su klientais norime pasid\u017eiaugti ne tik atidarymo dien\u0105, bet ir vis\u0105 m\u0117nes\u012f. Iki pat lapkri\u010dio m\u0117nesio pabaigos pacient\u0173 lauks ne tik did\u017eioji dalis min\u0117t\u0173 pramog\u0173, bet ir ypatingi pasi\u016blymai naujosios vaistin\u0117s asortimentui. \u010cia visoms vaistin\u0117s prek\u0117ms taikomos nuolaidos sieks iki 30 proc.\u201c, \u2013 priduria vaistini\u0173 tinklo vadov\u0117.<\/p>\n","protected":false},"excerpt":{"rendered":"Spalio 23 dien\u0105, ketvirtadien\u012f, viename did\u017eiausi\u0173 sostin\u0117s prekybos ir pramog\u0173 centr\u0173 \u201eOzas\u201c, duris atv\u0117r\u0117 naujo koncepto \u201eCamelia\u201c vaistin\u0117.&hellip;\n","protected":false},"author":2,"featured_media":26554,"comment_status":"","ping_status":"","sticky":false,"template":"","format":"standard","meta":{"footnotes":""},"categories":[13],"tags":[25,30,31,34,35,24,32,33,37,39,36,38,40,65,23,22,7980,28,29,26,27],"class_list":{"0":"post-26553","1":"post","2":"type-post","3":"status-publish","4":"format-standard","5":"has-post-thumbnail","7":"category-lietuva","8":"tag-antrastes","9":"tag-breaking-news","10":"tag-breakingnews","11":"tag-featured-news","12":"tag-featurednews","13":"tag-headlines","14":"tag-latest-news","15":"tag-latestnews","16":"tag-lietuva","17":"tag-lietuviu","18":"tag-lithuania","19":"tag-lithuanian","20":"tag-lt","21":"tag-naujiena","22":"tag-naujienos","23":"tag-news","24":"tag-ozas","25":"tag-populiariausios-naujienos","26":"tag-populiariausiosnaujienos","27":"tag-top-stories","28":"tag-topstories"},"share_on_mastodon":{"url":"https:\/\/pubeurope.com\/@lt\/115446507293868078","error":""},"_links":{"self":[{"href":"https:\/\/www.europesays.com\/lt\/wp-json\/wp\/v2\/posts\/26553","targetHints":{"allow":["GET"]}}],"collection":[{"href":"https:\/\/www.europesays.com\/lt\/wp-json\/wp\/v2\/posts"}],"about":[{"href":"https:\/\/www.europesays.com\/lt\/wp-json\/wp\/v2\/types\/post"}],"author":[{"embeddable":true,"href":"https:\/\/www.europesays.com\/lt\/wp-json\/wp\/v2\/users\/2"}],"replies":[{"embeddable":true,"href":"https:\/\/www.europesays.com\/lt\/wp-json\/wp\/v2\/comments?post=26553"}],"version-history":[{"count":0,"href":"https:\/\/www.europesays.com\/lt\/wp-json\/wp\/v2\/posts\/26553\/revisions"}],"wp:featuredmedia":[{"embeddable":true,"href":"https:\/\/www.europesays.com\/lt\/wp-json\/wp\/v2\/media\/26554"}],"wp:attachment":[{"href":"https:\/\/www.europesays.com\/lt\/wp-json\/wp\/v2\/media?parent=26553"}],"wp:term":[{"taxonomy":"category","embeddable":true,"href":"https:\/\/www.europesays.com\/lt\/wp-json\/wp\/v2\/categories?post=26553"},{"taxonomy":"post_tag","embeddable":true,"href":"https:\/\/www.europesays.com\/lt\/wp-json\/wp\/v2\/tags?post=26553"}],"curies":[{"name":"wp","href":"https:\/\/api.w.org\/{rel}","templated":true}]}}