{"id":265540,"date":"2026-08-31T11:43:42","date_gmt":"2026-08-31T11:43:42","guid":{"rendered":"https:\/\/www.europesays.com\/lt\/265540\/"},"modified":"2026-08-31T11:43:42","modified_gmt":"2026-08-31T11:43:42","slug":"rusijos-smugio-sandeliui-prie-kijevo-auku-skaicius-isaugo-iki-38-ieskoma-dingusiuju-respublika-lt","status":"publish","type":"post","link":"https:\/\/www.europesays.com\/lt\/265540\/","title":{"rendered":"Rusijos sm\u016bgio sand\u0117liui prie Kijevo auk\u0173 skai\u010dius i\u0161augo iki 38, ie\u0161koma dingusi\u0173j\u0173 &#8211; Respublika.lt"},"content":{"rendered":"<p><img loading=\"lazy\" decoding=\"async\" src=\"https:\/\/www.respublika.lt\/lt\/naujienos\/lietuva\/lietuvos_politika\/rusijos-smugio-sandeliui-prie-kijevo-auku-skaicius-isaugo-iki-38-ieskoma-dingusiuju\/images\/ico_camera_white.gif\" class=\"camera\" width=\"22\" height=\"15\" alt=\"nuotr.\" style=\"position:relative; top:-2px; right:2px;\"\/> 1 nuotr.<\/p>\n<p>Volodymyras Zelenskis. EPA &#8211; Eltos nuotr.<\/p>\n<p style=\"text-align: justify;\" class=\"desktop_banner\">\u00a0<\/p>\n<p style=\"text-align: left;\">\u00a0<\/p>\n<p style=\"text-align: left;\">Keturi \u017emon\u0117s teb\u0117ra ding\u0119 be \u017einios Mylos kaime, ma\u017edaug u\u017e 5 kilometr\u0173 \u012f vakarus nuo Kyjivo. T\u0119siami atakos padarini\u0173 likvidavimo ir auk\u0173 paie\u0161kos darbai, socialiniuose tinkluose teig\u0117 V. Zelenskis.<\/p>\n<p style=\"text-align: left;\">Kanale \u201eTelegram\u201c jis nurod\u0117, kad su\u017eeista 20 \u017emoni\u0173, tarp j\u0173 \u2013 du vaikai. \u0160e\u0161tadien\u012f vald\u017eios institucijos prane\u0161\u0117, kad \u017euvo 37 gyventojai ir per 40 buvo su\u017eeista.<\/p>\n<p style=\"text-align: left;\">\u201eGelb\u0117tojams pavyko u\u017egesinti did\u017ei\u0105j\u0105 dal\u012f gaisr\u0173\u201c, \u2013 sak\u0117 Zelenskis.<\/p>\n<p style=\"text-align: left;\">Pasak jo, \u0161iuo metu sprogmen\u0173 ekspertai siekia surasti dideliame plote i\u0161sibars\u010diusius \u0161audmenis.<\/p>\n<p style=\"text-align: left;\">Rusija penktadienio vakar\u0105 sureng\u0117 atak\u0105 prie\u0161 sand\u0117l\u012f, kuriame buvo laikomi sviediniai ir minos. Po atakos kil\u0119 sprogimai nuniokojo netoliese esan\u010dius pastatus, \u012fskaitant seneli\u0173 namus, kuriuose \u017euvo dauguma auk\u0173.<\/p>\n<p style=\"text-align: left;\">Paai\u0161k\u0117jo, kad sand\u0117lis buvo \u012frengtas gyvenamajame rajone, pa\u017eeid\u017eiant Ukrainos teis\u0117s aktus.<\/p>\n<p style=\"text-align: left;\">Rusijos gynybos ministerija tvirtino, kad sand\u0117lyje buvo laikomos dron\u0173 dalys.<\/p>\n<p style=\"text-align: left;\">\u201eRei\u0161kiu u\u017euojaut\u0105 \u017euvusi\u0173j\u0173 \u0161eimoms ir artimiesiems\u201c, \u2013 sak\u0117 V. Zelenskis. Anks\u010diau jis parei\u0161k\u0117, kad sieks patraukti atsakomyb\u0117n u\u017e aplaidum\u0105 atsakingus asmenis.<\/p>\n<p style=\"text-align: left;\">V. Zelenskis paragino u\u017etikrinti geresn\u0119 apsaug\u0105 nuo Rusijos atak\u0173. Pasak jo, per pastar\u0105j\u0105 savait\u0119 Maskva prie\u0161 Ukrain\u0105 paleido beveik 2 000 puolam\u0173j\u0173 dron\u0173, daugiau nei 1 600 bomb\u0173 ir 31 \u012fvairi\u0173 tip\u0173 raket\u0105, \u012fskaitant \u0160iaur\u0117s Kor\u0117jos balistines raketas.<\/p>\n<p style=\"text-align: left;\">Jo teigimu, prie fronto linijos ir pasienio regionuose gyvenan\u010dios bendruomen\u0117s nuolat patiria atakas.<\/p>\n<p style=\"text-align: left;\">Rusijos kariuomen\u0117 sekmadien\u012f prane\u0161\u0117, kad ruo\u0161iasi didelio masto sm\u016bgiams prie\u0161 Ukrainos energetikos infrastrukt\u016br\u0105 \u2013 atsakui, jos teigimu, \u012f Kijevo atakas prie\u0161 naftos perdirbimo gamyklas, degal\u0173 sand\u0117lius ir civilinius taikinius.<\/p>\n<p style=\"text-align: left;\">V. Zelenskis anks\u010diau buvo paskelb\u0119s planus padidinti Ukrainos dron\u0173 atakas prie\u0161 Rusij\u0105 iki 1 000 dron\u0173 per dien\u0105, palyginti su vidutini\u0161kai apie 300.<\/p>\n","protected":false},"excerpt":{"rendered":"1 nuotr. Volodymyras Zelenskis. EPA &#8211; Eltos nuotr. \u00a0 \u00a0 Keturi \u017emon\u0117s teb\u0117ra ding\u0119 be \u017einios Mylos kaime,&hellip;\n","protected":false},"author":2,"featured_media":265541,"comment_status":"","ping_status":"","sticky":false,"template":"","format":"standard","meta":{"footnotes":"","_share_on_mastodon":"0"},"categories":[6],"tags":[25,4443,2780,30,31,38537,34,35,24,815,10693,32,33,37,39,36,38,40,23,22,28,29,119,38438,26,27,360,363],"class_list":["post-265540","post","type-post","status-publish","format-standard","has-post-thumbnail","category-antrastes","tag-antrastes","tag-ataka","tag-aukos","tag-breaking-news","tag-breakingnews","tag-dingusieji","tag-featured-news","tag-featurednews","tag-headlines","tag-karas","tag-kyjivas","tag-latest-news","tag-latestnews","tag-lietuva","tag-lietuviu","tag-lithuania","tag-lithuanian","tag-lt","tag-naujienos","tag-news","tag-populiariausios-naujienos","tag-populiariausiosnaujienos","tag-rusija","tag-sandelis","tag-top-stories","tag-topstories","tag-ukraina","tag-zelenskis"],"share_on_mastodon":{"url":"https:\/\/pubeurope.com\/@lt\/117189948875547270","error":""},"_links":{"self":[{"href":"https:\/\/www.europesays.com\/lt\/wp-json\/wp\/v2\/posts\/265540","targetHints":{"allow":["GET"]}}],"collection":[{"href":"https:\/\/www.europesays.com\/lt\/wp-json\/wp\/v2\/posts"}],"about":[{"href":"https:\/\/www.europesays.com\/lt\/wp-json\/wp\/v2\/types\/post"}],"author":[{"embeddable":true,"href":"https:\/\/www.europesays.com\/lt\/wp-json\/wp\/v2\/users\/2"}],"replies":[{"embeddable":true,"href":"https:\/\/www.europesays.com\/lt\/wp-json\/wp\/v2\/comments?post=265540"}],"version-history":[{"count":0,"href":"https:\/\/www.europesays.com\/lt\/wp-json\/wp\/v2\/posts\/265540\/revisions"}],"wp:featuredmedia":[{"embeddable":true,"href":"https:\/\/www.europesays.com\/lt\/wp-json\/wp\/v2\/media\/265541"}],"wp:attachment":[{"href":"https:\/\/www.europesays.com\/lt\/wp-json\/wp\/v2\/media?parent=265540"}],"wp:term":[{"taxonomy":"category","embeddable":true,"href":"https:\/\/www.europesays.com\/lt\/wp-json\/wp\/v2\/categories?post=265540"},{"taxonomy":"post_tag","embeddable":true,"href":"https:\/\/www.europesays.com\/lt\/wp-json\/wp\/v2\/tags?post=265540"}],"curies":[{"name":"wp","href":"https:\/\/api.w.org\/{rel}","templated":true}]}}