{"id":265582,"date":"2026-08-31T12:36:43","date_gmt":"2026-08-31T12:36:43","guid":{"rendered":"https:\/\/www.europesays.com\/lt\/265582\/"},"modified":"2026-08-31T12:36:43","modified_gmt":"2026-08-31T12:36:43","slug":"kremlius-pakomentavo-galima-trumpo-zelenskio-ir-putino-susitikima","status":"publish","type":"post","link":"https:\/\/www.europesays.com\/lt\/265582\/","title":{"rendered":"Kremlius pakomentavo galim\u0105 Trumpo, Zelenskio ir Putino susitikim\u0105"},"content":{"rendered":"<p>D. Peskovas teig\u0117, kad auk\u0161\u010diausiojo lygio susitikimas, kuriame dalyvaut\u0173 D. Trumpas, V. Zelenskis ir V. Putinas si\u016blomas \u201ejau gana ilg\u0105 laik\u0105\u201c. Toks susitikimas b\u016bt\u0173 \u201e\u012fmanomas tik siekiant \u012fforminti susitarimus\u201c, prid\u016br\u0117 Kremliaus atstovas, tur\u0117damas omenyje V. Putino pozicij\u0105 \u0161iuo klausimu.<\/p>\n<p>\u201eSusitarimai jokiu b\u016bdu n\u0117ra primityvus sandoris\u201c, \u2013 sak\u0117 D. Peskovas.<\/p>\n<p>Pasak Kremliaus atstovo, susitarimo procesas yra sud\u0117tingas, o prezident\u0173 susitikimas \u0161iam procesui aptarti b\u016bt\u0173 visi\u0161kai beprasmis.<\/p>\n<p>\u201eJie gali susitikti tik tam, kad u\u017ebaigt\u0173 susitarimus\u201c, \u2013 teig\u0117 D. Peskovas. Jis sak\u0117, , kad Kyjivas neva nenori \u012fsitraukti \u012f tikr\u0105 susitarim\u0105.<\/p>\n<p>Jis taip pat teig\u0117, kad Maskva neva atvira deryboms d\u0117l Ukrainos Turkijoje, ir prid\u016br\u0117, kad \u0161iuo metu \u201en\u0117ra joki\u0173 i\u0161ankstini\u0173 s\u0105lyg\u0173 joms atnaujinti\u201c.<\/p>\n<p>Anks\u010diau leidinys \u201eAxios\u201c, remdamasis savo \u0161altiniais, paskelb\u0117, kad Centrin\u0117s \u017evalgybos agent\u016bros (C\u017dA) direktorius Johnas Ratcliffe&#8217;as per nepaskelbt\u0105 vizit\u0105 Maskvoje pra\u0117jusi\u0105 savait\u0119 si\u016bl\u0117 JAV, Ukrainos ir Rusijos prezidentams susitikti ir u\u017ebaigti kar\u0105.<\/p>\n","protected":false},"excerpt":{"rendered":"D. Peskovas teig\u0117, kad auk\u0161\u010diausiojo lygio susitikimas, kuriame dalyvaut\u0173 D. Trumpas, V. Zelenskis ir V. Putinas si\u016blomas \u201ejau&hellip;\n","protected":false},"author":2,"featured_media":265583,"comment_status":"","ping_status":"","sticky":false,"template":"","format":"standard","meta":{"footnotes":"","_share_on_mastodon":"0"},"categories":[15],"tags":[25,30,31,34,35,24,32,33,37,39,36,38,40,23,22,44,28,29,26,27,74,75,76],"class_list":["post-265582","post","type-post","status-publish","format-standard","has-post-thumbnail","category-pasaulis","tag-antrastes","tag-breaking-news","tag-breakingnews","tag-featured-news","tag-featurednews","tag-headlines","tag-latest-news","tag-latestnews","tag-lietuva","tag-lietuviu","tag-lithuania","tag-lithuanian","tag-lt","tag-naujienos","tag-news","tag-pasaulis","tag-populiariausios-naujienos","tag-populiariausiosnaujienos","tag-top-stories","tag-topstories","tag-world","tag-world-news","tag-worldnews"],"share_on_mastodon":{"url":"https:\/\/pubeurope.com\/@lt\/117190156790519241","error":""},"_links":{"self":[{"href":"https:\/\/www.europesays.com\/lt\/wp-json\/wp\/v2\/posts\/265582","targetHints":{"allow":["GET"]}}],"collection":[{"href":"https:\/\/www.europesays.com\/lt\/wp-json\/wp\/v2\/posts"}],"about":[{"href":"https:\/\/www.europesays.com\/lt\/wp-json\/wp\/v2\/types\/post"}],"author":[{"embeddable":true,"href":"https:\/\/www.europesays.com\/lt\/wp-json\/wp\/v2\/users\/2"}],"replies":[{"embeddable":true,"href":"https:\/\/www.europesays.com\/lt\/wp-json\/wp\/v2\/comments?post=265582"}],"version-history":[{"count":0,"href":"https:\/\/www.europesays.com\/lt\/wp-json\/wp\/v2\/posts\/265582\/revisions"}],"wp:featuredmedia":[{"embeddable":true,"href":"https:\/\/www.europesays.com\/lt\/wp-json\/wp\/v2\/media\/265583"}],"wp:attachment":[{"href":"https:\/\/www.europesays.com\/lt\/wp-json\/wp\/v2\/media?parent=265582"}],"wp:term":[{"taxonomy":"category","embeddable":true,"href":"https:\/\/www.europesays.com\/lt\/wp-json\/wp\/v2\/categories?post=265582"},{"taxonomy":"post_tag","embeddable":true,"href":"https:\/\/www.europesays.com\/lt\/wp-json\/wp\/v2\/tags?post=265582"}],"curies":[{"name":"wp","href":"https:\/\/api.w.org\/{rel}","templated":true}]}}