{"id":265646,"date":"2026-08-31T14:15:40","date_gmt":"2026-08-31T14:15:40","guid":{"rendered":"https:\/\/www.europesays.com\/lt\/265646\/"},"modified":"2026-08-31T14:15:40","modified_gmt":"2026-08-31T14:15:40","slug":"vilniuje-prie-dronu-gamintojos-gresmingas-radinys-policija-sulaike-itariamaji","status":"publish","type":"post","link":"https:\/\/www.europesays.com\/lt\/265646\/","title":{"rendered":"Vilniuje prie dron\u0173 gamintojos \u2013 gr\u0117smingas radinys: policija sulaik\u0117 \u012ftariam\u0105j\u012f"},"content":{"rendered":"<p class=\"wp-block-paragraph\">Gr\u0117smingi radiniai Lietuvoje ir \u010cekijoje. Prie karin\u0117s \u012frangos \u012fmoni\u0173 \u2013 laidotuvi\u0173 vainikai j\u0173 vadovams. Neabejojama, kad tai Rusijos speciali\u0173j\u0173 tarnyb\u0173 darbas.\u00a0<\/p>\n<p class=\"wp-block-paragraph\">Socialiniuose tinkluose plinta Vilniuje filmuoti vaizdai, kuriuose matyti prie dronus gaminan\u010dios \u012fmon\u0117s \u201eRSI Europe\u201c pastato pad\u0117ti keli laidotuvi\u0173 vainikai.\u00a0\u0160alia j\u0173 \u2013 ir juoda juostele perri\u0161ta \u012fmon\u0117s vadovo Tomo Mila\u0161ausko nuotrauka. Jis pats sveikas ir gyvas.<\/p>\n<p class=\"wp-block-paragraph\">\u201eNei\u0161sigandome. Tai yra \u012fprastiniai bauginimai, provokacijos, \u012fprastiniai rus\u0173 veikimo metodai. M\u016bs\u0173 reakcija yra visi\u0161kai normali \u2013 dirbame toliau, nereaguojame, nesibla\u0161kome, nes j\u0173 tikslas ir yra i\u0161bla\u0161kyti ir nukreipti d\u0117mes\u012f ten, kur jo nereik\u0117t\u0173 kreipti\u201c, \u2013 telefonu LNK \u017dinioms komentavo \u201eRSI Europe\u201c vadovas Tomas Mila\u0161auskas.<\/p>\n<p>Skaitykite taip pat<a class=\"miv-ax-rel-link\" href=\"https:\/\/madeinvilnius.lt\/naujienos\/miestas\/stai-kaip-vilniuje-apgyvendinti-darbuotojai-is-filipinu-profsajunga-salygas-vadina-siurpiomis\/\" rel=\"nofollow noopener\" target=\"_blank\">\u0160tai kaip Vilniuje apgyvendinti darbuotojai i\u0161 Filipin\u0173: profs\u0105junga s\u0105lygas vadina \u0161iurpiomis<\/a><a class=\"miv-ax-rel-link\" href=\"https:\/\/madeinvilnius.lt\/transportas\/rail-baltica-atsilieka-4-metus\/\" rel=\"nofollow noopener\" target=\"_blank\">\u201eRail Baltica\u201c atsilieka 4 metus<\/a><\/p>\n<p class=\"wp-block-paragraph\">Konkre\u010diai tokia provokacija prie\u0161 \u012fmon\u0119 surengta pirm\u0105 kart\u0105, ta\u010diau vadovas neslepia, kad \u012fmonei bandoma kenkti jau ne vienerius metus, vykdomos ir kibernetin\u0117s atakos. Apie galimus i\u0161puolius karin\u0119 \u012frang\u0105 gaminan\u010dias \u012fmones vald\u017eia \u012fsp\u0117jo jau anks\u010diau.<\/p>\n<p class=\"wp-block-paragraph\">\u201eManau, b\u016btent ta steb\u0117sena ir tos priemon\u0117s, kurios buvo \u012fdiegtos po m\u016bs\u0173 diskusij\u0173, ir l\u0117m\u0117 tai, kad pavyko sulaikyti tuos \u017emones, kurie tai vykd\u0117. Tai yra geras rezultatas ir to bendradarbiavimo pasekm\u0117\u201c, \u2013 teig\u0117 Nacionalinio krizi\u0173 valdymo centro vadovas Vilmantas Vitkauskas.<\/p>\n<p class=\"wp-block-paragraph\">Operatyviai reagavusi <a style=\"font-weight:bold;\" href=\"https:\/\/madeinvilnius.lt\/tema\/policija\/\" target=\"_blank\" rel=\"nofollow noopener\">policija<\/a> sulaik\u0117 vien\u0105 \u012ftariam\u0105j\u012f. Prad\u0117tas ikiteisminis tyrimas. LNK \u0161altini\u0173 duomenimis, vyras \u2013 ukrainietis, o j\u012f vainikus atne\u0161ti neva pasamd\u0117 baltarusis.<\/p>\n<p class=\"wp-block-paragraph\">Beveik tuo pa\u010diu metu vainikai su nuotraukomis pad\u0117ti ir \u010cekijoje, prie \u012fmon\u0117s CSG biuro. Ten \u0161alia vainik\u0173 \u2013 vieno i\u0161 vadov\u0173 Davido Chouro nuotrauka. \u201eRSI Europe\u201c tiekia Ukrainai pirmojo asmens vaizdo dronus ir nuotolinio sprogdinimo sistemas, o CSG gamina \u0161audmenis ir karin\u0119 \u012frang\u0105. Policija tiria, ar \u012fvykiai susij\u0119.<\/p>\n<p class=\"wp-block-paragraph\">\u201eA\u0161 manau, kad toki\u0173 atvej\u0173 gali daug\u0117ti ir daug\u0117ja. \u010cia prakti\u0161kai tik prad\u017eia. Tie persp\u0117jimai yra gana rimti ir, manau, turime b\u016bti labai budr\u016bs, nors \u0161iuo metu m\u016bs\u0173 infrastrukt\u016bros objekt\u0173 apsauga yra sustiprinta\u201c, \u2013 kalb\u0117jo U\u017esienio reikal\u0173 komiteto pirmininkas Remigijus Motuzas.<\/p>\n<p class=\"wp-block-paragraph\">Nufilmuoti vainikai jau pirmosiomis valandomis prad\u0117ti platinti socialiniuose tinkluose ir \u201eTelegram\u201c kanaluose. Taip \u012fprastai veikia Rusijos tarnybos.<\/p>\n<p class=\"wp-block-paragraph\">\u0160alia platinamos med\u017eiagos kartojami teiginiai apie neva <a style=\"font-weight:bold;\" href=\"https:\/\/madeinvilnius.lt\/tema\/nato\/\" target=\"_blank\" rel=\"nofollow noopener\">NATO<\/a> Ukrainos rankomis vykdom\u0105 kar\u0105 prie\u0161 Rusij\u0105, o Ukrain\u0105 remian\u010dios Europos \u012fmon\u0117s kaltinamos pelnymusi i\u0161 karo.<\/p>\n<p class=\"wp-block-paragraph\">\u201eBe abejo, visos \u012fmon\u0117s, kurios padeda Ukrainai, kuri\u0173 produkcija keliauja \u012f Ukrain\u0105, yra Rusijos speciali\u0173j\u0173 tarnyb\u0173 taikinys. \u0160iuo atveju kol kas pasirinktas toks bauginimo, persp\u0117jimo kelias\u201c, \u2013 pa\u017eym\u0117jo buv\u0119s kra\u0161to apsaugos ministras Laurynas Kas\u010di\u016bnas.<\/p>\n<p class=\"wp-block-paragraph\">Pastaruoju metu incident\u0173 Europoje netr\u016bksta, pavyzd\u017eiui, netoli Vokietijos oro uosto sprogo dronas, Estijoje nugriaud\u0117jo sprogimas ginkluot\u0117s gamykloje.<\/p>\n<p class=\"wp-block-paragraph\">\u201eTie bandymai, apie kuriuos gird\u0117jote Slovakijoje, sukelti gaisr\u0105 \u012fmon\u0117je, kuri gamina dronus, taip pat ir Estijoje \u0161i\u0105 savait\u0119 buvo incidentas. Tokia aplinka m\u016bs\u0173 regione tikrai n\u0117ra rami. Turb\u016bt visi suprantame, kas u\u017e to stovi \u2013 tai Rusijos veiksmai destabilizuoti pad\u0117t\u012f ir kelti panik\u0105\u201c, \u2013 ai\u0161kino V. Vitkauskas.<\/p>\n<p class=\"wp-block-paragraph\">Prie\u0161 dvejus metus dar b\u016bdamas nepilnametis Ukrainos pilietis IKEA parduotuv\u0117je Vilniuje paliko sprogmen\u012f su laikma\u010diu. Nakt\u012f aktyvuotas sprogmuo suk\u0117l\u0117 didel\u012f gaisr\u0105.<\/p>\n<p class=\"wp-block-paragraph\">Nors t\u0105kart paspruko, netrukus buvo su\u010diuptas autobuse pakeliui \u012f Latvij\u0105. Pana\u0161\u0173 nusikaltim\u0105 planavo \u012fvykdyti ir Rygoje.<\/p>\n<p class=\"wp-block-paragraph\">Vaikinas dirbo Rusijos specialiosioms tarnyboms, kurios j\u012f apmok\u0117 rengti diversijas.<\/p>\n<p class=\"wp-block-paragraph\">\u201eTur\u0117jome atvej\u012f \u0160iauliuose, kai buvo pasamdyti Piet\u0173 Amerikos gyventojai, irgi labai pana\u0161iu b\u016bdu \u2013 per socialinius tinklus. Bet ten jau buvo dar rimtesnis atvejis, nes buvo bandymas sprogdinti \u012fmon\u0117s objekt\u0105, teritorij\u0105, pastatus\u201c, \u2013 primin\u0117 L. Kas\u010di\u016bnas.<\/p>\n<p class=\"wp-block-paragraph\">Taip pat Lietuvoje i\u0161ai\u0161kinta tarptautin\u0117 padegam\u0173j\u0173 siunt\u0173 operacija, kai i\u0161 Vilniaus per DHL ir DPD sistemas \u012f kitas Europos valstybes buvo i\u0161si\u0173sti savadarbiai padegamieji u\u017etaisai.<\/p>\n<p class=\"wp-block-paragraph\">\u201e\u010cia yra provokacija ne tik, sakykime, d\u0117l karo <a style=\"font-weight:bold;\" href=\"https:\/\/madeinvilnius.lt\/tema\/ukraina\/\" target=\"_blank\" rel=\"nofollow noopener\">Ukrainoje<\/a>, bet taip pat bandoma s\u0117ti nepasitik\u0117jim\u0105 vald\u017eia, susilpninti j\u0105, parodyti, kad Lietuvos valstyb\u0117 yra per silpna. \u010cia yra platus, ai\u0161kus \u012fvairi\u0173 provokacij\u0173 spektras\u201c, \u2013 pabr\u0117\u017e\u0117 R. Motuzas.<\/p>\n<p class=\"wp-block-paragraph\">Atid\u016bs tur\u0117t\u0173 b\u016bti ir nepilname\u010di\u0173 t\u0117vai. Prie\u0161i\u0161k\u0173 valstybi\u0173 veik\u0117jai socialiniuose tinkluose ir susira\u0161in\u0117jimo platformose gali si\u016blyti lengvai u\u017esidirbti fotografuojant objektus, pie\u0161iant grafi\u010dius, perduodant ar paliekant siuntas su sprogmenimis.<\/p>\n<blockquote class=\"tiktok-embed\" cite=\"https:\/\/www.tiktok.com\/@slawa.tv\/video\/7679121372064271648\" data-video-id=\"7679121372064271648\" style=\"max-width: 605px;min-width: 325px\"><p> <a target=\"_blank\" title=\"@slawa.tv\" href=\"https:\/\/www.tiktok.com\/@slawa.tv?refer=embed\" rel=\"nofollow noopener\">@slawa.tv<\/a><\/p>\n<p>\ud83e\udd28 \u0423 \u041b\u0438\u0442\u0432\u0456 \u0442\u0430 \u0427\u0435\u0445\u0456\u0457 \u043d\u0435\u0432\u0456\u0434\u043e\u043c\u0456 \u0437\u0430\u043b\u0438\u0448\u0438\u043b\u0438 \u0431\u0456\u043b\u044f \u043e\u0444\u0456\u0441\u0456\u0432 \u043e\u0431\u043e\u0440\u043e\u043d\u043d\u0438\u0445 \u043a\u043e\u043c\u043f\u0430\u043d\u0456\u0439 RSI Europe \u0442\u0430 CSG \u0436\u0430\u043b\u043e\u0431\u043d\u0456 \u0432\u0456\u043d\u043a\u0438 \u0437 \u0444\u043e\u0442\u043e\u0433\u0440\u0430\u0444\u0456\u044f\u043c\u0438 \u0457\u0445\u043d\u0456\u0445 \u043a\u0435\u0440\u0456\u0432\u043d\u0438\u043a\u0456\u0432 \u0422\u043e\u043c\u0430\u0441\u0430 \u041c\u0456\u043b\u0430\u0441\u0430\u0443\u0441\u043a\u0430\u0441\u0430 \u0442\u0430 \u0414\u0435\u0432\u0456\u0434\u0430 \u0427\u0443\u0440\u0430. \u041e\u0431\u0438\u0434\u0432\u0430 \u0447\u043e\u043b\u043e\u0432\u0456\u043a\u0438 \u0436\u0438\u0432\u0456 \u0442\u0430, \u0437\u0430 \u043f\u043e\u0432\u0456\u0434\u043e\u043c\u043b\u0435\u043d\u043d\u044f\u043c\u0438, \u043f\u043e\u0447\u0443\u0432\u0430\u044e\u0442\u044c\u0441\u044f \u0434\u043e\u0431\u0440\u0435. RSI Europe \u043f\u043e\u0441\u0442\u0430\u0447\u0430\u0454 \u0423\u043a\u0440\u0430\u0457\u043d\u0456 FPV-\u0434\u0440\u043e\u043d\u0438 \u0439 \u0441\u0438\u0441\u0442\u0435\u043c\u0438 \u0434\u0438\u0441\u0442\u0430\u043d\u0446\u0456\u0439\u043d\u043e\u0433\u043e \u043f\u0456\u0434\u0440\u0438\u0432\u0443, \u0430 CSG \u0437\u0430\u0439\u043c\u0430\u0454\u0442\u044c\u0441\u044f \u0432\u0438\u0440\u043e\u0431\u043d\u0438\u0446\u0442\u0432\u043e\u043c \u0431\u043e\u0454\u043f\u0440\u0438\u043f\u0430\u0441\u0456\u0432 \u0442\u0430 \u0432\u0456\u0439\u0441\u044c\u043a\u043e\u0432\u043e\u0433\u043e \u043e\u0431\u043b\u0430\u0434\u043d\u0430\u043d\u043d\u044f. \u0425\u0442\u043e \u0441\u0442\u043e\u0457\u0442\u044c \u0437\u0430 \u043f\u043e\u044f\u0432\u043e\u044e \u0432\u0456\u043d\u043a\u0456\u0432 \u0456 \u0437 \u044f\u043a\u043e\u044e \u043c\u0435\u0442\u043e\u044e \u0457\u0445 \u0437\u0430\u043b\u0438\u0448\u0438\u043b\u0438, \u043d\u0430\u0440\u0430\u0437\u0456 \u043d\u0435\u0432\u0456\u0434\u043e\u043c\u043e. \u041e\u0444\u0456\u0446\u0456\u0439\u043d\u0438\u0445 \u043a\u043e\u043c\u0435\u043d\u0442\u0430\u0440\u0456\u0432 \u0449\u043e\u0434\u043e \u0456\u043d\u0446\u0438\u0434\u0435\u043d\u0442\u0443 \u043f\u043e\u043a\u0438 \u043d\u0435 \u0431\u0443\u043b\u043e.<\/p>\n<p> <a target=\"_blank\" title=\"\u266c \u043e\u0440\u0438\u0433\u0456\u043d\u0430\u043b\u044c\u043d\u0438\u0439 \u0430\u0443\u0434\u0456\u043e\u0437\u0430\u043f\u0438\u0441 - slawa.tv\" href=\"https:\/\/www.tiktok.com\/music\/%D0%BE%D1%80%D0%B8%D0%B3%D1%96%D0%BD%D0%B0%D0%BB%D1%8C%D0%BD%D0%B8%D0%B9-%D0%B0%D1%83%D0%B4%D1%96%D0%BE%D0%B7%D0%B0%D0%BF%D0%B8%D1%81-7679121393430154017?refer=embed\" rel=\"nofollow noopener\">\u266c \u043e\u0440\u0438\u0433\u0456\u043d\u0430\u043b\u044c\u043d\u0438\u0439 \u0430\u0443\u0434\u0456\u043e\u0437\u0430\u043f\u0438\u0441 \u2013 slawa.tv<\/a><\/p><\/blockquote>\n<p><script async src=\"\/\/www.tiktok.com\/embed.js\"><\/script><\/p>\n","protected":false},"excerpt":{"rendered":"Gr\u0117smingi radiniai Lietuvoje ir \u010cekijoje. Prie karin\u0117s \u012frangos \u012fmoni\u0173 \u2013 laidotuvi\u0173 vainikai j\u0173 vadovams. Neabejojama, kad tai Rusijos&hellip;\n","protected":false},"author":2,"featured_media":265647,"comment_status":"","ping_status":"","sticky":false,"template":"","format":"standard","meta":{"footnotes":"","_share_on_mastodon":"0"},"categories":[13],"tags":[25,30,31,267,34,35,24,32,33,37,39,36,38,40,65,23,22,28,29,26,27],"class_list":["post-265646","post","type-post","status-publish","format-standard","has-post-thumbnail","category-lietuva","tag-antrastes","tag-breaking-news","tag-breakingnews","tag-dronai","tag-featured-news","tag-featurednews","tag-headlines","tag-latest-news","tag-latestnews","tag-lietuva","tag-lietuviu","tag-lithuania","tag-lithuanian","tag-lt","tag-naujiena","tag-naujienos","tag-news","tag-populiariausios-naujienos","tag-populiariausiosnaujienos","tag-top-stories","tag-topstories"],"share_on_mastodon":{"url":"https:\/\/pubeurope.com\/@lt\/117190546057565898","error":""},"_links":{"self":[{"href":"https:\/\/www.europesays.com\/lt\/wp-json\/wp\/v2\/posts\/265646","targetHints":{"allow":["GET"]}}],"collection":[{"href":"https:\/\/www.europesays.com\/lt\/wp-json\/wp\/v2\/posts"}],"about":[{"href":"https:\/\/www.europesays.com\/lt\/wp-json\/wp\/v2\/types\/post"}],"author":[{"embeddable":true,"href":"https:\/\/www.europesays.com\/lt\/wp-json\/wp\/v2\/users\/2"}],"replies":[{"embeddable":true,"href":"https:\/\/www.europesays.com\/lt\/wp-json\/wp\/v2\/comments?post=265646"}],"version-history":[{"count":0,"href":"https:\/\/www.europesays.com\/lt\/wp-json\/wp\/v2\/posts\/265646\/revisions"}],"wp:featuredmedia":[{"embeddable":true,"href":"https:\/\/www.europesays.com\/lt\/wp-json\/wp\/v2\/media\/265647"}],"wp:attachment":[{"href":"https:\/\/www.europesays.com\/lt\/wp-json\/wp\/v2\/media?parent=265646"}],"wp:term":[{"taxonomy":"category","embeddable":true,"href":"https:\/\/www.europesays.com\/lt\/wp-json\/wp\/v2\/categories?post=265646"},{"taxonomy":"post_tag","embeddable":true,"href":"https:\/\/www.europesays.com\/lt\/wp-json\/wp\/v2\/tags?post=265646"}],"curies":[{"name":"wp","href":"https:\/\/api.w.org\/{rel}","templated":true}]}}